{"id":546,"date":"2024-03-19T17:14:35","date_gmt":"2024-03-19T20:14:35","guid":{"rendered":"http:\/\/blog.cancaonova.com\/cuiaba\/?p=546"},"modified":"2024-04-01T16:33:57","modified_gmt":"2024-04-01T19:33:57","slug":"7semanas","status":"publish","type":"post","link":"https:\/\/blog.cancaonova.com\/cuiaba\/2024\/03\/19\/7semanas\/","title":{"rendered":"7 semanas de ora\u00e7\u00e3o pelas fam\u00edlias"},"content":{"rendered":"<p><em>Nada \u00e9 imposs\u00edvel pra Deus!<\/em><\/p>\n<p><span style=\"font-weight: 400\">As 7 semanas de ora\u00e7\u00e3o pelas fam\u00edlias \u00e9 uma inspira\u00e7\u00e3o de Deus para voc\u00ea, juntamente com as pessoas que ama, fortalecer ainda mais a sua f\u00e9 diante do Deus do imposs\u00edvel.\u00a0<\/span><\/p>\n<p><span style=\"font-weight: 400\">A cada segunda-feira haver\u00e1 uma motiva\u00e7\u00e3o, a partir da liturgia do dia, para sua ora\u00e7\u00e3o por voc\u00ea e seus familiares.<\/span><\/p>\n<p><img loading=\"lazy\" decoding=\"async\" class=\"aligncenter size-full wp-image-691\" src=\"https:\/\/blog.cancaonova.com\/cuiaba\/files\/2024\/03\/7-semanas-oracao-pelas-familias.jpg\" alt=\"\" width=\"900\" height=\"1600\" srcset=\"https:\/\/blog.cancaonova.com\/cuiaba\/files\/2024\/03\/7-semanas-oracao-pelas-familias.jpg 900w, https:\/\/blog.cancaonova.com\/cuiaba\/files\/2024\/03\/7-semanas-oracao-pelas-familias-169x300.jpg 169w, https:\/\/blog.cancaonova.com\/cuiaba\/files\/2024\/03\/7-semanas-oracao-pelas-familias-768x1365.jpg 768w\" sizes=\"(max-width: 900px) 100vw, 900px\" \/><\/p>\n<p><span style=\"font-weight: 400\">A primeira noite ser\u00e1 <\/span><b>dia 8 de abril e a programa\u00e7\u00e3o a cada segunda-feira \u00e9 a seguinte:\u00a0<\/b><\/p>\n<p><span style=\"font-weight: 400\">18:00 &#8211; ter\u00e7o mariano<\/span><\/p>\n<p><span style=\"font-weight: 400\">19:00 &#8211; ora\u00e7\u00e3o carism\u00e1tica<\/span><\/p>\n<p><span style=\"font-weight: 400\">19:30 &#8211; in\u00edcio da Missa<\/span><\/p>\n<p><span style=\"font-weight: 400\">21:00 &#8211; adora\u00e7\u00e3o ao Sant\u00edssimo<\/span><\/p>\n<p><span style=\"font-weight: 400\">21:30 &#8211; encerramento<\/span><\/p>\n<p><span style=\"font-weight: 400\">Al\u00e9m do celebrante de cada Missa, a cada segunda-feira tamb\u00e9m um casal de mission\u00e1rios da Can\u00e7\u00e3o Nova rezar\u00e1 por suas inten\u00e7\u00f5es.<\/span><\/p>\n<p><span style=\"font-weight: 400\">Temas como: situa\u00e7\u00f5es travadas ou imposs\u00edveis de resolver, projetos familiares, familiares afastados de Jesus, esfriamento na f\u00e9, vida financeira,\u00a0<\/span><span style=\"font-weight: 400\">medos e inseguran\u00e7as ser\u00e3o abordados nas noites de ora\u00e7\u00e3o.<\/span><\/p>\n<p>8 de abril<br \/>\nTema da noite: <strong>Situa\u00e7\u00f5es travadas ou imposs\u00edveis de resolver<\/strong><br \/>\n<em>\u201cO Esp\u00edrito vir\u00e1 sobre ti, e o poder do Alt\u00edssimo te cobrir\u00e1 com sua sombra\u201d Lc 1,35<\/em><br \/>\nMission\u00e1rios que conduzir\u00e3o a adora\u00e7\u00e3o: Neuza Souza e F\u00e9lix + M\u00e1rcio Todeschini<br \/>\ncelebrante: padre Elenildo Pereira [anivers\u00e1rio]<\/p>\n<p>15 de abril<br \/>\nTema da noite: <strong>Projetos familiares<\/strong><br \/>\n<em>&#8220;Esfor\u00e7ai-vos pelo alimento que permanece at\u00e9 a vida eterna&#8221;\u00a0<\/em><em>Jo\u00e3o 6,27<\/em><br \/>\nMission\u00e1rios que conduzir\u00e3o a adora\u00e7\u00e3o: <em>Menandro Manoel e Simone Laranjeira<\/em><br \/>\ncelebrante: padre Joaquim Jos\u00e9<\/p>\n<p>22 de abril<br \/>\nTema da noite: <strong>Familiares afastados de Jesus<\/strong><br \/>\n<em>\u201cV\u00f3s sereis batizados no Esp\u00edrito Santo\u201d Atos 11,16<\/em><br \/>\nMission\u00e1rios que conduzir\u00e3o a adora\u00e7\u00e3o: <strong>Joelcyo Santana e Ana Cristina<\/strong><br \/>\ncelebrante: padre Elenildo Pereira<\/p>\n<p>29 de abril<br \/>\nTema da noite: <strong>Esfriamento na f\u00e9<\/strong><br \/>\n<em>\u201cSe algu\u00e9m me ama, guardar\u00e1 a minha palavra\u201d Jo\u00e3o 14,23<\/em><br \/>\nMission\u00e1rios que conduzir\u00e3o a adora\u00e7\u00e3o: <strong>Cesar Augusto e\u00a0Hellen Sandra<\/strong><br \/>\ncelebrante: Padre Joaquim Jos\u00e9<\/p>\n<p>6 de maio<br \/>\nTema da noite: <strong>Vida financeira e empreendimentos<\/strong><br \/>\n<em>\u201cO Senhor ama seu povo de verdade\u201d Salmo 149,4<\/em><br \/>\nMission\u00e1rios que conduzir\u00e3o a adora\u00e7\u00e3o: <strong>Cristiane Viana e Fernando Fantini<\/strong><br \/>\ncelebrante: Padre Elenildo Pereira<\/p>\n<p>13 de maio<br \/>\nTema da noite: <strong>Medos e inseguran\u00e7as<\/strong><br \/>\n<em>\u201cTende coragem! Eu venci o mundo!\u201d Jo 16,36<\/em><br \/>\nMission\u00e1rios que conduzir\u00e3o a adora\u00e7\u00e3o: <strong>Ana Paula e Christoffer Pinheiro<\/strong><br \/>\ncelebrante: Padre Joaquim Jos\u00e9<\/p>\n<p>20 de maio<br \/>\nTema da noite: <strong>Louvor pela liberta\u00e7\u00e3o familiar<\/strong><br \/>\n<em>\u201cDizem coisas gloriosas da Cidade do Senhor\u201d Salmo 86\/87, 3<\/em><br \/>\nMission\u00e1rios que conduzir\u00e3o a adora\u00e7\u00e3o: <strong>Dito Garcia e Marluce Araujo<\/strong><br \/>\ncelebrante: Padre Gilberto Duarte &#8211; CN SP<\/p>\n<p><span style=\"font-weight: 400\">O encerramento ser\u00e1 dia <strong>20 de maio<\/strong>, com um grande louvor pela liberta\u00e7\u00e3o familiar.<\/span><\/p>\n<hr \/>\n<p style=\"text-align: center\">Informa\u00e7\u00f5es pelo WhatsApp 65 99916-9185<\/p>\n<hr \/>\n<p style=\"text-align: center\">Aprenda a m\u00fasica que acompanhar\u00e1 estas 7 semanas de ora\u00e7\u00e3o<br \/>\n<a href=\"https:\/\/blog.cancaonova.com\/cuiaba\/2024\/04\/01\/nada-e-impossivel-pra-deus\/\">Nada \u00e9 imposs\u00edvel pra Deus<\/a><\/p>\n<p><iframe loading=\"lazy\" title=\"Nada \u00c3\u00a9 Imposs\u00c3\u00advel pra Deus\" width=\"600\" height=\"338\" src=\"https:\/\/www.youtube.com\/embed\/u-WgheGbvMQ?feature=oembed&amp;rel=0\" frameborder=\"0\" allow=\"accelerometer; autoplay; clipboard-write; encrypted-media; gyroscope; picture-in-picture; web-share\" referrerpolicy=\"strict-origin-when-cross-origin\" allowfullscreen><\/iframe><\/p>\n","protected":false},"excerpt":{"rendered":"<p>Nada \u00e9 imposs\u00edvel pra Deus! As 7 semanas de ora\u00e7\u00e3o pelas fam\u00edlias \u00e9 uma inspira\u00e7\u00e3o de Deus para voc\u00ea, juntamente com as pessoas que ama, fortalecer ainda mais a sua f\u00e9 diante do Deus do imposs\u00edvel.\u00a0 A cada segunda-feira haver\u00e1&#8230;<\/p>\n","protected":false},"author":4789,"featured_media":691,"comment_status":"open","ping_status":"open","sticky":false,"template":"","format":"standard","meta":{"_mi_skip_tracking":false,"_monsterinsights_sitenote_active":false,"_monsterinsights_sitenote_note":"","_monsterinsights_sitenote_category":0,"footnotes":""},"categories":[29348],"tags":[],"_links":{"self":[{"href":"https:\/\/blog.cancaonova.com\/cuiaba\/wp-json\/wp\/v2\/posts\/546"}],"collection":[{"href":"https:\/\/blog.cancaonova.com\/cuiaba\/wp-json\/wp\/v2\/posts"}],"about":[{"href":"https:\/\/blog.cancaonova.com\/cuiaba\/wp-json\/wp\/v2\/types\/post"}],"author":[{"embeddable":true,"href":"https:\/\/blog.cancaonova.com\/cuiaba\/wp-json\/wp\/v2\/users\/4789"}],"replies":[{"embeddable":true,"href":"https:\/\/blog.cancaonova.com\/cuiaba\/wp-json\/wp\/v2\/comments?post=546"}],"version-history":[{"count":8,"href":"https:\/\/blog.cancaonova.com\/cuiaba\/wp-json\/wp\/v2\/posts\/546\/revisions"}],"predecessor-version":[{"id":703,"href":"https:\/\/blog.cancaonova.com\/cuiaba\/wp-json\/wp\/v2\/posts\/546\/revisions\/703"}],"wp:featuredmedia":[{"embeddable":true,"href":"https:\/\/blog.cancaonova.com\/cuiaba\/wp-json\/wp\/v2\/media\/691"}],"wp:attachment":[{"href":"https:\/\/blog.cancaonova.com\/cuiaba\/wp-json\/wp\/v2\/media?parent=546"}],"wp:term":[{"taxonomy":"category","embeddable":true,"href":"https:\/\/blog.cancaonova.com\/cuiaba\/wp-json\/wp\/v2\/categories?post=546"},{"taxonomy":"post_tag","embeddable":true,"href":"https:\/\/blog.cancaonova.com\/cuiaba\/wp-json\/wp\/v2\/tags?post=546"}],"curies":[{"name":"wp","href":"https:\/\/api.w.org\/{rel}","templated":true}]}}