{"id":551,"date":"2024-03-20T15:05:01","date_gmt":"2024-03-20T18:05:01","guid":{"rendered":"http:\/\/blog.cancaonova.com\/cuiaba\/?p=551"},"modified":"2024-05-31T17:22:11","modified_gmt":"2024-05-31T20:22:11","slug":"falecimento-geralda","status":"publish","type":"post","link":"https:\/\/blog.cancaonova.com\/cuiaba\/2024\/03\/20\/falecimento-geralda\/","title":{"rendered":"Funeral e sepultamento da mission\u00e1ria Geralda Gon\u00e7alina de Assis, membro da Can\u00e7\u00e3o Nova de Cuiab\u00e1\/MT"},"content":{"rendered":"<p><em>&#8220;Disse-lhe Jesus: Eu sou a ressurrei\u00e7\u00e3o e a vida. Aquele que cr\u00ea em mim, ainda que esteja morto, viver\u00e1. E todo aquele que vive e cr\u00ea em mim, n\u00e3o morrer\u00e1 eternamente&#8221;. (Jo 11,25-26)<\/em><\/p>\n<p>Com pesar e na certeza da ressurrei\u00e7\u00e3o, comunicamos o falecimento de <strong>Geralda Gon\u00e7alina de Assis, 52 anos<\/strong>, membro da Comunidade Can\u00e7\u00e3o Nova, 2\u00b0 Elo, Cuiab\u00e1 (MT).<\/p>\n<p>O falecimento aconteceu na quarta-feira, 20 de mar\u00e7o de 2024.<br \/>\nCausa: morte encef\u00e1lica, devido a um AVC hemorr\u00e1gico.<\/p>\n<p><img loading=\"lazy\" decoding=\"async\" class=\"aligncenter size-full wp-image-554\" src=\"http:\/\/blog.cancaonova.com\/cuiaba\/files\/2024\/03\/Geralda.jpg\" alt=\"\" width=\"720\" height=\"1280\" srcset=\"https:\/\/blog.cancaonova.com\/cuiaba\/files\/2024\/03\/Geralda.jpg 720w, https:\/\/blog.cancaonova.com\/cuiaba\/files\/2024\/03\/Geralda-169x300.jpg 169w\" sizes=\"(max-width: 720px) 100vw, 720px\" \/><\/p>\n<p>A Comunidade Can\u00e7\u00e3o Nova pede que o Pai das Miseric\u00f3rdias conceda \u00e0 Geralda Gon\u00e7alina de Assis, uma santa e feliz ressurrei\u00e7\u00e3o e a toda a sua fam\u00edlia grande consola\u00e7\u00e3o.<\/p>\n<hr \/>\n<p style=\"text-align: center\"><strong>Informa\u00e7\u00f5es do funeral e sepultamento<\/strong><\/p>\n<p><strong>&#8211; Local do vel\u00f3rio:<\/strong><br \/>\nRinc\u00e3o do Meu Senhor &#8211; Comunidade Can\u00e7\u00e3o Nova &#8211; V\u00e1rzea Grande\/MT<\/p>\n<p><strong>&#8211; Endere\u00e7o:<\/strong><br \/>\nRua do Imperador, 502, Cristo Rei- V\u00e1rzea Grande\/MT<\/p>\n<p><strong>&#8211; In\u00edcio previsto do vel\u00f3rio:<\/strong>\u00a020h de quinta-feira (21\/03)<\/p>\n<p><strong>&#8211; Hor\u00e1rios de Missas de corpo presente:<\/strong><\/p>\n<ul>\n<li>Primeira missa de corpo presente, quinta-feira (21\/03) \u00e0s 20h30.<\/li>\n<li>Segunda missa de corpo presente, sexta-feira (22\/03) \u00e0s 3h.<\/li>\n<li>Terceira missa de corpo presente, sexta-feira (22\/03) \u00e0s 7h30.<\/li>\n<\/ul>\n<p><strong>&#8211; Sa\u00edda do Rinc\u00e3o para o cemit\u00e9rio:<\/strong> 10h de sexta-feira (22\/03)<\/p>\n<p><strong>&#8211; Local do sepultamento:<\/strong><br \/>\nParque Bom Jesus &#8211; Cuiab\u00e1\/MT<\/p>\n<p><strong>&#8211; Hor\u00e1rio do sepultamento:<\/strong> 11h de sexta-feira (22\/03)<\/p>\n<hr \/>\n<p>N\u00f3s cremos na vida eterna! Em C\u00e9us Novos e uma Terra Nova.<\/p>\n<p><strong>Comunidade Can\u00e7\u00e3o Nova<\/strong><br \/>\n<strong> Frente de miss\u00e3o de Cuiab\u00e1\/MT.<\/strong><\/p>\n","protected":false},"excerpt":{"rendered":"<p>&#8220;Disse-lhe Jesus: Eu sou a ressurrei\u00e7\u00e3o e a vida. Aquele que cr\u00ea em mim, ainda que esteja morto, viver\u00e1. E todo aquele que vive e cr\u00ea em mim, n\u00e3o morrer\u00e1 eternamente&#8221;. (Jo 11,25-26) Com pesar e na certeza da ressurrei\u00e7\u00e3o,&#8230;<\/p>\n","protected":false},"author":4789,"featured_media":554,"comment_status":"open","ping_status":"open","sticky":false,"template":"","format":"standard","meta":{"_mi_skip_tracking":false,"_monsterinsights_sitenote_active":false,"_monsterinsights_sitenote_note":"","_monsterinsights_sitenote_category":0,"footnotes":""},"categories":[290473],"tags":[],"_links":{"self":[{"href":"https:\/\/blog.cancaonova.com\/cuiaba\/wp-json\/wp\/v2\/posts\/551"}],"collection":[{"href":"https:\/\/blog.cancaonova.com\/cuiaba\/wp-json\/wp\/v2\/posts"}],"about":[{"href":"https:\/\/blog.cancaonova.com\/cuiaba\/wp-json\/wp\/v2\/types\/post"}],"author":[{"embeddable":true,"href":"https:\/\/blog.cancaonova.com\/cuiaba\/wp-json\/wp\/v2\/users\/4789"}],"replies":[{"embeddable":true,"href":"https:\/\/blog.cancaonova.com\/cuiaba\/wp-json\/wp\/v2\/comments?post=551"}],"version-history":[{"count":8,"href":"https:\/\/blog.cancaonova.com\/cuiaba\/wp-json\/wp\/v2\/posts\/551\/revisions"}],"predecessor-version":[{"id":616,"href":"https:\/\/blog.cancaonova.com\/cuiaba\/wp-json\/wp\/v2\/posts\/551\/revisions\/616"}],"wp:featuredmedia":[{"embeddable":true,"href":"https:\/\/blog.cancaonova.com\/cuiaba\/wp-json\/wp\/v2\/media\/554"}],"wp:attachment":[{"href":"https:\/\/blog.cancaonova.com\/cuiaba\/wp-json\/wp\/v2\/media?parent=551"}],"wp:term":[{"taxonomy":"category","embeddable":true,"href":"https:\/\/blog.cancaonova.com\/cuiaba\/wp-json\/wp\/v2\/categories?post=551"},{"taxonomy":"post_tag","embeddable":true,"href":"https:\/\/blog.cancaonova.com\/cuiaba\/wp-json\/wp\/v2\/tags?post=551"}],"curies":[{"name":"wp","href":"https:\/\/api.w.org\/{rel}","templated":true}]}}