{"id":741,"date":"2024-04-30T11:53:13","date_gmt":"2024-04-30T14:53:13","guid":{"rendered":"https:\/\/blog.cancaonova.com\/cuiaba\/?p=741"},"modified":"2024-04-30T11:53:50","modified_gmt":"2024-04-30T14:53:50","slug":"noiteluminosa","status":"publish","type":"post","link":"https:\/\/blog.cancaonova.com\/cuiaba\/2024\/04\/30\/noiteluminosa\/","title":{"rendered":"Noite luminosa mariana: com Maria fica mais f\u00e1cil"},"content":{"rendered":"<p>Dia 11 de maio de 2024 a Can\u00e7\u00e3o Nova de Cuib\u00e1\/MT tem uma programa\u00e7\u00e3o toda voltada para Maria, a m\u00e3e da Igreja.<\/p>\n<p><img loading=\"lazy\" decoding=\"async\" class=\"aligncenter size-full wp-image-742\" src=\"https:\/\/blog.cancaonova.com\/cuiaba\/files\/2024\/04\/Noite-Luminosa-Mariana.jpg\" alt=\"\" width=\"900\" height=\"1600\" srcset=\"https:\/\/blog.cancaonova.com\/cuiaba\/files\/2024\/04\/Noite-Luminosa-Mariana.jpg 900w, https:\/\/blog.cancaonova.com\/cuiaba\/files\/2024\/04\/Noite-Luminosa-Mariana-169x300.jpg 169w, https:\/\/blog.cancaonova.com\/cuiaba\/files\/2024\/04\/Noite-Luminosa-Mariana-768x1365.jpg 768w\" sizes=\"(max-width: 900px) 100vw, 900px\" \/><\/p>\n<p style=\"text-align: center\"><strong>Program\u00e7\u00e3o da Noite Luminosa Mariana 2024<\/strong><\/p>\n<p><span style=\"font-weight: 400\">16:00 &#8211; Santa Missa &#8211; celebrada pelo padre Elenildo Pereira<\/span><\/p>\n<p><span style=\"font-weight: 400\">17:00 &#8211; Intervalo<\/span><\/p>\n<p><span style=\"font-weight: 400\">17:30 &#8211; Prega\u00e7\u00e3o <\/span><b>\u201cCom Maria fica mais f\u00e1cil\u201d<\/b><span style=\"font-weight: 400\"> &#8211; S\u00f4nia Ven\u00e2ncio<\/span><\/p>\n<p><span style=\"font-weight: 400\">18:00 &#8211; Ros\u00e1rio meditado<\/span><span style=\"font-weight: 400\"><br \/>\n<\/span><span style=\"font-weight: 400\">Mist\u00e9rios Gozosos: S\u00f4nia Ven\u00e2ncio e Williana Keity<\/span><span style=\"font-weight: 400\"><br \/>\n<\/span><span style=\"font-weight: 400\">Mist\u00e9rios Luminosos: Escravos de Maria<br \/>\n<\/span><span style=\"font-weight: 400\">Mist\u00e9rios Dolorosos: Movimento Sacerdotal Mariano<\/span><\/p>\n<p><span style=\"font-weight: 400\">19:30 &#8211; Intervalo<\/span><\/p>\n<p><span style=\"font-weight: 400\">20:00 &#8211; Prociss\u00e3o luminosa pelo bairro &#8211; sequ\u00eancia do Ros\u00e1rio<\/span><\/p>\n<p><span style=\"font-weight: 400\">Mist\u00e9rios Gloriosos: S\u00f4nia Ven\u00e2ncio e comunidade Can\u00e7\u00e3o Nova<\/span><\/p>\n<p><span style=\"font-weight: 400\">21:00 &#8211; Coroa\u00e7\u00e3o de Nossa Senhora no Rinc\u00e3o<\/span><\/p>\n<hr \/>\n<p style=\"text-align: center\">Informa\u00e7\u00f5es pelo whats app (65)\u00a0 99916-9185<\/p>\n","protected":false},"excerpt":{"rendered":"<p>Dia 11 de maio de 2024 a Can\u00e7\u00e3o Nova de Cuib\u00e1\/MT tem uma programa\u00e7\u00e3o toda voltada para Maria, a m\u00e3e da Igreja. Program\u00e7\u00e3o da Noite Luminosa Mariana 2024 16:00 &#8211; Santa Missa &#8211; celebrada pelo padre Elenildo Pereira 17:00 &#8211;&#8230;<\/p>\n","protected":false},"author":4789,"featured_media":743,"comment_status":"open","ping_status":"open","sticky":false,"template":"","format":"standard","meta":{"_mi_skip_tracking":false,"_monsterinsights_sitenote_active":false,"_monsterinsights_sitenote_note":"","_monsterinsights_sitenote_category":0,"footnotes":""},"categories":[290466],"tags":[],"_links":{"self":[{"href":"https:\/\/blog.cancaonova.com\/cuiaba\/wp-json\/wp\/v2\/posts\/741"}],"collection":[{"href":"https:\/\/blog.cancaonova.com\/cuiaba\/wp-json\/wp\/v2\/posts"}],"about":[{"href":"https:\/\/blog.cancaonova.com\/cuiaba\/wp-json\/wp\/v2\/types\/post"}],"author":[{"embeddable":true,"href":"https:\/\/blog.cancaonova.com\/cuiaba\/wp-json\/wp\/v2\/users\/4789"}],"replies":[{"embeddable":true,"href":"https:\/\/blog.cancaonova.com\/cuiaba\/wp-json\/wp\/v2\/comments?post=741"}],"version-history":[{"count":2,"href":"https:\/\/blog.cancaonova.com\/cuiaba\/wp-json\/wp\/v2\/posts\/741\/revisions"}],"predecessor-version":[{"id":745,"href":"https:\/\/blog.cancaonova.com\/cuiaba\/wp-json\/wp\/v2\/posts\/741\/revisions\/745"}],"wp:featuredmedia":[{"embeddable":true,"href":"https:\/\/blog.cancaonova.com\/cuiaba\/wp-json\/wp\/v2\/media\/743"}],"wp:attachment":[{"href":"https:\/\/blog.cancaonova.com\/cuiaba\/wp-json\/wp\/v2\/media?parent=741"}],"wp:term":[{"taxonomy":"category","embeddable":true,"href":"https:\/\/blog.cancaonova.com\/cuiaba\/wp-json\/wp\/v2\/categories?post=741"},{"taxonomy":"post_tag","embeddable":true,"href":"https:\/\/blog.cancaonova.com\/cuiaba\/wp-json\/wp\/v2\/tags?post=741"}],"curies":[{"name":"wp","href":"https:\/\/api.w.org\/{rel}","templated":true}]}}