{"id":777,"date":"2024-05-28T17:20:03","date_gmt":"2024-05-28T20:20:03","guid":{"rendered":"https:\/\/blog.cancaonova.com\/cuiaba\/?p=777"},"modified":"2024-07-02T10:08:48","modified_gmt":"2024-07-02T13:08:48","slug":"livrai-nos-do-mal-2024","status":"publish","type":"post","link":"https:\/\/blog.cancaonova.com\/cuiaba\/2024\/05\/28\/livrai-nos-do-mal-2024\/","title":{"rendered":"Congresso \"Livrai-nos do Mal\" 2024 ensina buscar a for\u00e7a do alto"},"content":{"rendered":"<p><span style=\"font-weight: 400\">A Comunidade Can\u00e7\u00e3o Nova de Cuiab\u00e1\/MT promove, de <strong>5 a 8 de julho de 2024, <b>de sexta \u00e0 segunda-feira<\/b><\/strong>, o Congresso &#8220;Livrai-nos do mal&#8221; em sua sede na cidade de V\u00e1rzea Grande\/MT.\u00a0<\/span><\/p>\n<p><span style=\"font-weight: 400\">O tema deste ano \u00e9 &#8220;Minha for\u00e7a vem do alto&#8221;.<\/span><\/p>\n<p><img loading=\"lazy\" decoding=\"async\" class=\"aligncenter size-full wp-image-799\" src=\"https:\/\/blog.cancaonova.com\/cuiaba\/files\/2024\/05\/livrai-nos-do-mal-cuiaba-2024-2.jpg\" alt=\"\" width=\"1920\" height=\"1080\" srcset=\"https:\/\/blog.cancaonova.com\/cuiaba\/files\/2024\/05\/livrai-nos-do-mal-cuiaba-2024-2.jpg 1920w, https:\/\/blog.cancaonova.com\/cuiaba\/files\/2024\/05\/livrai-nos-do-mal-cuiaba-2024-2-300x169.jpg 300w, https:\/\/blog.cancaonova.com\/cuiaba\/files\/2024\/05\/livrai-nos-do-mal-cuiaba-2024-2-768x432.jpg 768w, https:\/\/blog.cancaonova.com\/cuiaba\/files\/2024\/05\/livrai-nos-do-mal-cuiaba-2024-2-384x216.jpg 384w, https:\/\/blog.cancaonova.com\/cuiaba\/files\/2024\/05\/livrai-nos-do-mal-cuiaba-2024-2-512x288.jpg 512w, https:\/\/blog.cancaonova.com\/cuiaba\/files\/2024\/05\/livrai-nos-do-mal-cuiaba-2024-2-1024x576.jpg 1024w, https:\/\/blog.cancaonova.com\/cuiaba\/files\/2024\/05\/livrai-nos-do-mal-cuiaba-2024-2-1536x864.jpg 1536w\" sizes=\"(max-width: 1920px) 100vw, 1920px\" \/><\/p>\n<p><span style=\"font-weight: 400\">A escolha do tema visa fortalecer a f\u00e9 dos participantes, incentivando-os a buscar um encontro mais profundo com Deus, para enfrentar as adversidades e resistir \u00e0s influ\u00eancias malignas.<\/span><\/p>\n<p><span style=\"font-weight: 400\">As presen\u00e7as dos mission\u00e1rios da Can\u00e7\u00e3o Nova de Cachoeira Paulista\/SP est\u00e3o confirmadas :<\/span><\/p>\n<ul>\n<li style=\"font-weight: 400\"><strong>Padre Bruno Costa,\u00a0<\/strong><\/li>\n<li style=\"font-weight: 400\"><strong>Alexandra Gon\u00e7alves,\u00a0<\/strong><\/li>\n<li style=\"font-weight: 400\"><strong>Ana L\u00facia e\u00a0<\/strong><\/li>\n<li style=\"font-weight: 400\"><strong>Thiago Tom\u00e9.\u00a0<\/strong><\/li>\n<\/ul>\n<p><span style=\"font-weight: 400\">Tamb\u00e9m participar\u00e3o <strong>Ironi Spuldaro<\/strong> e o mission\u00e1rio da Can\u00e7\u00e3o Nova de Aracaj\u00fa\/SE, <strong>Emanuel St\u00eanio<\/strong>.<\/span><\/p>\n<p><span style=\"font-weight: 400\">Este congresso \u00e9 a oportunidade para os fi\u00e9is fortalecerem a sua f\u00e9 e se prepararem para o combate espiritual.\u00a0<\/span><\/p>\n<p><span style=\"font-weight: 400\">O evento \u00e9 gratuito e n\u00e3o h\u00e1 limite de idade para participar.\u00a0<\/span><\/p>\n<p><span style=\"font-weight: 400\">Siga o instagram <a href=\"https:\/\/www.instagram.com\/cancaonovacuiaba\">@cancaonovacuiaba<\/a><\/span><span style=\"font-weight: 400\"> e acompanhe os detalhes e a cobertura das atividades CN no Mato Grosso.<\/span><\/p>\n<hr \/>\n<h3 style=\"text-align: center\">PROGRAMA\u00c7\u00c3O &#8220;Livrai-nos do Mal&#8221; em Cuiab\u00e1, 2024<\/h3>\n<p><strong><br \/>\nSexta-feira, 5 de julho<br \/>\n<\/strong><span style=\"font-weight: 400\">17:00 &#8211; Abertura dos port\u00f5es da Can\u00e7\u00e3o Nova [Rinc\u00e3o do Meu Senhor]<br \/>\n<\/span><span style=\"font-weight: 400\">19:30 &#8211; Ora\u00e7\u00e3o com Ironi Spuldaro e Alexandra Gon\u00e7alves<br \/>\n<\/span>20:00 &#8211; In\u00edcio da <b>grava\u00e7\u00e3o do DVD do Padre Bruno <\/b>&#8211; com participa\u00e7\u00e3o de <b>Emanuel St\u00eanio, <\/b><strong>Ana L\u00facia e <\/strong><strong>Thiago Tom\u00e9.\u00a0<\/strong><\/p>\n<p>&nbsp;<\/p>\n<p><strong>S\u00e1bado, 6 de julho<br \/>\n<\/strong><span style=\"font-weight: 400\">16:00 &#8211; Ter\u00e7o Mariano &#8211; <\/span>Alexandra Gon\u00e7alves<span style=\"font-weight: 400\"> | m\u00fasica &#8211; <\/span><span style=\"font-weight: 400\">Thiago Tom\u00e9<\/span><span style=\"font-weight: 400\"> e Ana L\u00facia<br \/>\n<\/span><span style=\"font-weight: 400\">17:00 &#8211; Santa Missa com padre Bruno Costa | m\u00fasica &#8211; <\/span><span style=\"font-weight: 400\">Thiago Tom\u00e9<\/span><span style=\"font-weight: 400\"> e Ana L\u00facia<br \/>\n<\/span><span style=\"font-weight: 400\">18:30 &#8211; Intervalo<br \/>\n<\/span><span style=\"font-weight: 400\">19:00 &#8211; Louvor &#8211; <\/span><span style=\"font-weight: 400\">Thiago Tom\u00e9<\/span><span style=\"font-weight: 400\"> e Ana L\u00facia<br \/>\n<\/span><span style=\"font-weight: 400\">19:30 &#8211; Prega\u00e7\u00e3o <\/span><b>\u201cO poder da Palavra\u201d<\/b> <span style=\"font-weight: 400\">Ironi Spuldaro<br \/>\n<\/span><span style=\"font-weight: 400\">20:30 &#8211; Encerramento<\/span><\/p>\n<p>&nbsp;<\/p>\n<p><strong>Domingo, 7 de julho<br \/>\n<\/strong><span style=\"font-weight: 400\">08:00 &#8211; Santo Ter\u00e7o &#8211; Jovens CN<br \/>\n<\/span><span style=\"font-weight: 400\">08:30 &#8211; Louvor &#8211;\u00a0 <\/span><span style=\"font-weight: 400\">Thiago Tom\u00e9<\/span><span style=\"font-weight: 400\"> e Ana L\u00facia<br \/>\n<\/span><span style=\"font-weight: 400\">08:45 &#8211; Ora\u00e7\u00e3o da manh\u00e3 &#8211;\u00a0 <\/span><span style=\"font-weight: 400\">Ironi Spuldaro<br \/>\n<\/span><span style=\"font-weight: 400\">09:00 &#8211; Prega\u00e7\u00e3o <\/span><b>\u201cO poderoso fez em mim Maravilhas\u201d<\/b> <span style=\"font-weight: 400\">Alexandra Gon\u00e7alves<br \/>\n<\/span><span style=\"font-weight: 400\">10:00 &#8211; Ora\u00e7\u00e3o<br \/>\n<\/span><span style=\"font-weight: 400\">10:15 &#8211; Intervalo<br \/>\n<\/span><span style=\"font-weight: 400\">11:00 &#8211; Louvor\u00a0 &#8211; <\/span><span style=\"font-weight: 400\">Thiago Tom\u00e9<\/span><span style=\"font-weight: 400\"> e Ana L\u00facia<br \/>\n<\/span><span style=\"font-weight: 400\">11:15 &#8211; Prega\u00e7\u00e3o <\/span><b>\u201cMinha for\u00e7a vem do alto\u201d<\/b> <span style=\"font-weight: 400\">padre Bruno Costa<br \/>\n<\/span><span style=\"font-weight: 400\">12:15 &#8211; Ora\u00e7\u00e3o<br \/>\n<\/span><span style=\"font-weight: 400\">12:30 &#8211; Almo\u00e7o<br \/>\n<\/span><span style=\"font-weight: 400\">14:00 &#8211; Louvor &#8211; <\/span><span style=\"font-weight: 400\">Ana L\u00facia<\/span><span style=\"font-weight: 400\"> e Thiago Tom\u00e9<br \/>\n<\/span><span style=\"font-weight: 400\">14:30 &#8211; Prega\u00e7\u00e3o <\/span><b>\u201cBuscai as coisas do alto\u201d<\/b> <span style=\"font-weight: 400\">Ironi Spuldaro<br \/>\n<\/span><span style=\"font-weight: 400\">15:30 &#8211; Adora\u00e7\u00e3o ao Sant\u00edssimo &#8211; <\/span><span style=\"font-weight: 400\">Alexandra Gon\u00e7alves e Ironi Spuldaro<br \/>\n<\/span><span style=\"font-weight: 400\">16:15 &#8211; Ben\u00e7\u00e3o do Sant\u00edssimo &#8211; <\/span><span style=\"font-weight: 400\">padre Bruno Costa<br \/>\n<\/span><span style=\"font-weight: 400\">17:00 &#8211; Santa Missa &#8211; padre Bruno Costa | m\u00fasica: <\/span><span style=\"font-weight: 400\">Ana L\u00facia<\/span><span style=\"font-weight: 400\"> e Thiago Tom\u00e9<\/span><\/p>\n<p>&nbsp;<\/p>\n<p><strong>Segunda-feira, 8 de julho<br \/>\n<\/strong><span style=\"font-weight: 400\">18:00 &#8211; Ora\u00e7\u00e3o do Ter\u00e7o Mariano<br \/>\n<\/span><span style=\"font-weight: 400\">19:00 &#8211; Missa Votiva a S\u00e3o Bento &#8211; <\/span><span style=\"font-weight: 400\">padre Bruno Costa<\/span><span style=\"font-weight: 400\"> | m\u00fasica: <\/span><span style=\"font-weight: 400\">Ana L\u00facia<\/span><span style=\"font-weight: 400\"> e Thiago Tom\u00e9<br \/>\n<\/span><span style=\"font-weight: 400\">20:30 &#8211; Passeio do Sant\u00edssimo &#8211; <\/span><span style=\"font-weight: 400\">Alexandra Gon\u00e7alves<br \/>\n<\/span><span style=\"font-weight: 400\">21:00 &#8211; Ben\u00e7\u00e3o do Sant\u00edssimo<\/span><\/p>\n<hr \/>\n<p style=\"text-align: center\"><em>Programa\u00e7\u00e3o sujeita \u00e0 altera\u00e7\u00f5es sem aviso pr\u00e9vio<\/em><\/p>\n<hr \/>\n<p style=\"text-align: center\">Local do evento: Comunidade Can\u00e7\u00e3o Nova [Rinc\u00e3o do Meu Senhor]<br \/>\nRua do Imperador, 502, Cristo Rei, V\u00e1rzea Grande \/ MT<br \/>\nInforma\u00e7\u00f5es pelo<strong> whatsapp: 65 99916-9185<\/strong><\/p>\n<p><img loading=\"lazy\" decoding=\"async\" class=\"aligncenter size-full wp-image-801\" src=\"https:\/\/blog.cancaonova.com\/cuiaba\/files\/2024\/05\/f527fa27-37cb-4101-9c40-ff82e159aa79.jpg\" alt=\"\" width=\"900\" height=\"1600\" srcset=\"https:\/\/blog.cancaonova.com\/cuiaba\/files\/2024\/05\/f527fa27-37cb-4101-9c40-ff82e159aa79.jpg 900w, https:\/\/blog.cancaonova.com\/cuiaba\/files\/2024\/05\/f527fa27-37cb-4101-9c40-ff82e159aa79-169x300.jpg 169w, https:\/\/blog.cancaonova.com\/cuiaba\/files\/2024\/05\/f527fa27-37cb-4101-9c40-ff82e159aa79-768x1365.jpg 768w, https:\/\/blog.cancaonova.com\/cuiaba\/files\/2024\/05\/f527fa27-37cb-4101-9c40-ff82e159aa79-864x1536.jpg 864w\" sizes=\"(max-width: 900px) 100vw, 900px\" \/><\/p>\n","protected":false},"excerpt":{"rendered":"<p>A Comunidade Can\u00e7\u00e3o Nova de Cuiab\u00e1\/MT promove, de 5 a 8 de julho de 2024, de sexta \u00e0 segunda-feira, o Congresso &#8220;Livrai-nos do mal&#8221; em sua sede na cidade de V\u00e1rzea Grande\/MT.\u00a0 O tema deste ano \u00e9 &#8220;Minha for\u00e7a vem&#8230;<\/p>\n","protected":false},"author":4789,"featured_media":799,"comment_status":"open","ping_status":"open","sticky":false,"template":"","format":"standard","meta":{"_mi_skip_tracking":false,"_monsterinsights_sitenote_active":false,"_monsterinsights_sitenote_note":"","_monsterinsights_sitenote_category":0,"footnotes":""},"categories":[290476],"tags":[290471],"_links":{"self":[{"href":"https:\/\/blog.cancaonova.com\/cuiaba\/wp-json\/wp\/v2\/posts\/777"}],"collection":[{"href":"https:\/\/blog.cancaonova.com\/cuiaba\/wp-json\/wp\/v2\/posts"}],"about":[{"href":"https:\/\/blog.cancaonova.com\/cuiaba\/wp-json\/wp\/v2\/types\/post"}],"author":[{"embeddable":true,"href":"https:\/\/blog.cancaonova.com\/cuiaba\/wp-json\/wp\/v2\/users\/4789"}],"replies":[{"embeddable":true,"href":"https:\/\/blog.cancaonova.com\/cuiaba\/wp-json\/wp\/v2\/comments?post=777"}],"version-history":[{"count":13,"href":"https:\/\/blog.cancaonova.com\/cuiaba\/wp-json\/wp\/v2\/posts\/777\/revisions"}],"predecessor-version":[{"id":853,"href":"https:\/\/blog.cancaonova.com\/cuiaba\/wp-json\/wp\/v2\/posts\/777\/revisions\/853"}],"wp:featuredmedia":[{"embeddable":true,"href":"https:\/\/blog.cancaonova.com\/cuiaba\/wp-json\/wp\/v2\/media\/799"}],"wp:attachment":[{"href":"https:\/\/blog.cancaonova.com\/cuiaba\/wp-json\/wp\/v2\/media?parent=777"}],"wp:term":[{"taxonomy":"category","embeddable":true,"href":"https:\/\/blog.cancaonova.com\/cuiaba\/wp-json\/wp\/v2\/categories?post=777"},{"taxonomy":"post_tag","embeddable":true,"href":"https:\/\/blog.cancaonova.com\/cuiaba\/wp-json\/wp\/v2\/tags?post=777"}],"curies":[{"name":"wp","href":"https:\/\/api.w.org\/{rel}","templated":true}]}}