{"id":790,"date":"2024-05-28T18:28:29","date_gmt":"2024-05-28T21:28:29","guid":{"rendered":"https:\/\/blog.cancaonova.com\/cuiaba\/?p=790"},"modified":"2024-05-28T18:28:29","modified_gmt":"2024-05-28T21:28:29","slug":"arraia-da-cancao-nova-2024","status":"publish","type":"post","link":"https:\/\/blog.cancaonova.com\/cuiaba\/2024\/05\/28\/arraia-da-cancao-nova-2024\/","title":{"rendered":"Arrai\u00e1 da Can\u00e7\u00e3o Nova 2024"},"content":{"rendered":"<div>Est\u00e1 chegando o Arrai\u00e1 da Can\u00e7\u00e3o Nova de 2024, que ser\u00e1 dia <strong>8 de junho, a partir das 19h.<\/strong><\/div>\n<div>Esse ano a festan\u00e7a ser\u00e1 bonita demais!<\/div>\n<div>A atra\u00e7\u00e3o principal \u00e9 uma banda de Forr\u00f3 cat\u00f3lico que vem direto de Bras\u00edlia\/DF, s\u00e3o os <a href=\"https:\/\/www.instagram.com\/bandafilhosdelourdesoficial\/\">FILHOS DE LOURDES<\/a>.<\/div>\n<div><img loading=\"lazy\" decoding=\"async\" class=\"aligncenter wp-image-791 size-full\" src=\"https:\/\/blog.cancaonova.com\/cuiaba\/files\/2024\/05\/Cancao-Nova-em-missao-1.jpg\" alt=\"\" width=\"1920\" height=\"1080\" srcset=\"https:\/\/blog.cancaonova.com\/cuiaba\/files\/2024\/05\/Cancao-Nova-em-missao-1.jpg 1920w, https:\/\/blog.cancaonova.com\/cuiaba\/files\/2024\/05\/Cancao-Nova-em-missao-1-300x169.jpg 300w, https:\/\/blog.cancaonova.com\/cuiaba\/files\/2024\/05\/Cancao-Nova-em-missao-1-768x432.jpg 768w, https:\/\/blog.cancaonova.com\/cuiaba\/files\/2024\/05\/Cancao-Nova-em-missao-1-384x216.jpg 384w, https:\/\/blog.cancaonova.com\/cuiaba\/files\/2024\/05\/Cancao-Nova-em-missao-1-512x288.jpg 512w, https:\/\/blog.cancaonova.com\/cuiaba\/files\/2024\/05\/Cancao-Nova-em-missao-1-1024x576.jpg 1024w, https:\/\/blog.cancaonova.com\/cuiaba\/files\/2024\/05\/Cancao-Nova-em-missao-1-1536x864.jpg 1536w\" sizes=\"(max-width: 1920px) 100vw, 1920px\" \/><\/div>\n<div>A entrada \u00e9 gratuita, mas a divers\u00e3o est\u00e1 garantida com comidas t\u00edpicas, espa\u00e7o KIDs e\u00a0 uma grande a\u00e7\u00e3o entre amigos para concorrer a mutos pr\u00eamios, dentre eles:<\/div>\n<ul>\n<li>1 moto 0km<\/li>\n<li>1 moto el\u00e9trica usada<\/li>\n<li>1 TV 40&#8243;<\/li>\n<li>1 Bibicleta<\/li>\n<li>R$ 1.000<\/li>\n<\/ul>\n<p><img loading=\"lazy\" decoding=\"async\" class=\"aligncenter wp-image-792 size-full\" src=\"https:\/\/blog.cancaonova.com\/cuiaba\/files\/2024\/05\/Cancao-Nova-em-missao-2.jpg\" alt=\"\" width=\"1920\" height=\"1080\" srcset=\"https:\/\/blog.cancaonova.com\/cuiaba\/files\/2024\/05\/Cancao-Nova-em-missao-2.jpg 1920w, https:\/\/blog.cancaonova.com\/cuiaba\/files\/2024\/05\/Cancao-Nova-em-missao-2-300x169.jpg 300w, https:\/\/blog.cancaonova.com\/cuiaba\/files\/2024\/05\/Cancao-Nova-em-missao-2-768x432.jpg 768w, https:\/\/blog.cancaonova.com\/cuiaba\/files\/2024\/05\/Cancao-Nova-em-missao-2-384x216.jpg 384w, https:\/\/blog.cancaonova.com\/cuiaba\/files\/2024\/05\/Cancao-Nova-em-missao-2-512x288.jpg 512w, https:\/\/blog.cancaonova.com\/cuiaba\/files\/2024\/05\/Cancao-Nova-em-missao-2-1024x576.jpg 1024w, https:\/\/blog.cancaonova.com\/cuiaba\/files\/2024\/05\/Cancao-Nova-em-missao-2-1536x864.jpg 1536w\" sizes=\"(max-width: 1920px) 100vw, 1920px\" \/><\/p>\n<p style=\"text-align: center\">Informa\u00e7\u00f5es sobre o evento pelo zap 65 99916-9185<\/p>\n","protected":false},"excerpt":{"rendered":"<p>Est\u00e1 chegando o Arrai\u00e1 da Can\u00e7\u00e3o Nova de 2024, que ser\u00e1 dia 8 de junho, a partir das 19h. Esse ano a festan\u00e7a ser\u00e1 bonita demais! A atra\u00e7\u00e3o principal \u00e9 uma banda de Forr\u00f3 cat\u00f3lico que vem direto de Bras\u00edlia\/DF,&#8230;<\/p>\n","protected":false},"author":4789,"featured_media":791,"comment_status":"open","ping_status":"open","sticky":false,"template":"","format":"standard","meta":{"_mi_skip_tracking":false,"_monsterinsights_sitenote_active":false,"_monsterinsights_sitenote_note":"","_monsterinsights_sitenote_category":0,"footnotes":""},"categories":[290472],"tags":[],"_links":{"self":[{"href":"https:\/\/blog.cancaonova.com\/cuiaba\/wp-json\/wp\/v2\/posts\/790"}],"collection":[{"href":"https:\/\/blog.cancaonova.com\/cuiaba\/wp-json\/wp\/v2\/posts"}],"about":[{"href":"https:\/\/blog.cancaonova.com\/cuiaba\/wp-json\/wp\/v2\/types\/post"}],"author":[{"embeddable":true,"href":"https:\/\/blog.cancaonova.com\/cuiaba\/wp-json\/wp\/v2\/users\/4789"}],"replies":[{"embeddable":true,"href":"https:\/\/blog.cancaonova.com\/cuiaba\/wp-json\/wp\/v2\/comments?post=790"}],"version-history":[{"count":1,"href":"https:\/\/blog.cancaonova.com\/cuiaba\/wp-json\/wp\/v2\/posts\/790\/revisions"}],"predecessor-version":[{"id":793,"href":"https:\/\/blog.cancaonova.com\/cuiaba\/wp-json\/wp\/v2\/posts\/790\/revisions\/793"}],"wp:featuredmedia":[{"embeddable":true,"href":"https:\/\/blog.cancaonova.com\/cuiaba\/wp-json\/wp\/v2\/media\/791"}],"wp:attachment":[{"href":"https:\/\/blog.cancaonova.com\/cuiaba\/wp-json\/wp\/v2\/media?parent=790"}],"wp:term":[{"taxonomy":"category","embeddable":true,"href":"https:\/\/blog.cancaonova.com\/cuiaba\/wp-json\/wp\/v2\/categories?post=790"},{"taxonomy":"post_tag","embeddable":true,"href":"https:\/\/blog.cancaonova.com\/cuiaba\/wp-json\/wp\/v2\/tags?post=790"}],"curies":[{"name":"wp","href":"https:\/\/api.w.org\/{rel}","templated":true}]}}