{"id":794,"date":"2024-05-31T15:34:20","date_gmt":"2024-05-31T18:34:20","guid":{"rendered":"https:\/\/blog.cancaonova.com\/cuiaba\/?p=794"},"modified":"2024-09-26T11:16:40","modified_gmt":"2024-09-26T14:16:40","slug":"festanacoes2024","status":"publish","type":"post","link":"https:\/\/blog.cancaonova.com\/cuiaba\/2024\/05\/31\/festanacoes2024\/","title":{"rendered":"Viage pela culin\u00e1ria de 10 culturas diferentes sem sair de Cuiab\u00e1"},"content":{"rendered":"<h3>2\u00aa Festa das Na\u00e7\u00f5es na Can\u00e7\u00e3o Nova &#8211; reserve esta data: 3 de agosto<\/h3>\n<p><span style=\"font-weight: 400;\">A Festa das Na\u00e7\u00f5es \u00e9 uma feira gastron\u00f4mica com comidas t\u00edpicas dos mais variados povos e culturas, aliados \u00e0 cultura brasileira. Pela 2\u00aa vez ser\u00e1 realizada na sede da Comunidade Can\u00e7\u00e3o Nova, no Rinc\u00e3o do Meu Senhor, em V\u00e1rzea Grande\/MT. O evento ser\u00e1 dia <strong>3 de agosto, s\u00e1bado, das 19h \u00e0s 23h<\/strong>.<\/span><\/p>\n<p><img loading=\"lazy\" decoding=\"async\" class=\"aligncenter wp-image-820 size-full\" src=\"https:\/\/blog.cancaonova.com\/cuiaba\/files\/2024\/05\/2-festa-das-nacoes-cancao-nova-rincao.jpg\" alt=\"\" width=\"1600\" height=\"900\" srcset=\"https:\/\/blog.cancaonova.com\/cuiaba\/files\/2024\/05\/2-festa-das-nacoes-cancao-nova-rincao.jpg 1600w, https:\/\/blog.cancaonova.com\/cuiaba\/files\/2024\/05\/2-festa-das-nacoes-cancao-nova-rincao-300x169.jpg 300w, https:\/\/blog.cancaonova.com\/cuiaba\/files\/2024\/05\/2-festa-das-nacoes-cancao-nova-rincao-768x432.jpg 768w, https:\/\/blog.cancaonova.com\/cuiaba\/files\/2024\/05\/2-festa-das-nacoes-cancao-nova-rincao-384x216.jpg 384w, https:\/\/blog.cancaonova.com\/cuiaba\/files\/2024\/05\/2-festa-das-nacoes-cancao-nova-rincao-512x288.jpg 512w, https:\/\/blog.cancaonova.com\/cuiaba\/files\/2024\/05\/2-festa-das-nacoes-cancao-nova-rincao-1024x576.jpg 1024w, https:\/\/blog.cancaonova.com\/cuiaba\/files\/2024\/05\/2-festa-das-nacoes-cancao-nova-rincao-1536x864.jpg 1536w\" sizes=\"(max-width: 1600px) 100vw, 1600px\" \/><\/p>\n<p><iframe loading=\"lazy\" title=\"Um cl\u00c3\u00a1ssico popular da culin\u00c3\u00a1ria italiana est\u00c3\u00a1 escondido aqui\" width=\"600\" height=\"338\" src=\"https:\/\/www.youtube.com\/embed\/daFeY3sJGpY?start=193&amp;feature=oembed&amp;rel=0\" frameborder=\"0\" allow=\"accelerometer; autoplay; clipboard-write; encrypted-media; gyroscope; picture-in-picture; web-share\" referrerpolicy=\"strict-origin-when-cross-origin\" allowfullscreen><\/iframe><\/p>\n<p><span style=\"font-weight: 400;\">O ticket de entrada d\u00e1 livre acesso a todas as barracas, para que cada participante aprecie, \u00e0 vontade, a culin\u00e1ria de 10 culturas diferentes. S\u00e3o mais de 20 pratos. O consumo \u00e9 permitido somente no local.<\/span><\/p>\n<p><span style=\"font-weight: 400;\">Quem visitar o evento poder\u00e1 provar a culin\u00e1ria <strong>italiana, libanesa, regional, portuguesa, espanhola, mexicana, americana, argentina<\/strong> e, como novidade deste ano, tamb\u00e9m degustar\u00e1 das barracas <strong>japonesa<\/strong> e <strong>ga\u00facha<\/strong>.<\/span><\/p>\n<p><span style=\"font-weight: 400;\">Durante o evento, os visitantes tamb\u00e9m t\u00eam a oportunidade de acompanhar apresenta\u00e7\u00f5es de dan\u00e7as t\u00edpicas de diversos pa\u00edses e conhecer a devo\u00e7\u00e3o mariana de in\u00fameras culturas. <em>\u201c\u00c9 uma grande festa cultural, em um ambiente muito saud\u00e1vel, para toda a fam\u00edlia\u201d,<\/em> relata o respons\u00e1vel da Can\u00e7\u00e3o Nova, padre Elenildo Pereira.<\/span><\/p>\n<p><span style=\"font-weight: 400;\">O ticket de entrada deve ser garantido antecipadamente.<\/span><\/p>\n<ul>\n<li style=\"list-style-type: none;\">\n<ul>\n<li>1\u00ba lote PROMOCIONAL: R$ 80 &#8211; encerrado dia 12\/7\/24<\/li>\n<li><span style=\"font-weight: 400;\"><strong>2\u00ba lote: R$ 100 &#8211; de 13\/7\/24 at\u00e9 encerrarem-se os ticket<\/strong><\/span><\/li>\n<\/ul>\n<\/li>\n<\/ul>\n<hr>\n<p style=\"text-align: center;\"><strong>COMPRE online no <a href=\"https:\/\/siteingresso.com.br\/comprar-ingresso\/festa-das-nacoes-cuiaba-6204\/setor-6302\">siteingresso.com.br<\/a><\/strong><\/p>\n<hr>\n<p><span style=\"font-weight: 400;\">Os ingressos s\u00e3o limitados. Os pontos de vendas s\u00e3o os seguintes:&nbsp;<\/span><\/p>\n<ul>\n<li style=\"list-style-type: none;\">\n<ul>\n<li style=\"font-weight: 400;\"><span style=\"font-weight: 400;\">Rinc\u00e3o do Meu Senhor &#8211; V\u00e1rzea Grande [loja, bazar e secretaria] &#8211; Telefone (65) 3046-9201&nbsp;<\/span><\/li>\n<li style=\"font-weight: 400;\"><span style=\"font-weight: 400;\">Shopping 3 Am\u00e9ricas [Cuiab\u00e1] &#8211; Restaurante Serra<\/span><\/li>\n<li style=\"font-weight: 400;\"><span style=\"font-weight: 400;\"><span style=\"font-weight: 400;\">V\u00e1rzea Grande Shopping &#8211; Restaurante Serra<\/span><\/span><\/li>\n<li style=\"font-weight: 400;\"><span style=\"font-weight: 400;\"><span style=\"font-weight: 400;\"><span style=\"font-weight: 400;\">CG Complementos &#8211; Rua Senador Villas Boas, 60 Bairro Goiabeiras, Cuiab\u00e1 (Pra\u00e7a Popular) &#8211; (65) 98119-8372<\/span><\/span><\/span>&nbsp;E as crian\u00e7as?<\/li>\n<li style=\"font-weight: 400;\"><span style=\"font-weight: 400;\">Crian\u00e7as at\u00e9 6 anos n\u00e3o pagam.<\/span><\/li>\n<li style=\"font-weight: 400;\"><span style=\"font-weight: 400;\">De 7 a 12 anos pagam meia.<\/span><\/li>\n<li style=\"font-weight: 400;\"><span style=\"font-weight: 400;\">13 anos acima pagam inteira.<\/span><\/li>\n<\/ul>\n<\/li>\n<\/ul>\n<p><span style=\"font-weight: 400;\">Al\u00e9m do grande festival alimentar, a festa tamb\u00e9m contar\u00e1 com parque infantil.<\/span><\/p>\n<p>Haver\u00e1 tamb\u00e9m barracas de sobremesa, picol\u00e9, a\u00e7a\u00ed e bebidas [refrigerante, suco e \u00e1gua]. O consumo de bebidas e sobremesa \u00e9 pago a parte.<\/p>\n<p><strong>Estacionamento<\/strong><\/p>\n<p>Em frente \u00e0 sede da Can\u00e7\u00e3o Nova em V\u00e1rzea Grande, h\u00e1 um espa\u00e7o para estacionamento gratu\u00edto, onde voc\u00ea pode guardar seu ve\u00edculo.<\/p>\n<p><strong>Local do evento&nbsp;<\/strong><\/p>\n<p>Rua do Imperador, 502, Cohab Dom Orlando Chaves, V\u00e1rzea Grande \/ MT.<\/p>\n<hr>\n<p style=\"text-align: center;\">Para outras informa\u00e7\u00f5es fa\u00e7a contato<br \/>\npelo whatsapp: <strong>65 99916-9185<\/strong><\/p>\n<p>&nbsp;<\/p>\n","protected":false},"excerpt":{"rendered":"<p>2\u00aa Festa das Na\u00e7\u00f5es na Can\u00e7\u00e3o Nova &#8211; reserve esta data: 3 de agosto A Festa das Na\u00e7\u00f5es \u00e9 uma feira gastron\u00f4mica com comidas t\u00edpicas dos mais variados povos e culturas, aliados \u00e0 cultura brasileira. Pela 2\u00aa vez ser\u00e1 realizada&#8230;<\/p>\n","protected":false},"author":4789,"featured_media":850,"comment_status":"closed","ping_status":"closed","sticky":false,"template":"","format":"standard","meta":{"_mi_skip_tracking":false,"_monsterinsights_sitenote_active":false,"_monsterinsights_sitenote_note":"","_monsterinsights_sitenote_category":0,"footnotes":""},"categories":[290472],"tags":[],"_links":{"self":[{"href":"https:\/\/blog.cancaonova.com\/cuiaba\/wp-json\/wp\/v2\/posts\/794"}],"collection":[{"href":"https:\/\/blog.cancaonova.com\/cuiaba\/wp-json\/wp\/v2\/posts"}],"about":[{"href":"https:\/\/blog.cancaonova.com\/cuiaba\/wp-json\/wp\/v2\/types\/post"}],"author":[{"embeddable":true,"href":"https:\/\/blog.cancaonova.com\/cuiaba\/wp-json\/wp\/v2\/users\/4789"}],"replies":[{"embeddable":true,"href":"https:\/\/blog.cancaonova.com\/cuiaba\/wp-json\/wp\/v2\/comments?post=794"}],"version-history":[{"count":12,"href":"https:\/\/blog.cancaonova.com\/cuiaba\/wp-json\/wp\/v2\/posts\/794\/revisions"}],"predecessor-version":[{"id":916,"href":"https:\/\/blog.cancaonova.com\/cuiaba\/wp-json\/wp\/v2\/posts\/794\/revisions\/916"}],"wp:featuredmedia":[{"embeddable":true,"href":"https:\/\/blog.cancaonova.com\/cuiaba\/wp-json\/wp\/v2\/media\/850"}],"wp:attachment":[{"href":"https:\/\/blog.cancaonova.com\/cuiaba\/wp-json\/wp\/v2\/media?parent=794"}],"wp:term":[{"taxonomy":"category","embeddable":true,"href":"https:\/\/blog.cancaonova.com\/cuiaba\/wp-json\/wp\/v2\/categories?post=794"},{"taxonomy":"post_tag","embeddable":true,"href":"https:\/\/blog.cancaonova.com\/cuiaba\/wp-json\/wp\/v2\/tags?post=794"}],"curies":[{"name":"wp","href":"https:\/\/api.w.org\/{rel}","templated":true}]}}