{"id":807,"date":"2024-05-01T17:22:21","date_gmt":"2024-05-01T20:22:21","guid":{"rendered":"https:\/\/blog.cancaonova.com\/cuiaba\/?p=807"},"modified":"2024-08-27T11:11:11","modified_gmt":"2024-08-27T14:11:11","slug":"phn2024","status":"publish","type":"post","link":"https:\/\/blog.cancaonova.com\/cuiaba\/2024\/05\/01\/phn2024\/","title":{"rendered":"PHN 2024 em Cuiab\u00e1: 24 e 25 de agosto \"Ou santos, ou nada\""},"content":{"rendered":"<p>Dias 24 e 25 de agosto, prepare-se para uma experi\u00eancia que pode transformar a sua vida! A Comunidade Can\u00e7\u00e3o Nova, em Cuiab\u00e1 (MT), reunir\u00e1 jovens para o t\u00e3o esperado Encontro PHN.<\/p>\n<p>Est\u00e3o confirmadas as presen\u00e7as de:<br \/>\n&#8211; Pitter di Laura, mission\u00e1rio de Cachoeira Paulista (SP),<br \/>\n&#8211; Padre Paulo Ricardo,<br \/>\n&#8211; Padre Elenildo Pereira,<br \/>\n&#8211; Padre Joaquim Jos\u00e9,<br \/>\n&#8211; Padre Toni Moreira e Arqjovem Cuiab\u00e1 (MT)<br \/>\n&#8211; Silvio \u00c9lcio, mission\u00e1rio de Cuiab\u00e1 (MT),<br \/>\n&#8211; Aline Duarte, mission\u00e1ria de Cuiab\u00e1 (MT),<br \/>\n&#8211; Jovens Sarados<br \/>\n&#8211; Jovens CN<br \/>\n&#8211; Banda Gaudium<br \/>\n&#8211; e <strong style=\"text-align: center\">VOC\u00ca!<\/strong><\/p>\n<p><img loading=\"lazy\" decoding=\"async\" class=\"aligncenter size-full wp-image-808\" src=\"https:\/\/blog.cancaonova.com\/cuiaba\/files\/2024\/06\/PHN-2024-em-Cuiba.jpg\" alt=\"\" width=\"1920\" height=\"1080\" srcset=\"https:\/\/blog.cancaonova.com\/cuiaba\/files\/2024\/06\/PHN-2024-em-Cuiba.jpg 1920w, https:\/\/blog.cancaonova.com\/cuiaba\/files\/2024\/06\/PHN-2024-em-Cuiba-300x169.jpg 300w, https:\/\/blog.cancaonova.com\/cuiaba\/files\/2024\/06\/PHN-2024-em-Cuiba-768x432.jpg 768w, https:\/\/blog.cancaonova.com\/cuiaba\/files\/2024\/06\/PHN-2024-em-Cuiba-384x216.jpg 384w, https:\/\/blog.cancaonova.com\/cuiaba\/files\/2024\/06\/PHN-2024-em-Cuiba-512x288.jpg 512w, https:\/\/blog.cancaonova.com\/cuiaba\/files\/2024\/06\/PHN-2024-em-Cuiba-1024x576.jpg 1024w, https:\/\/blog.cancaonova.com\/cuiaba\/files\/2024\/06\/PHN-2024-em-Cuiba-1536x864.jpg 1536w\" sizes=\"(max-width: 1920px) 100vw, 1920px\" \/><\/p>\n<p><b>S\u00e1bado, 24 de agosto<\/b><\/p>\n<p><span style=\"font-weight: 400\">17:00 &#8211; Ter\u00e7o Mariano e Of\u00edcio &#8211; <\/span><span style=\"font-weight: 400\">Jovens CN<\/span><\/p>\n<p><span style=\"font-weight: 400\">18:00 &#8211; <\/span><b>Santa Missa<\/b><span style=\"font-weight: 400\">\u00a0 &#8211; celebrante: <\/span><span style=\"font-weight: 400\">Padre Elenildo Pereira | <\/span><span style=\"font-weight: 400\">animador: Pitter<\/span><\/p>\n<p><span style=\"font-weight: 400\">19:30 &#8211; Intervalo [<\/span><span style=\"font-weight: 400\">Paralela com Jovens Sarados &#8211; em frente \u00e0 lanchonete<\/span><span style=\"font-weight: 400\">]<\/span><\/p>\n<p><span style=\"font-weight: 400\">20:30 &#8211; Louvor &#8211; <\/span><span style=\"font-weight: 400\">Banda Gaudium\u00a0<\/span><\/p>\n<p><span style=\"font-weight: 400\">21:30 &#8211; Louvor &#8211; <\/span><span style=\"font-weight: 400\">Pitter<\/span><\/p>\n<p><span style=\"font-weight: 400\">22:00 &#8211; <\/span><b>Adora\u00e7\u00e3o ao Sant\u00edssimo<\/b><span style=\"font-weight: 400\"> &#8211; <\/span><span style=\"font-weight: 400\">Pitter di Laura e Aline Duarte<\/span><\/p>\n<p><span style=\"font-weight: 400\">23:00 &#8211; B\u00ean\u00e7\u00e3o do Sant\u00edssimo [<\/span><span style=\"font-weight: 400\">Padre Joaquim Jos\u00e9<\/span><span style=\"font-weight: 400\">]<\/span><\/p>\n<p>&nbsp;<\/p>\n<p><b>Domingo, 25 de agosto<\/b><\/p>\n<p><span style=\"font-weight: 400\">10:00 &#8211; Ter\u00e7o Mariano &#8211; <\/span><span style=\"font-weight: 400\">Jovens CN<\/span><\/p>\n<p><span style=\"font-weight: 400\">10:30 &#8211; Louvor <\/span><span style=\"font-weight: 400\">| <\/span><span style=\"font-weight: 400\">animador: <\/span><span style=\"font-weight: 400\">Aline Duarte<\/span><\/p>\n<p><span style=\"font-weight: 400\">10:50 &#8211; Ora\u00e7\u00e3o da manh\u00e3 <\/span><b>\u201cN\u00e3o vos enganeis\u2026\u201d <\/b><span style=\"font-weight: 400\">(I Cor 6,9-10) <\/span><span style=\"font-weight: 400\">Silvio \u00c9lcio<\/span><\/p>\n<p><span style=\"font-weight: 400\">11:10 &#8211; Prega\u00e7\u00e3o <\/span><b>\u201c<\/b><b>Vem e segue-me<\/b><b>\u201d<\/b><span style=\"font-weight: 400\"> Mt 19,21 <\/span><span style=\"font-weight: 400\">Pitter di Laura<\/span><\/p>\n<p><span style=\"font-weight: 400\">12:20 &#8211; Promo\u00e7\u00e3o de palco<\/span><\/p>\n<p><span style=\"font-weight: 400\">12:30 &#8211; Almo\u00e7o<\/span><\/p>\n<p><span style=\"font-weight: 400\">13:00 &#8211; Workshop Vocacional <\/span><b>\u201cVai falar por mim\u201d<\/b><span style=\"font-weight: 400\"> [Capela da Miseric\u00f3rdia]<\/span><\/p>\n<p><span style=\"font-weight: 400\">13:30 &#8211; Louvor <\/span><span style=\"font-weight: 400\">| <\/span><span style=\"font-weight: 400\">animador: <\/span><span style=\"font-weight: 400\">Aline Duarte<\/span><\/p>\n<p><span style=\"font-weight: 400\">13:50 &#8211; Prega\u00e7\u00e3o <\/span><b>\u201c<\/b><b>OU SANTOS OU NADA, o sonho n\u00e3o acabou!<\/b><b>\u201d<\/b> <span style=\"font-weight: 400\">Pitter\u00a0<\/span><\/p>\n<p><span style=\"font-weight: 400\">14:50 &#8211; Adora\u00e7\u00e3o ao Sant\u00edssimo &#8211; <\/span><span style=\"font-weight: 400\">Padre Tony e ArqJovem<\/span><\/p>\n<p><span style=\"font-weight: 400\">16:00 &#8211; B\u00ean\u00e7\u00e3o do Sant\u00edssimo &#8211; <\/span><span style=\"font-weight: 400\">Padre Tony<\/span><\/p>\n<p><span style=\"font-weight: 400\">16:05 &#8211; <\/span><b>A semente foi lan\u00e7ada<\/b><span style=\"font-weight: 400\"> &#8211; <\/span><span style=\"font-weight: 400\">Pitter<\/span><\/p>\n<p><span style=\"font-weight: 400\">16:20 &#8211; Intervalo<\/span><\/p>\n<p><span style=\"font-weight: 400\">17:00 &#8211; <\/span><b>Santa Missa<\/b><span style=\"font-weight: 400\"> &#8211; celebrante: <\/span><span style=\"font-weight: 400\">Padre Paulo Ricardo | <\/span><span style=\"font-weight: 400\">animador: Pitter<\/span><\/p>\n<table>\n<tbody>\n<tr>\n<td><i><span style=\"font-weight: 400\">programa\u00e7\u00e3o sujeita a altera\u00e7\u00e3o sem aviso pr\u00e9vio<\/span><\/i><\/td>\n<\/tr>\n<\/tbody>\n<\/table>\n<p>&nbsp;<\/p>\n<p>Em meio aos desafios e tenta\u00e7\u00f5es que o mundo oferece, o PHN nos convida a refletir sobre o tema: &#8220;Ou santos, ou nada&#8221;. Essa express\u00e3o vai al\u00e9m de uma simples escolha; representa um compromisso, uma decis\u00e3o firme de buscar a santidade.<\/p>\n<p>O tema deste ano ressalta a urg\u00eancia de nos tornarmos santos, conscientes de que, um dia, estaremos diante do Senhor. A decis\u00e3o de ser santo, de viver segundo os ensinamentos de Cristo, ganha uma relev\u00e2ncia ainda maior quando consideramos a imin\u00eancia deste encontro.<\/p>\n<p>A programa\u00e7\u00e3o do evento oferece momentos de ora\u00e7\u00e3o, prega\u00e7\u00e3o e Santa Missa, proporcionando aos jovens as ferramentas necess\u00e1rias para viver o PHN em sua plenitude. E, claro, promete unir a busca pela santidade, com muita alegria e divers\u00e3o durante as atividades paralelas e os shows.<\/p>\n<p>Que o PHN 2024 seja um marco em sua vida, impulsionando-o a viver a santidade de maneira renovada e decidida, pois &#8220;Ou santos, ou nada&#8221; n\u00e3o \u00e9 s\u00f3 um tema, \u00e9 um convite para sermos diferentes, para fazermos a diferen\u00e7a.<\/p>\n<hr \/>\n<p style=\"text-align: center\">Informa\u00e7\u00f5es pelo whats app: <strong>65 99916-9185<\/strong><\/p>\n<hr \/>\n<p style=\"text-align: center\"><img loading=\"lazy\" decoding=\"async\" class=\"aligncenter size-full wp-image-874\" src=\"https:\/\/blog.cancaonova.com\/cuiaba\/files\/2024\/08\/PHN-2024.jpg\" alt=\"\" width=\"862\" height=\"1600\" srcset=\"https:\/\/blog.cancaonova.com\/cuiaba\/files\/2024\/08\/PHN-2024.jpg 862w, https:\/\/blog.cancaonova.com\/cuiaba\/files\/2024\/08\/PHN-2024-162x300.jpg 162w, https:\/\/blog.cancaonova.com\/cuiaba\/files\/2024\/08\/PHN-2024-768x1426.jpg 768w, https:\/\/blog.cancaonova.com\/cuiaba\/files\/2024\/08\/PHN-2024-828x1536.jpg 828w\" sizes=\"(max-width: 862px) 100vw, 862px\" \/><\/p>\n","protected":false},"excerpt":{"rendered":"<p>Dias 24 e 25 de agosto, prepare-se para uma experi\u00eancia que pode transformar a sua vida! A Comunidade Can\u00e7\u00e3o Nova, em Cuiab\u00e1 (MT), reunir\u00e1 jovens para o t\u00e3o esperado Encontro PHN. Est\u00e3o confirmadas as presen\u00e7as de: &#8211; Pitter di Laura,&#8230;<\/p>\n","protected":false},"author":4789,"featured_media":808,"comment_status":"open","ping_status":"open","sticky":false,"template":"","format":"standard","meta":{"_mi_skip_tracking":false,"_monsterinsights_sitenote_active":false,"_monsterinsights_sitenote_note":"","_monsterinsights_sitenote_category":0,"footnotes":""},"categories":[290478],"tags":[],"_links":{"self":[{"href":"https:\/\/blog.cancaonova.com\/cuiaba\/wp-json\/wp\/v2\/posts\/807"}],"collection":[{"href":"https:\/\/blog.cancaonova.com\/cuiaba\/wp-json\/wp\/v2\/posts"}],"about":[{"href":"https:\/\/blog.cancaonova.com\/cuiaba\/wp-json\/wp\/v2\/types\/post"}],"author":[{"embeddable":true,"href":"https:\/\/blog.cancaonova.com\/cuiaba\/wp-json\/wp\/v2\/users\/4789"}],"replies":[{"embeddable":true,"href":"https:\/\/blog.cancaonova.com\/cuiaba\/wp-json\/wp\/v2\/comments?post=807"}],"version-history":[{"count":9,"href":"https:\/\/blog.cancaonova.com\/cuiaba\/wp-json\/wp\/v2\/posts\/807\/revisions"}],"predecessor-version":[{"id":813,"href":"https:\/\/blog.cancaonova.com\/cuiaba\/wp-json\/wp\/v2\/posts\/807\/revisions\/813"}],"wp:featuredmedia":[{"embeddable":true,"href":"https:\/\/blog.cancaonova.com\/cuiaba\/wp-json\/wp\/v2\/media\/808"}],"wp:attachment":[{"href":"https:\/\/blog.cancaonova.com\/cuiaba\/wp-json\/wp\/v2\/media?parent=807"}],"wp:term":[{"taxonomy":"category","embeddable":true,"href":"https:\/\/blog.cancaonova.com\/cuiaba\/wp-json\/wp\/v2\/categories?post=807"},{"taxonomy":"post_tag","embeddable":true,"href":"https:\/\/blog.cancaonova.com\/cuiaba\/wp-json\/wp\/v2\/tags?post=807"}],"curies":[{"name":"wp","href":"https:\/\/api.w.org\/{rel}","templated":true}]}}