{"id":828,"date":"2024-06-25T14:54:48","date_gmt":"2024-06-25T17:54:48","guid":{"rendered":"https:\/\/blog.cancaonova.com\/cuiaba\/?p=828"},"modified":"2024-08-30T11:05:57","modified_gmt":"2024-08-30T14:05:57","slug":"irma-zelia","status":"publish","type":"post","link":"https:\/\/blog.cancaonova.com\/cuiaba\/2024\/06\/25\/irma-zelia\/","title":{"rendered":"Noite de Ora\u00e7\u00e3o com Irm\u00e3 Z\u00e9lia: ''Eu vi o Senhor!''"},"content":{"rendered":"<h3>&#8221;Eu vi o Senhor!&#8221; <span style=\"font-weight: 400;\">Jo\u00e3o 20,18 &#8211; tema da noite<\/span><\/h3>\n<p>A segunda-feira, 22 de julho de 2024, ter\u00e1 um toque especial da gra\u00e7a de Deus. Al\u00e9m da programa\u00e7\u00e3o que acontece todas as segundas-feiras com a Missa Votiva de S\u00e3o Bento no Rinc\u00e3o do Meu Senhor, no dia <strong>22 de julho a partir das 18h<\/strong>, os fi\u00e9is poder\u00e3o participar de uma noite de ora\u00e7\u00e3o com a presen\u00e7a da Irm\u00e3 Z\u00e9lia.<\/p>\n<p><img loading=\"lazy\" decoding=\"async\" class=\"aligncenter size-full wp-image-843\" src=\"https:\/\/blog.cancaonova.com\/cuiaba\/files\/2024\/06\/noite-de-oracao-irma-zelia-22-julho.jpg\" alt=\"\" width=\"1600\" height=\"900\" srcset=\"https:\/\/blog.cancaonova.com\/cuiaba\/files\/2024\/06\/noite-de-oracao-irma-zelia-22-julho.jpg 1600w, https:\/\/blog.cancaonova.com\/cuiaba\/files\/2024\/06\/noite-de-oracao-irma-zelia-22-julho-300x169.jpg 300w, https:\/\/blog.cancaonova.com\/cuiaba\/files\/2024\/06\/noite-de-oracao-irma-zelia-22-julho-768x432.jpg 768w, https:\/\/blog.cancaonova.com\/cuiaba\/files\/2024\/06\/noite-de-oracao-irma-zelia-22-julho-384x216.jpg 384w, https:\/\/blog.cancaonova.com\/cuiaba\/files\/2024\/06\/noite-de-oracao-irma-zelia-22-julho-512x288.jpg 512w, https:\/\/blog.cancaonova.com\/cuiaba\/files\/2024\/06\/noite-de-oracao-irma-zelia-22-julho-1024x576.jpg 1024w, https:\/\/blog.cancaonova.com\/cuiaba\/files\/2024\/06\/noite-de-oracao-irma-zelia-22-julho-1536x864.jpg 1536w\" sizes=\"(max-width: 1600px) 100vw, 1600px\" \/><\/p>\n<h3>Segue a programa\u00e7\u00e3o com os momentos de ora\u00e7\u00e3o que ser\u00e3o conduzidos pela religiosa:<\/h3>\n<p>18:00 &#8211; Ter\u00e7o mariano meditado<br \/>\n19:00 &#8211; Ora\u00e7\u00e3o carism\u00e1tica [antes da Santa Missa]<br \/>\n19:30 &#8211; Santa Missa &#8211; presidida pelo padre Elenildo Pereira<br \/>\n20:30 &#8211; Adora\u00e7\u00e3o ao Sant\u00edssimo Sacramento<\/p>\n<p>A participa\u00e7\u00e3o do evento \u00e9 gratu\u00edta, por\u00e9m a Can\u00e7\u00e3o Nova pede uma doa\u00e7\u00e3o espont\u00e2nea para custear as despesas, que ser\u00e1 feita no ofert\u00f3rio da celebra\u00e7\u00e3o eucar\u00edstica.<\/p>\n<h3><strong>Quem \u00e9 Irm\u00e3 Z\u00e9lia?<\/strong><\/h3>\n<p>Irm\u00e3 Z\u00e9lia \u00e9 religiosa da Congrega\u00e7\u00e3o das Irm\u00e3s da Copiosa Reden\u00e7\u00e3o. Ela viaja por todo o Brasil e no exterior sempre assumindo com alegria a sua voca\u00e7\u00e3o. Tem um vasto material de evangeliza\u00e7\u00e3o pela internet, assim como livros, prega\u00e7\u00f5es e condu\u00e7\u00e3o de retiros.<\/p>\n<p>Conhe\u00e7a melhor no instagram <a href=\"https:\/\/www.instagram.com\/irmazelia\">@irmazelia<\/a> e <a href=\"https:\/\/www.instagram.com\/copiosaredencao\">@copiosaredencao<\/a><\/p>\n<hr>\n<p>Para participar da noite de ora\u00e7\u00e3o n\u00e3o \u00e9 necess\u00e1rio fazer inscri\u00e7\u00e3o.<br \/>\nQuem chegar, seja bem-vindo!<\/p>\n<p style=\"text-align: center;\">Local: Comunidade Can\u00e7\u00e3o Nova [Rinc\u00e3o do Meu Senhor]<br \/>\nRua do Imperador, 502, Cristo Rei &#8211; V\u00e1rzea Grande\/MT<br \/>\nInforma\u00e7\u00f5es whats<strong> 65 99916-9185<\/strong><\/p>\n","protected":false},"excerpt":{"rendered":"<p>&#8221;Eu vi o Senhor!&#8221; Jo\u00e3o 20,18 &#8211; tema da noite A segunda-feira, 22 de julho de 2024, ter\u00e1 um toque especial da gra\u00e7a de Deus. Al\u00e9m da programa\u00e7\u00e3o que acontece todas as segundas-feiras com a Missa Votiva de S\u00e3o Bento&#8230;<\/p>\n","protected":false},"author":4789,"featured_media":843,"comment_status":"closed","ping_status":"closed","sticky":false,"template":"","format":"standard","meta":{"_mi_skip_tracking":false,"_monsterinsights_sitenote_active":false,"_monsterinsights_sitenote_note":"","_monsterinsights_sitenote_category":0,"footnotes":""},"categories":[29348],"tags":[261,290482],"_links":{"self":[{"href":"https:\/\/blog.cancaonova.com\/cuiaba\/wp-json\/wp\/v2\/posts\/828"}],"collection":[{"href":"https:\/\/blog.cancaonova.com\/cuiaba\/wp-json\/wp\/v2\/posts"}],"about":[{"href":"https:\/\/blog.cancaonova.com\/cuiaba\/wp-json\/wp\/v2\/types\/post"}],"author":[{"embeddable":true,"href":"https:\/\/blog.cancaonova.com\/cuiaba\/wp-json\/wp\/v2\/users\/4789"}],"replies":[{"embeddable":true,"href":"https:\/\/blog.cancaonova.com\/cuiaba\/wp-json\/wp\/v2\/comments?post=828"}],"version-history":[{"count":5,"href":"https:\/\/blog.cancaonova.com\/cuiaba\/wp-json\/wp\/v2\/posts\/828\/revisions"}],"predecessor-version":[{"id":894,"href":"https:\/\/blog.cancaonova.com\/cuiaba\/wp-json\/wp\/v2\/posts\/828\/revisions\/894"}],"wp:featuredmedia":[{"embeddable":true,"href":"https:\/\/blog.cancaonova.com\/cuiaba\/wp-json\/wp\/v2\/media\/843"}],"wp:attachment":[{"href":"https:\/\/blog.cancaonova.com\/cuiaba\/wp-json\/wp\/v2\/media?parent=828"}],"wp:term":[{"taxonomy":"category","embeddable":true,"href":"https:\/\/blog.cancaonova.com\/cuiaba\/wp-json\/wp\/v2\/categories?post=828"},{"taxonomy":"post_tag","embeddable":true,"href":"https:\/\/blog.cancaonova.com\/cuiaba\/wp-json\/wp\/v2\/tags?post=828"}],"curies":[{"name":"wp","href":"https:\/\/api.w.org\/{rel}","templated":true}]}}