{"id":834,"date":"2024-06-25T16:15:21","date_gmt":"2024-06-25T19:15:21","guid":{"rendered":"https:\/\/blog.cancaonova.com\/cuiaba\/?p=834"},"modified":"2024-06-25T16:13:08","modified_gmt":"2024-06-25T19:13:08","slug":"expoagro","status":"publish","type":"post","link":"https:\/\/blog.cancaonova.com\/cuiaba\/2024\/06\/25\/expoagro\/","title":{"rendered":"Emanuel St\u00eanio far\u00e1 show de encerramento da 56\u00aa ExpoAgro em Cuiab\u00e1"},"content":{"rendered":"<h3>&#8220;N\u00e3o h\u00e1 portas fechas para o Evangelho&#8221;, padre Jonas Abib<\/h3>\n<p>O palco da ExpoAgro [exposi\u00e7\u00e3o industrial, comercial e agropecu\u00e1ria do estado do Mato Grosso] em seu enceramento dia 21 de julho de 2024, ser\u00e1 espa\u00e7o para uma grande noite cat\u00f3lica de show e ora\u00e7\u00e3o.<\/p>\n<p>O encerramento da 56\u00aa edi\u00e7\u00e3o do evento, no parque de exposi\u00e7\u00e3o no Dom Aquino em Cuiab\u00e1\/MT, est\u00e1 por conta da Igreja Cat\u00f3lica, representada da Comunidade Can\u00e7\u00e3o Nova, Par\u00f3quia S\u00e3o Gon\u00e7alo [do Porto] e Renova\u00e7\u00e3o Carism\u00e1tica Cat\u00f3lica.<\/p>\n<p><img loading=\"lazy\" decoding=\"async\" class=\"aligncenter size-full wp-image-837\" src=\"https:\/\/blog.cancaonova.com\/cuiaba\/files\/2024\/06\/noite-catolica-expoagro-1.jpg\" alt=\"\" width=\"1080\" height=\"1745\" srcset=\"https:\/\/blog.cancaonova.com\/cuiaba\/files\/2024\/06\/noite-catolica-expoagro-1.jpg 1080w, https:\/\/blog.cancaonova.com\/cuiaba\/files\/2024\/06\/noite-catolica-expoagro-1-186x300.jpg 186w, https:\/\/blog.cancaonova.com\/cuiaba\/files\/2024\/06\/noite-catolica-expoagro-1-768x1241.jpg 768w, https:\/\/blog.cancaonova.com\/cuiaba\/files\/2024\/06\/noite-catolica-expoagro-1-951x1536.jpg 951w\" sizes=\"(max-width: 1080px) 100vw, 1080px\" \/><\/p>\n<h3>Para conduzir os momentos de ora\u00e7\u00e3o e m\u00fasica, est\u00e3o confirmadas as presen\u00e7as de:<\/h3>\n<ul>\n<li>Emanuel St\u00eanio, mission\u00e1rio da Can\u00e7\u00e3o Nova de Aracaju\/SE,<\/li>\n<li>Banda Dogma,<\/li>\n<li>padre Elenildo Pereira, respons\u00e1vel pela Can\u00e7\u00e3o Nova em Cuiab\u00e1\/MT e<\/li>\n<li>padre Idenilson Lemes, p\u00e1roco da S\u00e3o Gon\u00e7alo.<\/li>\n<\/ul>\n<p><strong>O in\u00edcio da programa\u00e7\u00e3o no palco central est\u00e1 previsto para \u00e0s 17h<\/strong>. A entrada \u00e9 gratu\u00edta, mas levando 2kg de alimentos n\u00e3o perec\u00edveis os partipantes concorrem a um 2 iphones 15.<\/p>\n<p><img loading=\"lazy\" decoding=\"async\" class=\"aligncenter size-full wp-image-835\" src=\"https:\/\/blog.cancaonova.com\/cuiaba\/files\/2024\/06\/ifhone-sorteio.jpg\" alt=\"\" width=\"1234\" height=\"790\" srcset=\"https:\/\/blog.cancaonova.com\/cuiaba\/files\/2024\/06\/ifhone-sorteio.jpg 1234w, https:\/\/blog.cancaonova.com\/cuiaba\/files\/2024\/06\/ifhone-sorteio-300x192.jpg 300w, https:\/\/blog.cancaonova.com\/cuiaba\/files\/2024\/06\/ifhone-sorteio-768x492.jpg 768w\" sizes=\"(max-width: 1234px) 100vw, 1234px\" \/><\/p>\n<p>Segundo o fundador da Can\u00e7\u00e3o Nova, padre Jonas Abib <em>&#8221;<a href=\"https:\/\/padrejonas.cancaonova.com\/mensagem-do-dia\/nao-ha-portas-fechadas-para-o-evangelho\/\">n\u00e3o h\u00e1 portas fechadas para o Evangelho<\/a>. N\u00e3o h\u00e1 situa\u00e7\u00f5es insol\u00faveis diante do louvor. Por isso, o segredo est\u00e1 Nele&#8221;,<\/em> e \u00e9 com essa motiva\u00e7\u00e3o que uma multid\u00e3o de cat\u00f3licos estar\u00e3o no encerramento da 56\u00aa ExpoAgro, louvando a Deus e manifestando publicamente a sua f\u00e9.<\/p>\n<h3 style=\"text-align: center\">Voc\u00ea n\u00e3o vai ficar de fora dessa, vai?<\/h3>\n<p>&nbsp;<\/p>\n","protected":false},"excerpt":{"rendered":"<p>&#8220;N\u00e3o h\u00e1 portas fechas para o Evangelho&#8221;, padre Jonas Abib O palco da ExpoAgro [exposi\u00e7\u00e3o industrial, comercial e agropecu\u00e1ria do estado do Mato Grosso] em seu enceramento dia 21 de julho de 2024, ser\u00e1 espa\u00e7o para uma grande noite cat\u00f3lica&#8230;<\/p>\n","protected":false},"author":4789,"featured_media":838,"comment_status":"open","ping_status":"open","sticky":false,"template":"","format":"standard","meta":{"_mi_skip_tracking":false,"_monsterinsights_sitenote_active":false,"_monsterinsights_sitenote_note":"","_monsterinsights_sitenote_category":0,"footnotes":""},"categories":[290472],"tags":[],"_links":{"self":[{"href":"https:\/\/blog.cancaonova.com\/cuiaba\/wp-json\/wp\/v2\/posts\/834"}],"collection":[{"href":"https:\/\/blog.cancaonova.com\/cuiaba\/wp-json\/wp\/v2\/posts"}],"about":[{"href":"https:\/\/blog.cancaonova.com\/cuiaba\/wp-json\/wp\/v2\/types\/post"}],"author":[{"embeddable":true,"href":"https:\/\/blog.cancaonova.com\/cuiaba\/wp-json\/wp\/v2\/users\/4789"}],"replies":[{"embeddable":true,"href":"https:\/\/blog.cancaonova.com\/cuiaba\/wp-json\/wp\/v2\/comments?post=834"}],"version-history":[{"count":4,"href":"https:\/\/blog.cancaonova.com\/cuiaba\/wp-json\/wp\/v2\/posts\/834\/revisions"}],"predecessor-version":[{"id":839,"href":"https:\/\/blog.cancaonova.com\/cuiaba\/wp-json\/wp\/v2\/posts\/834\/revisions\/839"}],"wp:featuredmedia":[{"embeddable":true,"href":"https:\/\/blog.cancaonova.com\/cuiaba\/wp-json\/wp\/v2\/media\/838"}],"wp:attachment":[{"href":"https:\/\/blog.cancaonova.com\/cuiaba\/wp-json\/wp\/v2\/media?parent=834"}],"wp:term":[{"taxonomy":"category","embeddable":true,"href":"https:\/\/blog.cancaonova.com\/cuiaba\/wp-json\/wp\/v2\/categories?post=834"},{"taxonomy":"post_tag","embeddable":true,"href":"https:\/\/blog.cancaonova.com\/cuiaba\/wp-json\/wp\/v2\/tags?post=834"}],"curies":[{"name":"wp","href":"https:\/\/api.w.org\/{rel}","templated":true}]}}