{"id":854,"date":"2024-07-10T16:04:00","date_gmt":"2024-07-10T19:04:00","guid":{"rendered":"https:\/\/blog.cancaonova.com\/cuiaba\/?p=854"},"modified":"2024-09-09T09:37:55","modified_gmt":"2024-09-09T12:37:55","slug":"avivamento","status":"publish","type":"post","link":"https:\/\/blog.cancaonova.com\/cuiaba\/2024\/07\/10\/avivamento\/","title":{"rendered":"Aprofundamento ''A profecia do avivamento'' com Mois\u00e9s Rocha e padre Roger Luis"},"content":{"rendered":"<h3>Avivamento: Consumidos pelo reino, impactados pelo avivamento<\/h3>\n<p style=\"text-align: center\">***************************<br \/>\n<a href=\"https:\/\/www.sympla.com.br\/evento\/aprofundamento-a-profecia-do-avivamento\/2541482\">Inscri\u00e7\u00f5es online encerradas.<br \/>\nNovas inscri\u00e7\u00f5es na hora e local do evento.<\/a><\/p>\n<p style=\"text-align: center\">***************************<\/p>\n<p><a href=\"https:\/\/www.sympla.com.br\/evento\/aprofundamento-a-profecia-do-avivamento\/2541482\"><img loading=\"lazy\" decoding=\"async\" class=\"aligncenter wp-image-877 size-full\" src=\"https:\/\/blog.cancaonova.com\/cuiaba\/files\/2024\/07\/profecia-do-avivamento-cuiaba-moises-rocha.jpg\" alt=\"\" width=\"1600\" height=\"900\" srcset=\"https:\/\/blog.cancaonova.com\/cuiaba\/files\/2024\/07\/profecia-do-avivamento-cuiaba-moises-rocha.jpg 1600w, https:\/\/blog.cancaonova.com\/cuiaba\/files\/2024\/07\/profecia-do-avivamento-cuiaba-moises-rocha-300x169.jpg 300w, https:\/\/blog.cancaonova.com\/cuiaba\/files\/2024\/07\/profecia-do-avivamento-cuiaba-moises-rocha-768x432.jpg 768w, https:\/\/blog.cancaonova.com\/cuiaba\/files\/2024\/07\/profecia-do-avivamento-cuiaba-moises-rocha-384x216.jpg 384w, https:\/\/blog.cancaonova.com\/cuiaba\/files\/2024\/07\/profecia-do-avivamento-cuiaba-moises-rocha-512x288.jpg 512w, https:\/\/blog.cancaonova.com\/cuiaba\/files\/2024\/07\/profecia-do-avivamento-cuiaba-moises-rocha-1024x576.jpg 1024w, https:\/\/blog.cancaonova.com\/cuiaba\/files\/2024\/07\/profecia-do-avivamento-cuiaba-moises-rocha-1536x864.jpg 1536w\" sizes=\"(max-width: 1600px) 100vw, 1600px\" \/><\/a><\/p>\n<p>O evento \u201cA profecia do avivamento\u201d \u00e9 uma oportunidade de aprofundar-se no que Deus quer revelar para voc\u00ea neste tempo, a partir de prega\u00e7\u00f5es e momentos fortes de ora\u00e7\u00e3o sincera e profunda.<\/p>\n<p><strong>S\u00e3o 3 noites, de 9 a 11 de setembro de 2024<\/strong>, de programa\u00e7\u00e3o nesta tem\u00e1tica, com a presen\u00e7a dos mission\u00e1rios Mois\u00e9s Rocha e padre Roger Luis.<\/p>\n<p>A primeira noite, segunda-feira dia 9 de setembro, \u00e9 um b\u00f4nus &#8211; n\u00e3o precisa inscri\u00e7\u00e3o, portanto a entrada \u00e9 gratuita.<\/p>\n<p>Para as duas pr\u00f3ximas noites, o participante deve fazer a <a href=\"https:\/\/www.sympla.com.br\/evento\/aprofundamento-a-profecia-do-avivamento\/2541482\">inscri\u00e7\u00e3o<\/a> antecipadamente, que dar\u00e1 direito para participar do aprofundamento nos dias 10 e 11 de setembro, ter\u00e7a e quarta-feira.<\/p>\n<p>&#8211; R$ 40: at\u00e9 o dia 8 de setembro [lote promocional]<strong><br \/>\n&#8211; R$ 50: no dia do evento [inscri\u00e7\u00e3o presencial, no local e hor\u00e1rio do evento]<\/strong><\/p>\n<h3>Programa\u00e7\u00e3o completa<\/h3>\n<p><strong>Segunda-feira &#8211; 9\/set<\/strong><br \/>\n<em>[evento aberto &#8211; b\u00f4nus]<\/em><br \/>\n18:00 \u00e0s 18:30 &#8211; Ter\u00e7o mariano e acolhida<br \/>\n18:30 \u00e0s 19:00 &#8211; Louvor e ora\u00e7\u00e3o<br \/>\n19:00 \u00e0s 20:00 &#8211; <strong>Prega\u00e7\u00e3o \u201cLan\u00e7ai fora o fermento velho, pois Cristo j\u00e1 est\u00e1 imolado\u201d <\/strong>Conf Rom 5, 1-8<strong> &#8211; Mois\u00e9s Rocha<\/strong><br \/>\n20:00 \u00e0s 21:30 &#8211; Santa Missa com padre Roger Luis<\/p>\n<p><strong>Ter\u00e7a-feira &#8211; 10\/set<\/strong><br \/>\n<em>[Aprofundamento &#8211; precisa fazer inscri\u00e7\u00e3o]<\/em><br \/>\n18:00 &#8211; Ter\u00e7o Mariano<br \/>\n19:00 &#8211; Ora\u00e7\u00e3o &#8211; Padre Roger Luis<br \/>\n19:15 &#8211; Prega\u00e7\u00e3o<strong> \u201cJesus, a verdade que liberta\u201d MOIS\u00c9S Rocha<\/strong><br \/>\n20:15 &#8211; Intervalo<br \/>\n20:30 &#8211; Louvor<br \/>\n20:45 &#8211; Prega\u00e7\u00e3o<strong> \u201cEsp\u00edrito Santo, a for\u00e7a que levanta o abatido\u201d MOIS\u00c9S Rocha<\/strong><br \/>\n21:45 &#8211; Encerramento &#8211; ora\u00e7\u00e3o com Padre Roger Luis<\/p>\n<p><strong>Quarta-feira &#8211; 11\/set<\/strong><br \/>\n<em>[Aprofundamento &#8211; precisa fazer inscri\u00e7\u00e3o]<\/em><br \/>\n18:00 &#8211; Ter\u00e7o Mariano<br \/>\n19:00 &#8211; Louvor<br \/>\n19:15 &#8211; Prega\u00e7\u00e3o <strong>\u201cConsumidos pelo reino\u201d Padre Roger Luis<\/strong><br \/>\n20:15 &#8211; Intervalo<br \/>\n20:30 &#8211; Louvor<br \/>\n20:45 &#8211; Prega\u00e7\u00e3o <strong>\u201cImpactados pelo avivamento\u201d Padre Roger Luis<\/strong><br \/>\n21:45 &#8211; Encerramento<\/p>\n<p>A programa\u00e7\u00e3o pode sofrer altera\u00e7\u00f5es mediante a novas inspira\u00e7\u00f5es de Deus durante o pr\u00f3prio evento.<\/p>\n<p>D\u00favidas ou outras informa\u00e7\u00f5es voc\u00ea consegue via whatsapp no contato<strong> 65 99916-9185<\/strong> ou email <strong>eventoscuiaba@cancaonova.com<\/strong><\/p>\n<p>&nbsp;<\/p>\n","protected":false},"excerpt":{"rendered":"<p>Avivamento: Consumidos pelo reino, impactados pelo avivamento *************************** Inscri\u00e7\u00f5es online encerradas. Novas inscri\u00e7\u00f5es na hora e local do evento. *************************** O evento \u201cA profecia do avivamento\u201d \u00e9 uma oportunidade de aprofundar-se no que Deus quer revelar para voc\u00ea neste tempo,&#8230;<\/p>\n","protected":false},"author":4789,"featured_media":877,"comment_status":"closed","ping_status":"closed","sticky":false,"template":"","format":"standard","meta":{"_mi_skip_tracking":false,"_monsterinsights_sitenote_active":false,"_monsterinsights_sitenote_note":"","_monsterinsights_sitenote_category":0,"footnotes":""},"categories":[290477],"tags":[],"_links":{"self":[{"href":"https:\/\/blog.cancaonova.com\/cuiaba\/wp-json\/wp\/v2\/posts\/854"}],"collection":[{"href":"https:\/\/blog.cancaonova.com\/cuiaba\/wp-json\/wp\/v2\/posts"}],"about":[{"href":"https:\/\/blog.cancaonova.com\/cuiaba\/wp-json\/wp\/v2\/types\/post"}],"author":[{"embeddable":true,"href":"https:\/\/blog.cancaonova.com\/cuiaba\/wp-json\/wp\/v2\/users\/4789"}],"replies":[{"embeddable":true,"href":"https:\/\/blog.cancaonova.com\/cuiaba\/wp-json\/wp\/v2\/comments?post=854"}],"version-history":[{"count":6,"href":"https:\/\/blog.cancaonova.com\/cuiaba\/wp-json\/wp\/v2\/posts\/854\/revisions"}],"predecessor-version":[{"id":903,"href":"https:\/\/blog.cancaonova.com\/cuiaba\/wp-json\/wp\/v2\/posts\/854\/revisions\/903"}],"wp:featuredmedia":[{"embeddable":true,"href":"https:\/\/blog.cancaonova.com\/cuiaba\/wp-json\/wp\/v2\/media\/877"}],"wp:attachment":[{"href":"https:\/\/blog.cancaonova.com\/cuiaba\/wp-json\/wp\/v2\/media?parent=854"}],"wp:term":[{"taxonomy":"category","embeddable":true,"href":"https:\/\/blog.cancaonova.com\/cuiaba\/wp-json\/wp\/v2\/categories?post=854"},{"taxonomy":"post_tag","embeddable":true,"href":"https:\/\/blog.cancaonova.com\/cuiaba\/wp-json\/wp\/v2\/tags?post=854"}],"curies":[{"name":"wp","href":"https:\/\/api.w.org\/{rel}","templated":true}]}}