{"id":879,"date":"2024-07-09T21:41:02","date_gmt":"2024-07-10T00:41:02","guid":{"rendered":"https:\/\/blog.cancaonova.com\/cuiaba\/?p=879"},"modified":"2024-08-15T17:40:49","modified_gmt":"2024-08-15T20:40:49","slug":"maes_que_oram","status":"publish","type":"post","link":"https:\/\/blog.cancaonova.com\/cuiaba\/2024\/07\/09\/maes_que_oram\/","title":{"rendered":"14 de setembro \u00e9 dia de Encontro Estadual das M\u00c3ES QUE ORAM pelos filhos"},"content":{"rendered":"<div>V\u00e1rzea Grande sediar\u00e1 o V Encontro Estadual das &#8220;M\u00e3es que Oram Pelos Filhos&#8221; de Mato Grosso. O evento ser\u00e1 dia 14 de setembro, s\u00e1bado, com o tema: <b>NA CRUZ A RECONCILIA\u00c7\u00c3O!<\/b><\/div>\n<div style=\"text-align: center\">&#8230;&#8230;&#8230;&#8230;&#8230;&#8230;&#8230;&#8230;&#8230;&#8230;&#8230;&#8230;&#8230;&#8230;&#8230;&#8230;&#8230;.<\/div>\n<div style=\"text-align: center\"><strong>Fa\u00e7a sua <a href=\"https:\/\/docs.google.com\/forms\/d\/e\/1FAIpQLSeUX6N3PSfCi-mXL1yK22gBA-TIrDhpHJaHKwBbOuhFQ6QCRg\/viewform\">INSCRI\u00c7\u00c3O AQUI<\/a>\u00a0<\/strong><\/div>\n<div>\n<div style=\"text-align: center\">&#8230;&#8230;&#8230;&#8230;&#8230;&#8230;&#8230;&#8230;&#8230;&#8230;&#8230;&#8230;&#8230;&#8230;&#8230;&#8230;&#8230;.<\/div>\n<div style=\"text-align: center\"><\/div>\n<\/div>\n<div><a href=\"https:\/\/docs.google.com\/forms\/d\/e\/1FAIpQLSeUX6N3PSfCi-mXL1yK22gBA-TIrDhpHJaHKwBbOuhFQ6QCRg\/viewform\"><img loading=\"lazy\" decoding=\"async\" class=\"aligncenter wp-image-881 size-full\" src=\"https:\/\/blog.cancaonova.com\/cuiaba\/files\/2024\/08\/maes-que-oram-mato-grosso.jpg\" alt=\"\" width=\"1080\" height=\"1080\" srcset=\"https:\/\/blog.cancaonova.com\/cuiaba\/files\/2024\/08\/maes-que-oram-mato-grosso.jpg 1080w, https:\/\/blog.cancaonova.com\/cuiaba\/files\/2024\/08\/maes-que-oram-mato-grosso-300x300.jpg 300w, https:\/\/blog.cancaonova.com\/cuiaba\/files\/2024\/08\/maes-que-oram-mato-grosso-150x150.jpg 150w, https:\/\/blog.cancaonova.com\/cuiaba\/files\/2024\/08\/maes-que-oram-mato-grosso-768x768.jpg 768w\" sizes=\"(max-width: 1080px) 100vw, 1080px\" \/><\/a><\/div>\n<div><b>Local:<\/b> Can\u00e7\u00e3o Nova &#8211; V\u00e1rzea Grande &#8211; MT<br \/>\n<b>Taxa de Inscri\u00e7\u00e3o:<\/b>\u00a0R$ 40,00 (almo\u00e7o incluso)<br \/>\n<b>O pagamento<\/b>\u00a0poder\u00e1 ser feito por:<\/div>\n<div><b>PIX: 66999030543 (celular) <\/b>ou<\/div>\n<div><b>Dep\u00f3sito em Conta Corrente:\u00a0<\/b><\/div>\n<div>Banco Sicoob &#8211; 756 | Ag\u00eancia: 4345\u00a0 | Conta: 27.086-5<\/div>\n<div>CPF 01501839926 &#8211; Patr\u00edcia Alcantara Andrade<br \/>\nSecret\u00e1ria do Movimento em Mato Grosso<\/div>\n<div><\/div>\n<div>A confirma\u00e7\u00e3o da inscri\u00e7\u00e3o ser\u00e1 feita ap\u00f3s o recebimento do comprovante de pagamento.<\/div>\n<div><b><i>O Comprovante dever\u00e1 ser anexado nesse formul\u00e1rio ou enviado pelo whatsapp para o celular: <\/i><\/b><b><i>(66) 999030543<\/i><\/b><\/div>\n<div><b><i>\u00a0<\/i><\/b><\/div>\n<div style=\"text-align: center\"><b><i>RETIRADA DAS PULSEIRAS NO S\u00c1BADO, 14\/09\/2024<br \/>\n\u00c0 PARTIR DAS 6 HORAS NO LOCAL DO EVENTO<\/i><\/b><\/div>\n<div>\n<div style=\"text-align: center\">&#8230;&#8230;&#8230;&#8230;&#8230;&#8230;&#8230;&#8230;&#8230;&#8230;&#8230;&#8230;&#8230;&#8230;&#8230;&#8230;&#8230;.<\/div>\n<div style=\"text-align: center\"><strong>Fa\u00e7a sua <a href=\"https:\/\/docs.google.com\/forms\/d\/e\/1FAIpQLSeUX6N3PSfCi-mXL1yK22gBA-TIrDhpHJaHKwBbOuhFQ6QCRg\/viewform\">INSCRI\u00c7\u00c3O AQUI<\/a>\u00a0<\/strong><\/div>\n<div>\n<div style=\"text-align: center\">&#8230;&#8230;&#8230;&#8230;&#8230;&#8230;&#8230;&#8230;&#8230;&#8230;&#8230;&#8230;&#8230;&#8230;&#8230;&#8230;&#8230;.<\/div>\n<\/div>\n<\/div>\n","protected":false},"excerpt":{"rendered":"<p>V\u00e1rzea Grande sediar\u00e1 o V Encontro Estadual das &#8220;M\u00e3es que Oram Pelos Filhos&#8221; de Mato Grosso. O evento ser\u00e1 dia 14 de setembro, s\u00e1bado, com o tema: NA CRUZ A RECONCILIA\u00c7\u00c3O! &#8230;&#8230;&#8230;&#8230;&#8230;&#8230;&#8230;&#8230;&#8230;&#8230;&#8230;&#8230;&#8230;&#8230;&#8230;&#8230;&#8230;. Fa\u00e7a sua INSCRI\u00c7\u00c3O AQUI\u00a0 &#8230;&#8230;&#8230;&#8230;&#8230;&#8230;&#8230;&#8230;&#8230;&#8230;&#8230;&#8230;&#8230;&#8230;&#8230;&#8230;&#8230;. Local: Can\u00e7\u00e3o Nova&#8230;<\/p>\n","protected":false},"author":4789,"featured_media":880,"comment_status":"open","ping_status":"open","sticky":false,"template":"","format":"standard","meta":{"_mi_skip_tracking":false,"_monsterinsights_sitenote_active":false,"_monsterinsights_sitenote_note":"","_monsterinsights_sitenote_category":0,"footnotes":""},"categories":[290476],"tags":[],"_links":{"self":[{"href":"https:\/\/blog.cancaonova.com\/cuiaba\/wp-json\/wp\/v2\/posts\/879"}],"collection":[{"href":"https:\/\/blog.cancaonova.com\/cuiaba\/wp-json\/wp\/v2\/posts"}],"about":[{"href":"https:\/\/blog.cancaonova.com\/cuiaba\/wp-json\/wp\/v2\/types\/post"}],"author":[{"embeddable":true,"href":"https:\/\/blog.cancaonova.com\/cuiaba\/wp-json\/wp\/v2\/users\/4789"}],"replies":[{"embeddable":true,"href":"https:\/\/blog.cancaonova.com\/cuiaba\/wp-json\/wp\/v2\/comments?post=879"}],"version-history":[{"count":3,"href":"https:\/\/blog.cancaonova.com\/cuiaba\/wp-json\/wp\/v2\/posts\/879\/revisions"}],"predecessor-version":[{"id":885,"href":"https:\/\/blog.cancaonova.com\/cuiaba\/wp-json\/wp\/v2\/posts\/879\/revisions\/885"}],"wp:featuredmedia":[{"embeddable":true,"href":"https:\/\/blog.cancaonova.com\/cuiaba\/wp-json\/wp\/v2\/media\/880"}],"wp:attachment":[{"href":"https:\/\/blog.cancaonova.com\/cuiaba\/wp-json\/wp\/v2\/media?parent=879"}],"wp:term":[{"taxonomy":"category","embeddable":true,"href":"https:\/\/blog.cancaonova.com\/cuiaba\/wp-json\/wp\/v2\/categories?post=879"},{"taxonomy":"post_tag","embeddable":true,"href":"https:\/\/blog.cancaonova.com\/cuiaba\/wp-json\/wp\/v2\/tags?post=879"}],"curies":[{"name":"wp","href":"https:\/\/api.w.org\/{rel}","templated":true}]}}