{"id":897,"date":"2024-07-14T14:56:33","date_gmt":"2024-07-14T17:56:33","guid":{"rendered":"https:\/\/blog.cancaonova.com\/cuiaba\/?p=897"},"modified":"2024-10-15T13:14:25","modified_gmt":"2024-10-15T16:14:25","slug":"marcio_mendes","status":"publish","type":"post","link":"https:\/\/blog.cancaonova.com\/cuiaba\/2024\/07\/14\/marcio_mendes\/","title":{"rendered":"Inscreva-se: Aprofundamento de cura e liberta\u00e7\u00e3o com M\u00e1rcio Mendes"},"content":{"rendered":"<p><span><!-- Meta Pixel Code -->\r\n<script>\r\n!function(f,b,e,v,n,t,s)\r\n{if(f.fbq)return;n=f.fbq=function(){n.callMethod?\r\nn.callMethod.apply(n,arguments):n.queue.push(arguments)};\r\nif(!f._fbq)f._fbq=n;n.push=n;n.loaded=!0;n.version='2.0';\r\nn.queue=[];t=b.createElement(e);t.async=!0;\r\nt.src=v;s=b.getElementsByTagName(e)[0];\r\ns.parentNode.insertBefore(t,s)}(window, document,'script',\r\n'https:\/\/connect.facebook.net\/en_US\/fbevents.js');\r\nfbq('init', '560464386444786');\r\nfbq('track', 'PageView');\r\n<\/script>\r\n<noscript><img height=\"1\" width=\"1\" style=\"display:none\"\r\nsrc=\"https:\/\/www.facebook.com\/tr?id=560464386444786&ev=PageView&noscript=1\"\r\n\/><\/noscript>\r\n<!-- End Meta Pixel Code -->O mission\u00e1rio e apresentador do programa \u201cSorrindo pra Vida\u201d, M\u00e1rcio Mendes, estar\u00e1 no Rinc\u00e3o do Meu Senhor, na sede da Comunidade Can\u00e7\u00e3o Nova na Arquidiocese de Cuiab\u00e1\/MT.<\/span><\/p>\n<p style=\"text-align: center\">************************************<br \/>\n<a href=\"https:\/\/www.sympla.com.br\/evento\/aprofundamento-de-cura-e-libertacao-com-marcio-mendes\/2625350\">Inscreva-se e GARANTA A SUA VAGA<\/a><br \/>\n************************************<\/p>\n<p><a href=\"https:\/\/www.sympla.com.br\/evento\/aprofundamento-de-cura-e-libertacao-com-marcio-mendes\/2625350\"><img loading=\"lazy\" decoding=\"async\" class=\"aligncenter wp-image-898 size-full\" src=\"https:\/\/blog.cancaonova.com\/cuiaba\/files\/2024\/09\/mm.jpg\" alt=\"\" width=\"1600\" height=\"900\" srcset=\"https:\/\/blog.cancaonova.com\/cuiaba\/files\/2024\/09\/mm.jpg 1600w, https:\/\/blog.cancaonova.com\/cuiaba\/files\/2024\/09\/mm-300x169.jpg 300w, https:\/\/blog.cancaonova.com\/cuiaba\/files\/2024\/09\/mm-768x432.jpg 768w, https:\/\/blog.cancaonova.com\/cuiaba\/files\/2024\/09\/mm-384x216.jpg 384w, https:\/\/blog.cancaonova.com\/cuiaba\/files\/2024\/09\/mm-512x288.jpg 512w, https:\/\/blog.cancaonova.com\/cuiaba\/files\/2024\/09\/mm-1024x576.jpg 1024w, https:\/\/blog.cancaonova.com\/cuiaba\/files\/2024\/09\/mm-1536x864.jpg 1536w\" sizes=\"(max-width: 1600px) 100vw, 1600px\" \/><\/a><\/p>\n<p>M\u00e1rcio Mendes conduzir\u00e1 uma noite de aprofundamento de cura e liberta\u00e7\u00e3o com o tema: <strong>Fica livre do teu mal<\/strong>.<\/p>\n<p>O evento acontecer\u00e1 na <strong>noite de 5 de novembro de 2024, ter\u00e7a-feira<\/strong>. A programa\u00e7\u00e3o conta com momentos de louvor, ora\u00e7\u00e3o e prega\u00e7\u00f5es.<\/p>\n<h3>Garanta a sua inscri\u00e7\u00e3o<\/h3>\n<p>A inscri\u00e7\u00e3o d\u00e1 direito \u00e0 participa\u00e7\u00e3o em todo o evento e voc\u00ea ganhar\u00e1 dois brindes:<br \/>\n&#8211; Novena de Natal edi\u00e7\u00e3o 2024, escrita pelo M\u00e1rcio Mendes,<br \/>\n&#8211; Livro \u201c<a href=\"https:\/\/loja.cancaonova.com\/livro-gotas-de-sabedoria-dos-santos\">Gotas de Sabedoria dos Santos<\/a>\u201d lan\u00e7ado recentemente pelo padre Elenildo Pereira.<\/p>\n<p>Para participar fa\u00e7a a sua inscri\u00e7\u00e3o antecipadamente e garanta a sua entrada, pois as vagas s\u00e3o limitadas.<br \/>\n<strong>&#8211; <a href=\"https:\/\/www.sympla.com.br\/evento\/aprofundamento-de-cura-e-libertacao-com-marcio-mendes\/2625350\">lote promocional: R$ 40 [at\u00e9 o dia 3\/nov\/2024]<\/a><\/strong><br \/>\n&#8211; no dia do evento: R$ 50<\/p>\n<h3>Programa\u00e7\u00e3o: 5 de novembro &#8211; ter\u00e7a-feira<\/h3>\n<p>16:30 &#8211; in\u00edcio do credenciamento \/ abertura dos port\u00f5es<br \/>\n18:00 &#8211; ter\u00e7o mariano<br \/>\n18:30 &#8211; acolhida \/ louvor<br \/>\n19:00 &#8211; prega\u00e7\u00e3o: <strong>A TUA F\u00c9 TE SALVOU<\/strong> &#8211; M\u00e1rcio Mendes<br \/>\n20:00 &#8211; intervalo<br \/>\n20:30 &#8211; louvor<br \/>\n20:40 &#8211; prega\u00e7\u00e3o: <strong>FICA LIVRE DO TEU MAL<\/strong> &#8211; M\u00e1rcio Mendes<br \/>\n21:40 &#8211; ora\u00e7\u00e3o<br \/>\n22:00 &#8211; encerramento<\/p>\n<h3>Localiza\u00e7\u00e3o<\/h3>\n<p>O local do evento disp\u00f5e de estacionamento gratuito para carros e motos, al\u00e9m de f\u00e1cil acesso pela rede de transporte p\u00fablico.<br \/>\nEndere\u00e7o: Rinc\u00e3o do Meu Senhor &#8211; Rua do Imperador, 502, Cohab Dom Orlando Chaves &#8211; Cristo Rei &#8211; V\u00e1rzea Grande\/MT<\/p>\n<p style=\"text-align: center\">************************************<br \/>\n<a href=\"https:\/\/www.sympla.com.br\/evento\/aprofundamento-de-cura-e-libertacao-com-marcio-mendes\/2625350\">Inscreva-se e GARANTA A SUA VAGA<\/a><br \/>\n************************************<\/p>\n<p style=\"text-align: center\">Informa\u00e7\u00f5es pelo email <strong>eventoscuiaba@cancaonova.com<\/strong><br \/>\nou pelo whatsapp <strong>65 99916-9185<\/strong><\/p>\n","protected":false},"excerpt":{"rendered":"<p>O mission\u00e1rio e apresentador do programa \u201cSorrindo pra Vida\u201d, M\u00e1rcio Mendes, estar\u00e1 no Rinc\u00e3o do Meu Senhor, na sede da Comunidade Can\u00e7\u00e3o Nova na Arquidiocese de Cuiab\u00e1\/MT. ************************************ Inscreva-se e GARANTA A SUA VAGA ************************************ M\u00e1rcio Mendes conduzir\u00e1 uma noite&#8230;<\/p>\n","protected":false},"author":4789,"featured_media":899,"comment_status":"closed","ping_status":"closed","sticky":false,"template":"","format":"standard","meta":{"_mi_skip_tracking":false,"_monsterinsights_sitenote_active":false,"_monsterinsights_sitenote_note":"","_monsterinsights_sitenote_category":0,"footnotes":""},"categories":[290477],"tags":[],"_links":{"self":[{"href":"https:\/\/blog.cancaonova.com\/cuiaba\/wp-json\/wp\/v2\/posts\/897"}],"collection":[{"href":"https:\/\/blog.cancaonova.com\/cuiaba\/wp-json\/wp\/v2\/posts"}],"about":[{"href":"https:\/\/blog.cancaonova.com\/cuiaba\/wp-json\/wp\/v2\/types\/post"}],"author":[{"embeddable":true,"href":"https:\/\/blog.cancaonova.com\/cuiaba\/wp-json\/wp\/v2\/users\/4789"}],"replies":[{"embeddable":true,"href":"https:\/\/blog.cancaonova.com\/cuiaba\/wp-json\/wp\/v2\/comments?post=897"}],"version-history":[{"count":3,"href":"https:\/\/blog.cancaonova.com\/cuiaba\/wp-json\/wp\/v2\/posts\/897\/revisions"}],"predecessor-version":[{"id":925,"href":"https:\/\/blog.cancaonova.com\/cuiaba\/wp-json\/wp\/v2\/posts\/897\/revisions\/925"}],"wp:featuredmedia":[{"embeddable":true,"href":"https:\/\/blog.cancaonova.com\/cuiaba\/wp-json\/wp\/v2\/media\/899"}],"wp:attachment":[{"href":"https:\/\/blog.cancaonova.com\/cuiaba\/wp-json\/wp\/v2\/media?parent=897"}],"wp:term":[{"taxonomy":"category","embeddable":true,"href":"https:\/\/blog.cancaonova.com\/cuiaba\/wp-json\/wp\/v2\/categories?post=897"},{"taxonomy":"post_tag","embeddable":true,"href":"https:\/\/blog.cancaonova.com\/cuiaba\/wp-json\/wp\/v2\/tags?post=897"}],"curies":[{"name":"wp","href":"https:\/\/api.w.org\/{rel}","templated":true}]}}