{"id":927,"date":"2024-10-22T17:21:49","date_gmt":"2024-10-22T20:21:49","guid":{"rendered":"https:\/\/blog.cancaonova.com\/cuiaba\/?p=927"},"modified":"2024-11-12T11:00:37","modified_gmt":"2024-11-12T14:00:37","slug":"ansiedade","status":"publish","type":"post","link":"https:\/\/blog.cancaonova.com\/cuiaba\/2024\/10\/22\/ansiedade\/","title":{"rendered":"Noite Oracional: A liberta\u00e7\u00e3o da mente ansiosa"},"content":{"rendered":"<p><span style=\"font-weight: 400\">Padre Adriano Zandon\u00e1, mission\u00e1rio da Can\u00e7\u00e3o Nova, estar\u00e1 no Rinc\u00e3o [sede da Comunidade Can\u00e7\u00e3o Nova no Mato Grosso] para uma noite oracional com o tema: ansiedade.<\/span><\/p>\n<p><span style=\"font-weight: 400\">Ser\u00e1 no dia <strong>15 de dezembro de 2024, domingo, das 19h \u00e0s 20h30.<\/strong><\/span><\/p>\n<p><span style=\"font-weight: 400\">O evento \u00e9 gratuito. Antes da programa\u00e7\u00e3o da noite, haver\u00e1 a Santa Missa \u00e0s 17h, como acontece todos os domingos no Rinc\u00e3o.<\/span><\/p>\n<p><img loading=\"lazy\" decoding=\"async\" class=\"aligncenter size-full wp-image-928\" src=\"https:\/\/blog.cancaonova.com\/cuiaba\/files\/2024\/10\/libertacao-da-mente-ansiosa.jpg\" alt=\"\" width=\"1280\" height=\"720\" srcset=\"https:\/\/blog.cancaonova.com\/cuiaba\/files\/2024\/10\/libertacao-da-mente-ansiosa.jpg 1280w, https:\/\/blog.cancaonova.com\/cuiaba\/files\/2024\/10\/libertacao-da-mente-ansiosa-300x169.jpg 300w, https:\/\/blog.cancaonova.com\/cuiaba\/files\/2024\/10\/libertacao-da-mente-ansiosa-768x432.jpg 768w, https:\/\/blog.cancaonova.com\/cuiaba\/files\/2024\/10\/libertacao-da-mente-ansiosa-384x216.jpg 384w, https:\/\/blog.cancaonova.com\/cuiaba\/files\/2024\/10\/libertacao-da-mente-ansiosa-512x288.jpg 512w, https:\/\/blog.cancaonova.com\/cuiaba\/files\/2024\/10\/libertacao-da-mente-ansiosa-1024x576.jpg 1024w\" sizes=\"(max-width: 1280px) 100vw, 1280px\" \/><\/p>\n<p><span style=\"font-weight: 400\">Para Zandon\u00e1 <em>\u201ca chave e o caminho para sairmos do desequil\u00edbrio da ansiedade j\u00e1 est\u00e1 dentro de n\u00f3s. Se n\u00e3o nos observarmos e n\u00e3o buscarmos nos conhecer em profundidade, saindo da mentalidade entorpecedora, barulhenta e alienante deste tempo, nunca conseguiremos vencer a ansiedade em nossa mente, e nenhum rem\u00e9dio controlado ou tratamento alternativo poder\u00e1 realmente nos ajudar.\u201d<\/em><\/span><\/p>\n<p><span style=\"font-weight: 400\">O padre que conduzir\u00e1 esta noite de ora\u00e7\u00e3o tamb\u00e9m diz: <em>\u201cprecisaremos silenciar, rezar mais, autoconhecer-nos e sair da l\u00f3gica barulhenta e cheia de est\u00edmulos deste tempo, para ent\u00e3o perceber onde est\u00e3o as posturas erradas que precisamos consertar em nossa hist\u00f3ria\u201d.<\/em>\u00a0<\/span><\/p>\n<p><span style=\"font-weight: 400\">O evento ser\u00e1 uma oportunidade de verdadeira transforma\u00e7\u00e3o, que exigir\u00e1 dos participantes ora\u00e7\u00e3o, busca de Deus e desejo de realmente melhorar. Ser liberto da ansiedade \u00e9 desafiante, mas, com Jesus, profundamente poss\u00edvel.<\/span><\/p>\n<hr \/>\n<p style=\"text-align: center\"><strong>Programa\u00e7\u00e3o detalhada de 15 de dezembro:<\/strong><\/p>\n<p><span style=\"font-weight: 400\">16:00 &#8211; abertura dos port\u00f5es da Can\u00e7\u00e3o Nova<\/span><\/p>\n<p><span style=\"font-weight: 400\">17:00 &#8211; in\u00edcio da Santa Missa &#8211; padre Elenildo Pereira<\/span><\/p>\n<p><span style=\"font-weight: 400\">18:15 &#8211; intervalo para lanche \/ jantar<\/span><\/p>\n<p><span style=\"font-weight: 400\">19:00 &#8211; louvor &#8211; minist\u00e9rio de m\u00fasica CN<\/span><\/p>\n<p><strong>19:10 &#8211; prega\u00e7\u00e3o com padre Adriano Zandon\u00e1<\/strong><\/p>\n<p><span style=\"font-weight: 400\">20:00 &#8211; ora\u00e7\u00e3o e m\u00fasica &#8211; com padre Adriano Zandon\u00e1<\/span><\/p>\n<p><span style=\"font-weight: 400\">20:30 &#8211; encerramento e aut\u00f3grafos \/ fotos com o convidado<\/span><\/p>\n<hr \/>\n<p style=\"text-align: center\"><strong>Outras informa\u00e7\u00f5es pelo whatsapp 65 99916-9185<\/strong><\/p>\n<p style=\"text-align: center\"><em><span style=\"font-weight: 400\">Senhor, liberta-nos da mente ansiosa!<\/span><\/em><\/p>\n","protected":false},"excerpt":{"rendered":"<p>Padre Adriano Zandon\u00e1, mission\u00e1rio da Can\u00e7\u00e3o Nova, estar\u00e1 no Rinc\u00e3o [sede da Comunidade Can\u00e7\u00e3o Nova no Mato Grosso] para uma noite oracional com o tema: ansiedade. Ser\u00e1 no dia 15 de dezembro de 2024, domingo, das 19h \u00e0s 20h30. O&#8230;<\/p>\n","protected":false},"author":4789,"featured_media":928,"comment_status":"closed","ping_status":"closed","sticky":false,"template":"","format":"standard","meta":{"_mi_skip_tracking":false,"_monsterinsights_sitenote_active":false,"_monsterinsights_sitenote_note":"","_monsterinsights_sitenote_category":0,"footnotes":""},"categories":[290477],"tags":[290485],"_links":{"self":[{"href":"https:\/\/blog.cancaonova.com\/cuiaba\/wp-json\/wp\/v2\/posts\/927"}],"collection":[{"href":"https:\/\/blog.cancaonova.com\/cuiaba\/wp-json\/wp\/v2\/posts"}],"about":[{"href":"https:\/\/blog.cancaonova.com\/cuiaba\/wp-json\/wp\/v2\/types\/post"}],"author":[{"embeddable":true,"href":"https:\/\/blog.cancaonova.com\/cuiaba\/wp-json\/wp\/v2\/users\/4789"}],"replies":[{"embeddable":true,"href":"https:\/\/blog.cancaonova.com\/cuiaba\/wp-json\/wp\/v2\/comments?post=927"}],"version-history":[{"count":4,"href":"https:\/\/blog.cancaonova.com\/cuiaba\/wp-json\/wp\/v2\/posts\/927\/revisions"}],"predecessor-version":[{"id":935,"href":"https:\/\/blog.cancaonova.com\/cuiaba\/wp-json\/wp\/v2\/posts\/927\/revisions\/935"}],"wp:featuredmedia":[{"embeddable":true,"href":"https:\/\/blog.cancaonova.com\/cuiaba\/wp-json\/wp\/v2\/media\/928"}],"wp:attachment":[{"href":"https:\/\/blog.cancaonova.com\/cuiaba\/wp-json\/wp\/v2\/media?parent=927"}],"wp:term":[{"taxonomy":"category","embeddable":true,"href":"https:\/\/blog.cancaonova.com\/cuiaba\/wp-json\/wp\/v2\/categories?post=927"},{"taxonomy":"post_tag","embeddable":true,"href":"https:\/\/blog.cancaonova.com\/cuiaba\/wp-json\/wp\/v2\/tags?post=927"}],"curies":[{"name":"wp","href":"https:\/\/api.w.org\/{rel}","templated":true}]}}