{"id":948,"date":"2024-11-19T17:06:10","date_gmt":"2024-11-19T20:06:10","guid":{"rendered":"https:\/\/blog.cancaonova.com\/cuiaba\/?p=948"},"modified":"2025-03-20T17:40:03","modified_gmt":"2025-03-20T20:40:03","slug":"eventos-2025","status":"publish","type":"post","link":"https:\/\/blog.cancaonova.com\/cuiaba\/2024\/11\/19\/eventos-2025\/","title":{"rendered":"Agenda de eventos 2025 no Rinc\u00e3o do Meu Senhor"},"content":{"rendered":"<p style=\"text-align: right\"><em><span style=\"font-weight: 400\">Rua do Imperador, 502, Cristo Rei, V\u00e1rzea Grande MT<\/span><span style=\"font-weight: 400\"><br \/>\n<\/span><span style=\"font-weight: 400\">cuiaba.cancaonova.com | no insta <a href=\"https:\/\/www.instagram.com\/cancaonovacuiaba\">@cancaonovacuiaba<\/a><br \/>\n<\/span><\/em><em><span style=\"font-weight: 400\"><a href=\"https:\/\/www.facebook.com\/cancaonovacuiaba\">facebook.com\/cancaonovacuiaba<\/a> | Whatsapp <strong>65 99916-9185<\/strong><\/span><\/em><\/p>\n<p><span style=\"font-weight: 400\">A Comunidade Can\u00e7\u00e3o Nova se programou com uma s\u00e9rie de eventos em 2025, na esperan\u00e7a de que <em>\u201co cora\u00e7\u00e3o do homem faz planos, mas a resposta certa vem dos l\u00e1bios do SENHOR.\u201d<\/em> conforme Prov\u00e9rbios 16, 1.<\/span><\/p>\n<p><span style=\"font-weight: 400\">O bom \u00eaxito desta programa\u00e7\u00e3o est\u00e1 consagrado ao Senhor Jesus, que \u00e9 o dono desta comunidade evangelizadora.<\/span><\/p>\n<p><span style=\"font-weight: 400\">Seguem datas para voc\u00ea se programar e participar das atividades que acontecer\u00e3o no Rinc\u00e3o do Meu Senhor.<\/span><\/p>\n<p><img loading=\"lazy\" decoding=\"async\" class=\"aligncenter size-full wp-image-956\" src=\"https:\/\/blog.cancaonova.com\/cuiaba\/files\/2024\/11\/Blog-1920x1080-1-1.jpg\" alt=\"\" width=\"1920\" height=\"1080\" srcset=\"https:\/\/blog.cancaonova.com\/cuiaba\/files\/2024\/11\/Blog-1920x1080-1-1.jpg 1920w, https:\/\/blog.cancaonova.com\/cuiaba\/files\/2024\/11\/Blog-1920x1080-1-1-300x169.jpg 300w, https:\/\/blog.cancaonova.com\/cuiaba\/files\/2024\/11\/Blog-1920x1080-1-1-768x432.jpg 768w, https:\/\/blog.cancaonova.com\/cuiaba\/files\/2024\/11\/Blog-1920x1080-1-1-384x216.jpg 384w, https:\/\/blog.cancaonova.com\/cuiaba\/files\/2024\/11\/Blog-1920x1080-1-1-512x288.jpg 512w, https:\/\/blog.cancaonova.com\/cuiaba\/files\/2024\/11\/Blog-1920x1080-1-1-1024x576.jpg 1024w, https:\/\/blog.cancaonova.com\/cuiaba\/files\/2024\/11\/Blog-1920x1080-1-1-1536x864.jpg 1536w\" sizes=\"(max-width: 1920px) 100vw, 1920px\" \/><\/p>\n<p><strong>Retiro \u201cJovens Can\u00e7\u00e3o Nova\u201d<\/strong><\/p>\n<p><span style=\"font-weight: 400\">18 e 19 de janeiro de 2025<\/span><\/p>\n<p><span style=\"font-weight: 400\">informa\u00e7\u00f5es pelo instagram <a href=\"https:\/\/www.instagram.com\/jovenscncuiaba\">@jovenscncuiaba<\/a><br \/>\n<a href=\"https:\/\/docs.google.com\/forms\/d\/e\/1FAIpQLSd2bp0i_gBmYtbG2AsILP7yGrl8JGrL_EVkdtPU5nQlm7W18A\/viewform\">INSCRI\u00c7\u00d5ES ONLINE<\/a><br \/>\n<\/span><\/p>\n<hr \/>\n<p><strong>Missa de Compromisso dos Mission\u00e1rios da Can\u00e7\u00e3o Nova de Cuiab\u00e1<\/strong><\/p>\n<p><span style=\"font-weight: 400\">2 de fevereiro, domingo, \u00e0s 17h<\/span><\/p>\n<hr \/>\n<p><strong>Maranath\u00e1 &#8211; Retiro para Jovens promovido pelos Jovens Sarados<\/strong><\/p>\n<p><span style=\"font-weight: 400\">21 a 23 de fevereiro<\/span><\/p>\n<p><span style=\"font-weight: 400\">informa\u00e7\u00f5es pelo instagram <a href=\"https:\/\/www.instagram.com\/js.cuiaba\">@js.cuiaba<\/a><\/span><\/p>\n<hr \/>\n<p><strong>Vinde e Vede [com presen\u00e7a da Can\u00e7\u00e3o Nova]<\/strong><\/p>\n<p><span style=\"font-weight: 400\">1 a 4 de mar\u00e7o\u00a0<\/span><\/p>\n<p><span style=\"font-weight: 400\">informa\u00e7\u00f5es pelo instagram <a href=\"https:\/\/www.instagram.com\/vindeevedecuiaba\">@vindeevedecuiaba<\/a><\/span><\/p>\n<hr \/>\n<p><strong>Missa de Quarta-feira Cinzas no Rinc\u00e3o<\/strong><\/p>\n<p><span style=\"font-weight: 400\">5 de mar\u00e7o \u00e0s 7h30 e \u00e0s 12h<br \/>\n<\/span><\/p>\n<hr \/>\n<p><a href=\"https:\/\/blog.cancaonova.com\/cuiaba\/2025\/01\/31\/3noiteitaliana\/\"><strong>3\u00aa Noite Italiana<\/strong><\/a><\/p>\n<p><span style=\"font-weight: 400\">15 de mar\u00e7o, s\u00e1bado<\/span><\/p>\n<hr \/>\n<p><a href=\"https:\/\/blog.cancaonova.com\/cuiaba\/2025\/02\/11\/cerco2025\/\"><strong>Cerco de Jeric\u00f3<\/strong><\/a><\/p>\n<p><span style=\"font-weight: 400\">24 \u00e0 30 de mar\u00e7o &#8211; de segunda-feira \u00e0 domingo &#8211; 7 noites consecutivas<\/span><\/p>\n<p><span style=\"font-weight: 400\">presen\u00e7a: Rodrigo Ferreira &#8211; Louvor e Gl\u00f3ria <a href=\"https:\/\/www.instagram.com\/rodrigolouvoregloria\/\">@rodrigolouvoregloria<\/a><\/span><\/p>\n<hr \/>\n<p><strong>Anivers\u00e1rio da Miss\u00e3o CN no MT<\/strong><\/p>\n<p><span style=\"font-weight: 400\">30 de mar\u00e7o, domingo &#8211; Tarde de Louvor<\/span><\/p>\n<hr \/>\n<p><strong>EEF RCC &#8211; Encontro Estadual de Forma\u00e7\u00e3o da Renova\u00e7\u00e3o Carism\u00e1tica Cat\u00f3lica<\/strong><\/p>\n<p><span style=\"font-weight: 400\">4 a 6 de abril <\/span><\/p>\n<p><span style=\"font-weight: 400\">Informa\u00e7\u00f5es pelo whatsapp (65) 99248-6273 &#8211; <a href=\"https:\/\/www.rccmt.com.br\/\">rccmt.com.br<\/a><\/span><\/p>\n<hr \/>\n<p><strong>Visita da imagem de Nossa Senhora da Guia no Rinc\u00e3o<\/strong><\/p>\n<p><span style=\"font-weight: 400\">7 de abril, segunda-feira, \u00e0s 19h<\/span><\/p>\n<p><span style=\"font-weight: 400\">informa\u00e7\u00f5es pelo instagram<\/span>\u00a0<a href=\"https:\/\/www.instagram.com\/paroquiansdaguiavg\/\">@paroquiansdaguiavg<\/a><\/p>\n<hr \/>\n<p><strong>Semana Santa<\/strong><\/p>\n<p>13 de abril &#8211; Missa de Ramos \u00e0s 17h<\/p>\n<p><span style=\"font-weight: 400\">17 de abril &#8211; Missa de Lava-p\u00e9s \u00e0s 19h<\/span><\/p>\n<p><span style=\"font-weight: 400\">18 de abril &#8211; Fun\u00e7\u00f5es da Paix\u00e3o \u00e0s 15h<\/span><\/p>\n<p><span style=\"font-weight: 400\">19 de abril &#8211; Vig\u00edlia Pascal \u00e0s 19h<\/span><\/p>\n<p><span style=\"font-weight: 400\">20 de abril &#8211; Missa da Ressurrei\u00e7\u00e3o \u00e0s 17h<\/span><\/p>\n<hr \/>\n<p><strong>Festa da Miseric\u00f3rdia<\/strong><\/p>\n<p><span style=\"font-weight: 400\">27 de abril, domingo<\/span><\/p>\n<p>presen\u00e7a: M\u00e1rcio Todeschini <a href=\"https:\/\/www.instagram.com\/todeschinicn\/\">@todeschinicn<\/a><\/p>\n<hr \/>\n<p><strong>Campanha: 7 semanas de ora\u00e7\u00e3o pelas fam\u00edlias<\/strong><\/p>\n<p><span style=\"font-weight: 400\">De 28 de abril a 9 de junho &#8211; todas as segundas-feiras \u00e0s 19h<\/span><\/p>\n<hr \/>\n<p><strong>Encontro Arquidiocesano de Ministros<\/strong><\/p>\n<p><span style=\"font-weight: 400\">24 de maio, s\u00e1bado<\/span><\/p>\n<p><span style=\"font-weight: 400\">Informa\u00e7\u00f5es pelo whatsapp 65 9288-3536<\/span><\/p>\n<hr \/>\n<p><strong>Noite Luminosa Mariana<\/strong><\/p>\n<p><span style=\"font-weight: 400\">25 de maio, domingo, \u00e0s 17h<\/span><\/p>\n<p>presen\u00e7a: padre <a href=\"https:\/\/homilia.cancaonova.com\/pb\/author\/donizete\/\">Donizete Heleno<\/a> da CN<\/p>\n<hr \/>\n<p><strong>Aprofundamento para Mulheres<\/strong><\/p>\n<p><span style=\"font-weight: 400\">28 e 29 de maio, quarta e quinta-feira [a noite]<\/span><\/p>\n<p>presen\u00e7a: Dijanira Silva &#8211; CN SP <a href=\"https:\/\/www.instagram.com\/dijaniracn\">@dijaniracn<\/a><\/p>\n<p><em><span style=\"font-weight: 400\">Necess\u00e1rio se inscrever para participar<\/span><\/em><\/p>\n<hr \/>\n<p><strong>Ordena\u00e7\u00e3o sacerdotal da Arquidiocese de Cuiab\u00e1 [4 novos padres]<\/strong><\/p>\n<p><span style=\"font-weight: 400\">31 de maio, s\u00e1bado<\/span><\/p>\n<p><span style=\"font-weight: 400\">informa\u00e7\u00f5es pelo instagram<\/span>\u00a0<a href=\"https:\/\/www.instagram.com\/arquidiocesedecuiabamt\">@arquidiocesedecuiabamt<\/a><\/p>\n<hr \/>\n<p><strong>Evento de Pentecostes &#8211; RCC<\/strong><\/p>\n<p><span style=\"font-weight: 400\">8 de junho, domingo<\/span><\/p>\n<p><span style=\"font-weight: 400\">Informa\u00e7\u00f5es pelo whatsapp 65 98406-8060 &#8211; <a href=\"https:\/\/www.instagram.com\/rcccba\/\">@rcccba<\/a><\/span><\/p>\n<hr \/>\n<p><strong>Arrai\u00e1 CN<\/strong><\/p>\n<p><span style=\"font-weight: 400\">14 de junho, s\u00e1bado<\/span><\/p>\n<hr \/>\n<p><strong>Missa de Corpus Christi<\/strong><\/p>\n<p><span style=\"font-weight: 400\">19 de junho, quinta-feira, \u00e0s 7h30<\/span><\/p>\n<hr \/>\n<p><strong>Aprofundamento de Cura e Liberta\u00e7\u00e3o com M\u00e1rcio Mendes<\/strong><\/p>\n<p><span style=\"font-weight: 400\">24 de junho, ter\u00e7a-feira &#8211; das 18h \u00e0s 22h<\/span><\/p>\n<p><em><span style=\"font-weight: 400\">Necess\u00e1rio se inscrever para participar<\/span><\/em><\/p>\n<hr \/>\n<p><strong>Congresso \u201cLivrai-nos do mal\u201d<\/strong><\/p>\n<p><span style=\"font-weight: 400\">6 e 7 de julho, domingo e segunda-feira<\/span><\/p>\n<p>Presen\u00e7as: Ironi Spuldaro, Ana L\u00facia e padre Bruno Costa <a href=\"https:\/\/www.instagram.com\/padrebrunocn\/\">@padrebrunocn<\/a><\/p>\n<hr \/>\n<p><strong>Presen\u00e7a da Can\u00e7\u00e3o Nova em show cat\u00f3lico da Expoagro<\/strong><\/p>\n<p><span style=\"font-weight: 400\">20 de julho, domingo<\/span><\/p>\n<p>Presen\u00e7as: <a href=\"https:\/\/www.youtube.com\/watch?v=wrFfN-uYRbw\">padre Adriano Zandon\u00e1 e Bruna Marta<\/a><\/p>\n<hr \/>\n<p><strong>Encontro Estadual M\u00e3es que Oram pelos Filhos &#8211; MT<\/strong><\/p>\n<p><span style=\"font-weight: 400\">26 de julho, s\u00e1bado<\/span><\/p>\n<p>Presen\u00e7as: <a href=\"https:\/\/www.instagram.com\/elianaribeirooficial\/\">Eliana Ribeiro<\/a> e demais convidados<\/p>\n<p><span style=\"font-weight: 400\">Informa\u00e7\u00f5es pelo instagram <a href=\"https:\/\/www.instagram.com\/maesqueorampelosfilhosmt\">@maesqueorampelosfilhosmt<\/a><\/span><\/p>\n<hr \/>\n<p><strong>Encontro PHN<\/strong><\/p>\n<p>15 de agosto, sexta-feira: esquenta<\/p>\n<p><span style=\"font-weight: 400\">16 e 17 de agosto, s\u00e1bado e domingo<\/span><\/p>\n<p>Presen\u00e7as: Pitter di Laura, Padre Paulo Ricardo, padre Tony e muita gente boa por a\u00ed<\/p>\n<hr \/>\n<p><strong>Encontro Arquidiocesano de Catequistas<\/strong><\/p>\n<p><span style=\"font-weight: 400\">30 de agosto, s\u00e1bado<\/span><\/p>\n<p><span style=\"font-weight: 400\">Informa\u00e7\u00f5es pelo whatsapp 65 8117-9064<\/span><\/p>\n<hr \/>\n<p><strong>Festa das Na\u00e7\u00f5es<\/strong><\/p>\n<p><span style=\"font-weight: 400\">6 de setembro, s\u00e1bado<\/span><\/p>\n<p>Feira Gastron\u00f4mica<\/p>\n<hr \/>\n<p><strong>Evento do Minist\u00e9rio Jovem CN\u00a0<\/strong><\/p>\n<p><span style=\"font-weight: 400\">20 e 21 de setembro<\/span><\/p>\n<p>presen\u00e7a: padre Edimilson Lopes<\/p>\n<hr \/>\n<p><strong>Aprofundamento \u201cProfecia do Avivamento\u201d<\/strong><\/p>\n<p><span style=\"font-weight: 400\">29 e 30 de setembro a 1 de outubro<\/span><\/p>\n<p>presen\u00e7a: padre Roger Lu\u00eds CN de Bras\u00edlia <a href=\"https:\/\/www.instagram.com\/perogerluis\/\">@perogerluis<\/a><\/p>\n<p><em><span style=\"font-weight: 400\">Necess\u00e1rio se inscrever para participar<\/span><\/em><\/p>\n<hr \/>\n<p><strong>Festa das Rosas<\/strong><\/p>\n<p><span style=\"font-weight: 400\">4 de outubro<\/span><\/p>\n<p><span style=\"font-weight: 400\">Informa\u00e7\u00f5es pelo instagram <a href=\"https:\/\/www.instagram.com\/carmelo_cuiaba\">@carmelo_cuiaba<\/a><\/span><\/p>\n<hr \/>\n<p><strong>Evento para Casais \/ Fam\u00edlias<\/strong><\/p>\n<p><span style=\"font-weight: 400\">11 a 12 de outubro<\/span><\/p>\n<hr \/>\n<p><strong>DNJ Arquidiocesano<\/strong><\/p>\n<p><span style=\"font-weight: 400\">26 de outubro<\/span><\/p>\n<hr \/>\n<p><strong>Encontro de Liturgia (ministros, leitoras e coroinhas)<\/strong><\/p>\n<p><span style=\"font-weight: 400\">8 de novembro<\/span><\/p>\n<hr \/>\n<p><strong>Maranath\u00e1 &#8211; Retiro para Jovens<\/strong><\/p>\n<p><span style=\"font-weight: 400\">14 a 16 de novembro<\/span><\/p>\n<p><span style=\"font-weight: 400\">informa\u00e7\u00f5es pelo instagram <a href=\"https:\/\/www.instagram.com\/js.cuiaba\">@js.cuiaba<\/a><\/span><\/p>\n<hr \/>\n<p><strong>Confraterniza\u00e7\u00e3o do Movimento Sacerdotal Mariano<\/strong><\/p>\n<p><span style=\"font-weight: 400\">5 de dezembro<\/span><\/p>\n<p><span style=\"font-weight: 400\">Informa\u00e7\u00f5es pelo whatsapp 65 9979-6654<\/span><\/p>\n<hr \/>\n<p><strong>Vig\u00edlia de Ano Novo<\/strong><\/p>\n<p><span style=\"font-weight: 400\">31 de dezembro<\/span><\/p>\n<hr \/>\n<h3 style=\"text-align: center\">Outras informa\u00e7\u00f5es pelo<br \/>\nwhatsapp 65 99916-9185 ou pelo email<br \/>\neventoscuiaba@cancaonova.com<\/h3>\n<hr \/>\n<p><em>A Comunidade Can\u00e7\u00e3o Nova conta com a sua ora\u00e7\u00e3o e intercess\u00e3o para que, por meio dessas atividades, cada vez mais homens e mulheres se encontrem com Jesus na efic\u00e1cia do Esp\u00edrito Santo. Am\u00e9m.<\/em><\/p>\n","protected":false},"excerpt":{"rendered":"<p>Rua do Imperador, 502, Cristo Rei, V\u00e1rzea Grande MT cuiaba.cancaonova.com | no insta @cancaonovacuiaba facebook.com\/cancaonovacuiaba | Whatsapp 65 99916-9185 A Comunidade Can\u00e7\u00e3o Nova se programou com uma s\u00e9rie de eventos em 2025, na esperan\u00e7a de que \u201co cora\u00e7\u00e3o do homem&#8230;<\/p>\n","protected":false},"author":4789,"featured_media":956,"comment_status":"closed","ping_status":"closed","sticky":false,"template":"","format":"standard","meta":{"_mi_skip_tracking":false,"_monsterinsights_sitenote_active":false,"_monsterinsights_sitenote_note":"","_monsterinsights_sitenote_category":0,"footnotes":""},"categories":[290473],"tags":[290486],"_links":{"self":[{"href":"https:\/\/blog.cancaonova.com\/cuiaba\/wp-json\/wp\/v2\/posts\/948"}],"collection":[{"href":"https:\/\/blog.cancaonova.com\/cuiaba\/wp-json\/wp\/v2\/posts"}],"about":[{"href":"https:\/\/blog.cancaonova.com\/cuiaba\/wp-json\/wp\/v2\/types\/post"}],"author":[{"embeddable":true,"href":"https:\/\/blog.cancaonova.com\/cuiaba\/wp-json\/wp\/v2\/users\/4789"}],"replies":[{"embeddable":true,"href":"https:\/\/blog.cancaonova.com\/cuiaba\/wp-json\/wp\/v2\/comments?post=948"}],"version-history":[{"count":20,"href":"https:\/\/blog.cancaonova.com\/cuiaba\/wp-json\/wp\/v2\/posts\/948\/revisions"}],"predecessor-version":[{"id":1018,"href":"https:\/\/blog.cancaonova.com\/cuiaba\/wp-json\/wp\/v2\/posts\/948\/revisions\/1018"}],"wp:featuredmedia":[{"embeddable":true,"href":"https:\/\/blog.cancaonova.com\/cuiaba\/wp-json\/wp\/v2\/media\/956"}],"wp:attachment":[{"href":"https:\/\/blog.cancaonova.com\/cuiaba\/wp-json\/wp\/v2\/media?parent=948"}],"wp:term":[{"taxonomy":"category","embeddable":true,"href":"https:\/\/blog.cancaonova.com\/cuiaba\/wp-json\/wp\/v2\/categories?post=948"},{"taxonomy":"post_tag","embeddable":true,"href":"https:\/\/blog.cancaonova.com\/cuiaba\/wp-json\/wp\/v2\/tags?post=948"}],"curies":[{"name":"wp","href":"https:\/\/api.w.org\/{rel}","templated":true}]}}