{"id":32691,"count":0,"description":"","link":"https:\/\/blog.cancaonova.com\/cuiaba\/eventos\/categoria\/vigilia-de-oracao\/","name":"Vig\u00edlia de Ora\u00e7\u00e3o","slug":"vigilia-de-oracao","taxonomy":"tribe_events_cat","parent":0,"meta":[],"_links":{"self":[{"href":"https:\/\/blog.cancaonova.com\/cuiaba\/wp-json\/wp\/v2\/tribe_events_cat\/32691"}],"collection":[{"href":"https:\/\/blog.cancaonova.com\/cuiaba\/wp-json\/wp\/v2\/tribe_events_cat"}],"about":[{"href":"https:\/\/blog.cancaonova.com\/cuiaba\/wp-json\/wp\/v2\/taxonomies\/tribe_events_cat"}]}}