{"id":10639,"date":"2012-02-12T14:50:00","date_gmt":"2012-02-12T16:50:00","guid":{"rendered":"http:\/\/blog.cancaonova.com\/curitiba\/?p=10639"},"modified":"2012-02-17T16:33:36","modified_gmt":"2012-02-17T18:33:36","slug":"pregacao-domingo-azeite-nas-chagas-pe-jorge-tadeu","status":"publish","type":"post","link":"https:\/\/blog.cancaonova.com\/curitiba\/pregacao-domingo-azeite-nas-chagas-pe-jorge-tadeu\/","title":{"rendered":"Lavar as chagas com o azeite do Esp\u00edrito Santo"},"content":{"rendered":"<p><strong>Azeite nas Chagas &#8211; Pe. Jorge Tadeu Hermes <\/strong><\/p>\n<p>No domingo no Encontro de ora\u00e7\u00e3o N\u00e3o Jogue Fora Suas L\u00e1grimas,  Pe. Jorge Tadeu Hermes, na sua prega\u00e7\u00e3o falou sobre a import\u00e2ncia de sermos lavados pelo azeite do Espirito Santo e tamb\u00e9m conduziu o momento de Adora\u00e7\u00e3o ao Sant\u00edssimo.<\/p>\n<p><a href=\"http:\/\/blog.cancaonova.com\/curitiba\/files\/2012\/02\/DSC09496.jpg\"><img loading=\"lazy\" decoding=\"async\" class=\"aligncenter size-medium wp-image-10642\" src=\"http:\/\/blog.cancaonova.com\/curitiba\/files\/2012\/02\/DSC09496-300x225.jpg\" alt=\"\" width=\"300\" height=\"225\" srcset=\"https:\/\/blog.cancaonova.com\/curitiba\/files\/2012\/02\/DSC09496-300x225.jpg 300w, https:\/\/blog.cancaonova.com\/curitiba\/files\/2012\/02\/DSC09496-1024x768.jpg 1024w, https:\/\/blog.cancaonova.com\/curitiba\/files\/2012\/02\/DSC09496.jpg 2048w\" sizes=\"(max-width: 300px) 100vw, 300px\" \/><\/a><\/p>\n<p>Jesus nos pede para enchermos do Esp\u00edrito Santo todos os dias para que aconte\u00e7a a cura de nossas feridas. Isso acontece atrav\u00e9s do canal da ora\u00e7\u00e3o onde o Esp\u00edrito Santo vem em resposta.<\/p>\n<p>No livro do Ato dos Ap\u00f3stolos (2,1-4) fala da hist\u00f3ria de uni\u00e3o dos ap\u00f3stolos que estavam reunidos com medo. Nesse momento Jesus se aproximou e derramou o Esp\u00edrito Santo. \u00c9 importante receber o Esp\u00edrito Santo e testemunhar com atitudes.<\/p>\n<p>Ainda em Atos (10,44), \u00e9 falada da import\u00e2ncia de ouvir a palavra de Deus: \u201cPedro estava ainda falando, quando o Esp\u00edrito Santo desceu sobre todos os que estavam escutando a palavra\u201d. A partir dessas palavras, o Pe. Jorge Tadeu salienta n\u00e3o basta somente falar, o importante \u00e9 estar com o cora\u00e7\u00e3o aberto e ouvir o que Ele tem a falar. Quando louvamos a Deus nosso cora\u00e7\u00e3o vai se renovando e nossa alma se enche do Esp\u00edrito Santo. Deus nos d\u00e1 o Esp\u00edrito Santo no louvou n\u00e3o nos \u00e9 necess\u00e1rio pedir.<\/p>\n<p>Assista aqui a prega\u00e7\u00e3o na \u00edntegra:<\/p>\n<p style=\"text-align: center\"><object id=\"twitcamPlayer\" classid=\"d27cdb6e-ae6d-11cf-96b8-444553540000\" width=\"320\" height=\"265\"><param name=\"allowScriptAccess\" value=\"always\" \/><param name=\"allowFullScreen\" value=\"true\" \/><param name=\"wmode\" value=\"window\" \/><param name=\"src\" value=\"http:\/\/static.livestream.com\/grid\/LSPlayer.swf?hash=8m1h5\" \/><param name=\"name\" value=\"twitcamPlayer\" \/><param name=\"allowfullscreen\" value=\"true\" \/><embed id=\"twitcamPlayer\" type=\"application\/x-shockwave-flash\" width=\"320\" height=\"265\" src=\"http:\/\/static.livestream.com\/grid\/LSPlayer.swf?hash=8m1h5\" name=\"twitcamPlayer\" allowfullscreen=\"true\" allowscriptaccess=\"always\"><\/embed><\/object><\/p>\n<p>Ele nos \u00e9 dado tamb\u00e9m atrav\u00e9s de outros canais como na f\u00e9 e na obedi\u00eancia. Na intercess\u00e3o e na ben\u00e7\u00e3o de Nossa Senhora, o Esp\u00edrito Santo est\u00e1 presente por isso roguemos a ela.<\/p>\n<p>O primeiro derramamento do Esp\u00edrito Santo n\u00e3o foi em Pentecostes mas na Cruz de Cristo: \u201cEle bebeu vinagre, disse que tudo est\u00e1 consumado inclina a cabe\u00e7a e se rende ao Esp\u00edrito Santo\u201d (Rm 3,3-5).<\/p>\n<p>Acompanhe tamb\u00e9m como foi o momento da Adora\u00e7\u00e3o onde Jesus, realizou maravilhas em nosso meio.<\/p>\n<p><strong>Veja aqui no V\u00eddeo da Twitcam:<\/strong><\/p>\n<p style=\"text-align: center\"><object id=\"twitcamPlayer\" classid=\"d27cdb6e-ae6d-11cf-96b8-444553540000\" width=\"320\" height=\"265\"><param name=\"allowScriptAccess\" value=\"always\" \/><param name=\"allowFullScreen\" value=\"true\" \/><param name=\"wmode\" value=\"window\" \/><param name=\"src\" value=\"http:\/\/static.livestream.com\/grid\/LSPlayer.swf?hash=8m0sh\" \/><param name=\"name\" value=\"twitcamPlayer\" \/><param name=\"allowfullscreen\" value=\"true\" \/><embed id=\"twitcamPlayer\" type=\"application\/x-shockwave-flash\" width=\"320\" height=\"265\" src=\"http:\/\/static.livestream.com\/grid\/LSPlayer.swf?hash=8m0sh\" name=\"twitcamPlayer\" allowfullscreen=\"true\" allowscriptaccess=\"always\"><\/embed><\/object><\/p>\n<p><strong>Veja tamb\u00e9m:<\/strong><\/p>\n<p>Curta tudo que aconteceu no encontro #naojogueforasuaslagrimas aqui na nossa pagina no <a href=\"http:\/\/www.facebook.com\/Cncuritiba\">Facebook<\/a> .<\/p>\n<p>Veja no <a href=\"http:\/\/www.flickr.com\/photos\/cancaonovacuritiba\/sets\/72157629277513133\/\">Flicker<\/a> todas as fotos do evento.<\/p>\n<p><a href=\"http:\/\/twitcam.livestream.com\/user\/CNCuritiba\">Clique aqui e assista todas os v\u00eddeos de tudo que aconteceu neste final de semana.<\/a><\/p>\n","protected":false},"excerpt":{"rendered":"<p>Azeite nas Chagas &#8211; Pe. Jorge Tadeu Hermes No domingo no Encontro de ora\u00e7\u00e3o N\u00e3o Jogue Fora Suas L\u00e1grimas, Pe. Jorge Tadeu Hermes, na sua prega\u00e7\u00e3o falou sobre a import\u00e2ncia de sermos lavados pelo azeite do Espirito Santo e tamb\u00e9m&#8230;<\/p>\n","protected":false},"author":3161,"featured_media":0,"comment_status":"open","ping_status":"open","sticky":false,"template":"","format":"standard","meta":{"_mi_skip_tracking":false,"_monsterinsights_sitenote_active":false,"_monsterinsights_sitenote_note":"","_monsterinsights_sitenote_category":0,"footnotes":""},"categories":[27826],"tags":[34452,16060,28069,18399,19092,5721,64171],"_links":{"self":[{"href":"https:\/\/blog.cancaonova.com\/curitiba\/wp-json\/wp\/v2\/posts\/10639"}],"collection":[{"href":"https:\/\/blog.cancaonova.com\/curitiba\/wp-json\/wp\/v2\/posts"}],"about":[{"href":"https:\/\/blog.cancaonova.com\/curitiba\/wp-json\/wp\/v2\/types\/post"}],"author":[{"embeddable":true,"href":"https:\/\/blog.cancaonova.com\/curitiba\/wp-json\/wp\/v2\/users\/3161"}],"replies":[{"embeddable":true,"href":"https:\/\/blog.cancaonova.com\/curitiba\/wp-json\/wp\/v2\/comments?post=10639"}],"version-history":[{"count":9,"href":"https:\/\/blog.cancaonova.com\/curitiba\/wp-json\/wp\/v2\/posts\/10639\/revisions"}],"predecessor-version":[{"id":10677,"href":"https:\/\/blog.cancaonova.com\/curitiba\/wp-json\/wp\/v2\/posts\/10639\/revisions\/10677"}],"wp:attachment":[{"href":"https:\/\/blog.cancaonova.com\/curitiba\/wp-json\/wp\/v2\/media?parent=10639"}],"wp:term":[{"taxonomy":"category","embeddable":true,"href":"https:\/\/blog.cancaonova.com\/curitiba\/wp-json\/wp\/v2\/categories?post=10639"},{"taxonomy":"post_tag","embeddable":true,"href":"https:\/\/blog.cancaonova.com\/curitiba\/wp-json\/wp\/v2\/tags?post=10639"}],"curies":[{"name":"wp","href":"https:\/\/api.w.org\/{rel}","templated":true}]}}