{"id":11373,"date":"2012-06-14T16:29:51","date_gmt":"2012-06-14T18:29:51","guid":{"rendered":"http:\/\/blog.cancaonova.com\/curitiba\/?p=11373"},"modified":"2012-06-14T16:57:15","modified_gmt":"2012-06-14T18:57:15","slug":"padre-delton-filho-na-cancao-nova-de-curitiba","status":"publish","type":"post","link":"https:\/\/blog.cancaonova.com\/curitiba\/padre-delton-filho-na-cancao-nova-de-curitiba\/","title":{"rendered":"Padre Delton Filho na Can\u00e7\u00e3o Nova de Curitiba"},"content":{"rendered":"<p><strong>Encontro de ora\u00e7\u00e3o com Padre Delton Filho em Curitiba<\/strong><\/p>\n<p>No final de semana, <strong>dias 23 e 24 de Junho<\/strong> acontece aqui na Casa de evangeliza\u00e7\u00e3o da Can\u00e7\u00e3o Nova em Curitiba o encontro de ora\u00e7\u00e3o  com o tema, <strong>Cora\u00e7\u00e3o de Jesus fonte do Espirito Santo<\/strong> que conta com a presen\u00e7a do <strong>Fundador da Comunidade Cora\u00e7\u00e3o Fiel, Padre Delton Filho<\/strong>.<\/p>\n<p><strong>Confira no v\u00eddeo abaixo um convite especial que o padre Delton fez para voc\u00ea assista e divulgue.<\/strong><\/p>\n<p style=\"text-align: center\"><object width=\"420\" height=\"315\"><param name=\"movie\" value=\"http:\/\/www.youtube.com\/v\/EuFayavUTfE?version=3&amp;hl=pt_BR\"><\/param><param name=\"allowFullScreen\" value=\"true\"><\/param><param name=\"allowscriptaccess\" value=\"always\"><\/param><embed src=\"http:\/\/www.youtube.com\/v\/EuFayavUTfE?version=3&amp;hl=pt_BR\" type=\"application\/x-shockwave-flash\" width=\"420\" height=\"315\" allowscriptaccess=\"always\" allowfullscreen=\"true\"><\/embed><\/object> <\/p>\n<p style=\"text-align: center\"> <strong>Compartilhe!! Curta!! Divulgue!!<\/strong><\/p>\n<p>\u201cS\u00f3 o cora\u00e7\u00e3o de Jesus curar\u00e1 nossos males\u201d, disse papa Pio IX. Se voc\u00ea est\u00e1 passando por uma situa\u00e7\u00e3o dif\u00edcil, o \u00fanico rem\u00e9dio \u00e9 Jesus Cristo. Ele tem algo especial para voc\u00ea. N\u00e3o foi \u00e0 toa que a lan\u00e7a rasgou a costela de Jesus, isto \u00e9 sinal de que Ele quer profundidade. <\/p>\n<p>Saia, portanto, da superf\u00edcie em que, hoje, voc\u00ea se encontra. O cora\u00e7\u00e3o de Jesus \u00e9 portador de uma gra\u00e7a poderosa, capaz de curar a nossa vida. O peito aberto d&#8217;Ele \u00e9 rem\u00e9dio para nossa alma. <\/p>\n<p>Os medicamentos que a sociedade nos oferece t\u00eam efeitos colaterais, mas em Jesus, que \u00e9 rem\u00e9dio para a alma, o \u00fanico efeito \u00e9 o desejo de c\u00e9u, de santidade. <\/p>\n<p> <em>Trecho da prega\u00e7\u00e3o do Padre Delton Filho na Can\u00e7\u00e3o Nova.<\/em><strong><\/p>\n<p>Traga sua fam\u00edlia seu grupo de ora\u00e7\u00e3o para vivermos este maravilhoso encontro.<\/p>\n<p><strong><br \/>\nEndere\u00e7o:<br \/>\nCasa de Evangeliza\u00e7\u00e3o Can\u00e7\u00e3o Nova Curitiba<br \/>\nAv. Marechal Floriano Peixoto \u2013 4809<br \/>\nVila Hauer \u2013 Curitiba \u2013 Paran\u00e1<br \/>\nFone: (41) 3091 1370<\/strong><\/p>\n","protected":false},"excerpt":{"rendered":"<p>Encontro de ora\u00e7\u00e3o com Padre Delton Filho em Curitiba No final de semana, dias 23 e 24 de Junho acontece aqui na Casa de evangeliza\u00e7\u00e3o da Can\u00e7\u00e3o Nova em Curitiba o encontro de ora\u00e7\u00e3o com o tema, Cora\u00e7\u00e3o de Jesus&#8230;<\/p>\n","protected":false},"author":3161,"featured_media":0,"comment_status":"open","ping_status":"open","sticky":false,"template":"","format":"standard","meta":{"_mi_skip_tracking":false,"_monsterinsights_sitenote_active":false,"_monsterinsights_sitenote_note":"","_monsterinsights_sitenote_category":0,"footnotes":""},"categories":[67],"tags":[28069,17102,19092,5721,221,25324,19090],"_links":{"self":[{"href":"https:\/\/blog.cancaonova.com\/curitiba\/wp-json\/wp\/v2\/posts\/11373"}],"collection":[{"href":"https:\/\/blog.cancaonova.com\/curitiba\/wp-json\/wp\/v2\/posts"}],"about":[{"href":"https:\/\/blog.cancaonova.com\/curitiba\/wp-json\/wp\/v2\/types\/post"}],"author":[{"embeddable":true,"href":"https:\/\/blog.cancaonova.com\/curitiba\/wp-json\/wp\/v2\/users\/3161"}],"replies":[{"embeddable":true,"href":"https:\/\/blog.cancaonova.com\/curitiba\/wp-json\/wp\/v2\/comments?post=11373"}],"version-history":[{"count":5,"href":"https:\/\/blog.cancaonova.com\/curitiba\/wp-json\/wp\/v2\/posts\/11373\/revisions"}],"predecessor-version":[{"id":11378,"href":"https:\/\/blog.cancaonova.com\/curitiba\/wp-json\/wp\/v2\/posts\/11373\/revisions\/11378"}],"wp:attachment":[{"href":"https:\/\/blog.cancaonova.com\/curitiba\/wp-json\/wp\/v2\/media?parent=11373"}],"wp:term":[{"taxonomy":"category","embeddable":true,"href":"https:\/\/blog.cancaonova.com\/curitiba\/wp-json\/wp\/v2\/categories?post=11373"},{"taxonomy":"post_tag","embeddable":true,"href":"https:\/\/blog.cancaonova.com\/curitiba\/wp-json\/wp\/v2\/tags?post=11373"}],"curies":[{"name":"wp","href":"https:\/\/api.w.org\/{rel}","templated":true}]}}