{"id":16175,"date":"2016-12-20T11:22:21","date_gmt":"2016-12-20T13:22:21","guid":{"rendered":"http:\/\/blog.cancaonova.com\/curitiba\/?p=16175"},"modified":"2017-04-10T10:13:50","modified_gmt":"2017-04-10T12:13:50","slug":"agenda-2017-da-cancao-nova-curitiba","status":"publish","type":"post","link":"https:\/\/blog.cancaonova.com\/curitiba\/agenda-2017-da-cancao-nova-curitiba\/","title":{"rendered":"Agenda 2017 da Can\u00e7\u00e3o Nova Curitiba"},"content":{"rendered":"<p><strong>JANEIRO\/2017<\/strong><\/p>\n<p align=\"left\">09\/01 \u2013 Retorno das atividades<\/p>\n<p align=\"left\">21\/01 \u2013 Noite de Adora\u00e7\u00e3o \u201c2017 aos p\u00e9s de Jesus\u201d<\/p>\n<p align=\"left\">31\/01 \u2013 Missa Votiva de S\u00e3o Miguel Arcanjo<\/p>\n<p align=\"left\"><strong>FEVEREIRO\/2017<\/strong><\/p>\n<p align=\"left\">02\/02 \u2013 Missa de Compromisso<\/p>\n<p align=\"left\">11 e 12\/02 \u2013 Encontro: Clamando ao Pai das Miseric\u00f3rdias<\/p>\n<p align=\"left\">Presen\u00e7a: Salette Ferreira, Cassiano Meireles, Mazinho, Celiane e Orlando Jr<\/p>\n<p align=\"left\">14\/02 \u2013 Feir\u00e3o da Provid\u00eancia<\/p>\n<p align=\"left\">21\/02 \u2013 Missa Votiva de S\u00e3o Miguel Arcanjo<\/p>\n<p align=\"left\"><strong>MAR\u00c7O\/2017<\/strong><\/p>\n<p align=\"left\">11 e 12\/03 \u2013 Encontro para Mulheres<\/p>\n<p align=\"left\">Presen\u00e7a: Antonieta Sales, Rogerinha, Adriana Potexki (psic\u00f3loga), Cris Viana, Mauric\u00e9ia, Pe Gevanildo Torres<\/p>\n<p align=\"left\">20 a 26\/03 \u2013 Cerco de Jeric\u00f3<\/p>\n<p align=\"left\">25\/03- Vig\u00edlia<\/p>\n<p align=\"left\">26\/03\u00a0\u2013 Tarde de louvor com M\u00e1rcio Todeschini<\/p>\n<p align=\"left\">28\/03 \u2013 Missa Votiva de S\u00e3o Miguel Arcanjo<\/p>\n<p align=\"left\"><strong>ABRIL\/2017<\/strong><\/p>\n<p align=\"left\">11\/04 \u2013 Feir\u00e3o da Provid\u00eancia<\/p>\n<p align=\"left\">13 a 16\/04 \u2013 Semana Santa na CNCuritiba<\/p>\n<p align=\"left\">23\/04 \u2013 Festa Miseric\u00f3rdia<\/p>\n<p align=\"left\">Presen\u00e7a: Pe Gevanildo Torres, Pe Marlon M\u00facio, Juliana de Paula, Orlando Jr. e Aline Mendes<\/p>\n<p align=\"left\">25\/04 \u2013 Missa Votiva de S\u00e3o Miguel Arcanjo<\/p>\n<p align=\"left\"><strong>MAIO\/2017<\/strong><\/p>\n<p align=\"left\">01 a 07\/05 \u2013 Cerco de Jeric\u00f3<\/p>\n<p align=\"left\">06\/05- Vig\u00edlia<\/p>\n<p align=\"left\">07\/05\u00a0\u2013 Tarde de Louvor com Alexandre Oliveira<\/p>\n<p align=\"left\">26 a 28\/05 \u00a0\u2013 Encontro de Casais \u2013 Retiro Fechado<\/p>\n<p align=\"left\">30\/05 \u2013 Missa Votiva de S\u00e3o Miguel Arcanjo<\/p>\n<p align=\"left\"><strong>JUNHO\/2017<\/strong><\/p>\n<p align=\"left\">13\/06 \u2013 Feir\u00e3o da Provid\u00eancia<\/p>\n<p align=\"left\">24\/06 \u2013 Festa Junina com \u00c1lvaro e Daniel<\/p>\n<p align=\"left\">27\/06 \u2013 Missa Votiva de S\u00e3o Miguel Arcanjo<\/p>\n<p align=\"left\"><strong>JULHO\/2017<\/strong><\/p>\n<p align=\"left\">02\/07 \u2013 Dia de Louvor c\/ Comunidade Beth\u00e2nia \u2013 Padre Vicente<\/p>\n<p align=\"left\">25\/07 \u2013 Missa Votiva de S\u00e3o Miguel Arcanjo<\/p>\n<p align=\"left\">29 e 30\/07 \u2013 Maranath\u00e1 (Retiro fechado para Jovens)<\/p>\n<p align=\"left\"><strong>AGOSTO\/2017<\/strong><\/p>\n<p align=\"left\">05 e 06\/08 \u2013 Celebra Curitiba (13 anos de Can\u00e7\u00e3o Nova em Curitiba)<\/p>\n<p align=\"left\">Presen\u00e7a: Dom Jos\u00e9 M\u00e1rio, Pe Gevanildo Torres, Pe Adriano Zandon\u00e1, Ironi Spuldaro, Luzia Santiago, Emanuel St\u00eanio, Orlando Jr.<\/p>\n<p align=\"left\">08\/08 \u2013 Feir\u00e3o da Provid\u00eancia<\/p>\n<p align=\"left\">14 a 20\/08 \u2013 Cerco de Jeric\u00f3<\/p>\n<p align=\"left\">19\/08- Vig\u00edlia<\/p>\n<p align=\"left\">20\/08\u00a0\u2013 Tarde de Louvor com Alexandra Gon\u00e7alves, Silas e V\u00e2nia<\/p>\n<p align=\"left\">29\/08 \u2013 Missa Votiva de S\u00e3o Miguel Arcanjo<\/p>\n<p align=\"left\"><strong>SETEMBRO\/2017<\/strong><\/p>\n<p align=\"left\">16 e 17\/09 \u2013 Encontro \u201cNo Combate da Ora\u00e7\u00e3o\u201d<\/p>\n<p align=\"left\">Presen\u00e7a: Pe Gevanildo Torres e Ricardo Rezende<\/p>\n<p align=\"left\">26\/09 \u2013 Missa Votiva de S\u00e3o Miguel Arcanjo<\/p>\n<p align=\"left\"><strong>OUTUBRO\/2017<\/strong><\/p>\n<p align=\"left\">01\/10 \u2013 Aprofundamento para Jovens \u201cUP\u201d<\/p>\n<p align=\"left\">10\/10 \u2013 Feir\u00e3o da Provid\u00eancia<\/p>\n<p align=\"left\">22\/10 \u2013 Retiro Anual de Cura e Liberta\u00e7\u00e3o com Padre Cleberson e Pe Gevanildo Torres<\/p>\n<p align=\"left\">29\/10- Dia da Fam\u00edlia Can\u00e7\u00e3o Nova<\/p>\n<p align=\"left\">31\/10 \u2013 Missa Votiva de S\u00e3o Miguel Arcanjo<\/p>\n<p align=\"left\"><strong>NOVEMBRO\/2017<\/strong><\/p>\n<p align=\"left\">18 e 19\/11 \u2013 Encontro com M\u00e1rcio Mendes e Padre Gevanildo Torres<\/p>\n<p align=\"left\">20 a 26\/11 \u2013 Cerco de Jeric\u00f3<\/p>\n<p align=\"left\">25\/11- Vig\u00edlia<\/p>\n<p align=\"left\">26\/11 \u2013 Tarde de Louvor com Edivaldo e Sidina<\/p>\n<p align=\"left\">28\/11 \u2013 Missa Votiva de S\u00e3o Miguel Arcanjo<\/p>\n<p align=\"left\"><strong>DEZEMBRO\/2017<\/strong><\/p>\n<p align=\"left\">09 e 10\/12 \u2013 Encontro de Ora\u00e7\u00e3o com Pe Edmilson Lopes, Pe Gevanildo Torres, Gil Monteiro, Juninho (Comunidade Ide)<\/p>\n<p align=\"left\">12\/12 \u2013 Feir\u00e3o da Natal<\/p>\n<p align=\"left\">15\/12 \u2013 Encerramento das atividades<\/p>\n<p align=\"left\"><img loading=\"lazy\" decoding=\"async\" class=\"aligncenter size-full wp-image-16434\" src=\"http:\/\/blog.cancaonova.com\/curitiba\/files\/2017\/01\/FLYER2017-10X21-CAN\u00c7\u00c3O-NOVA_P\u00e1gina_1.jpg\" alt=\"\" width=\"1723\" height=\"3373\" \/><img loading=\"lazy\" decoding=\"async\" class=\"aligncenter size-full wp-image-16435\" src=\"http:\/\/blog.cancaonova.com\/curitiba\/files\/2017\/01\/FLYER2017-10X21-CAN\u00c7\u00c3O-NOVA_P\u00e1gina_2.jpg\" alt=\"\" width=\"1723\" height=\"3373\" \/><\/p>\n<p align=\"left\">\n<p>\u25ba Para mais informa\u00e7\u00f5es\u00a0<a href=\"http:\/\/blog.cancaonova.com\/curitiba\/fale-conosco\/\">entre em contato conosco<\/a><\/p>\n<p style=\"text-align: center\" align=\"right\"><span style=\"color: #000000\"><strong><span style=\"font-family: Arial, sans-serif\"><span style=\"font-size: medium\">Agenda sujeita a altera\u00e7\u00f5es!<\/span><\/span><\/strong><\/span><\/p>\n<p style=\"text-align: center\" align=\"center\"><span style=\"color: #000000\"><strong><span style=\"font-family: Arial, sans-serif\"><span style=\"font-size: medium\">Mais informa\u00e7\u00f5es:<br \/>\n(41) 3091 &#8211; 1370<\/span><\/span><\/strong><\/span><\/p>\n","protected":false},"excerpt":{"rendered":"<p>JANEIRO\/2017 09\/01 \u2013 Retorno das atividades 21\/01 \u2013 Noite de Adora\u00e7\u00e3o \u201c2017 aos p\u00e9s de Jesus\u201d 31\/01 \u2013 Missa Votiva de S\u00e3o Miguel Arcanjo FEVEREIRO\/2017 02\/02 \u2013 Missa de Compromisso 11 e 12\/02 \u2013 Encontro: Clamando ao Pai das Miseric\u00f3rdias&#8230;<\/p>\n","protected":false},"author":3161,"featured_media":0,"comment_status":"open","ping_status":"open","sticky":false,"template":"","format":"standard","meta":{"_mi_skip_tracking":false,"_monsterinsights_sitenote_active":false,"_monsterinsights_sitenote_note":"","_monsterinsights_sitenote_category":0,"footnotes":""},"categories":[27826],"tags":[],"_links":{"self":[{"href":"https:\/\/blog.cancaonova.com\/curitiba\/wp-json\/wp\/v2\/posts\/16175"}],"collection":[{"href":"https:\/\/blog.cancaonova.com\/curitiba\/wp-json\/wp\/v2\/posts"}],"about":[{"href":"https:\/\/blog.cancaonova.com\/curitiba\/wp-json\/wp\/v2\/types\/post"}],"author":[{"embeddable":true,"href":"https:\/\/blog.cancaonova.com\/curitiba\/wp-json\/wp\/v2\/users\/3161"}],"replies":[{"embeddable":true,"href":"https:\/\/blog.cancaonova.com\/curitiba\/wp-json\/wp\/v2\/comments?post=16175"}],"version-history":[{"count":8,"href":"https:\/\/blog.cancaonova.com\/curitiba\/wp-json\/wp\/v2\/posts\/16175\/revisions"}],"predecessor-version":[{"id":16437,"href":"https:\/\/blog.cancaonova.com\/curitiba\/wp-json\/wp\/v2\/posts\/16175\/revisions\/16437"}],"wp:attachment":[{"href":"https:\/\/blog.cancaonova.com\/curitiba\/wp-json\/wp\/v2\/media?parent=16175"}],"wp:term":[{"taxonomy":"category","embeddable":true,"href":"https:\/\/blog.cancaonova.com\/curitiba\/wp-json\/wp\/v2\/categories?post=16175"},{"taxonomy":"post_tag","embeddable":true,"href":"https:\/\/blog.cancaonova.com\/curitiba\/wp-json\/wp\/v2\/tags?post=16175"}],"curies":[{"name":"wp","href":"https:\/\/api.w.org\/{rel}","templated":true}]}}