{"id":16444,"date":"2017-04-18T10:24:15","date_gmt":"2017-04-18T12:24:15","guid":{"rendered":"http:\/\/blog.cancaonova.com\/curitiba\/?p=16444"},"modified":"2017-04-18T10:26:06","modified_gmt":"2017-04-18T12:26:06","slug":"programacao-da-festa-da-misericordia","status":"publish","type":"post","link":"https:\/\/blog.cancaonova.com\/curitiba\/programacao-da-festa-da-misericordia\/","title":{"rendered":"Programa\u00e7\u00e3o da Festa da Miseric\u00f3rdia"},"content":{"rendered":"<p align=\"left\"><img loading=\"lazy\" decoding=\"async\" class=\"aligncenter size-full wp-image-16446\" src=\"http:\/\/blog.cancaonova.com\/curitiba\/files\/2017\/04\/TOPO-FACEBOOK.jpg\" alt=\"\" width=\"1702\" height=\"630\" srcset=\"https:\/\/blog.cancaonova.com\/curitiba\/files\/2017\/04\/TOPO-FACEBOOK.jpg 1702w, https:\/\/blog.cancaonova.com\/curitiba\/files\/2017\/04\/TOPO-FACEBOOK-300x111.jpg 300w, https:\/\/blog.cancaonova.com\/curitiba\/files\/2017\/04\/TOPO-FACEBOOK-768x284.jpg 768w\" sizes=\"(max-width: 1702px) 100vw, 1702px\" \/><\/p>\n<h1><strong>Programa\u00e7\u00e3o<\/strong><\/h1>\n<h3><strong>Dia 23 de abril<\/strong><br \/>\n<strong>08h00<\/strong> \u2013 Santo Ter\u00e7o: Aline Mendes<br \/>\n<strong>08h30<\/strong> \u2013 Anima\u00e7\u00e3o: Orlando Jr\/ Juliana de Paula<br \/>\n<span style=\"color: #ff0000\"><strong>09h00<\/strong> &#8211; <strong>Prega\u00e7\u00e3o: Pe. Marlon M\u00facio<\/strong><\/span><br \/>\n<strong>10h00<\/strong> \u2013 Ora\u00e7\u00e3o Juliana de Paula<br \/>\n<strong>10h30<\/strong> &#8211; Promo\u00e7\u00e3o\/Intervalo<br \/>\n<strong>11h00<\/strong> \u2013 Anima\u00e7\u00e3o: Juliana de Paula<br \/>\n<strong><span style=\"color: #ff0000\">11h30 &#8211; Prega\u00e7\u00e3o: Pe. Marlon M\u00facio<\/span><\/strong><br \/>\n<strong>12h30<\/strong> &#8211; Promo\u00e7\u00e3o e Intervalo p\/ Almo\u00e7o<br \/>\n<strong>14h00<\/strong> \u2013 Anima\u00e7\u00e3o: Juliana de Paula e Orlando Jr,<br \/>\n<span style=\"color: #ff0000\"><strong>14h15\u2013 Prega\u00e7\u00e3o: Pe Gevanildo Torres<\/strong><\/span><br \/>\n<strong>15h00 \u2013 Momento da Miseric\u00f3rdia( venera\u00e7\u00e3o a divina miseric\u00f3rdia)<\/strong><br \/>\n<strong>(Pe. Gevanildo Torres, Pe Marlon M\u00facio, Juliana de Paula, Aline Mendes e Orlando Junior)<\/strong><br \/>\n<strong>16h00<\/strong> &#8211; Promo\u00e7\u00e3o \/ Intervalo<br \/>\n<span style=\"color: #ff0000\"><strong>16h30 \u2013 Missa: Pe. Marlon M\u00facio e Pe Gevanildo Torres<\/strong><\/span><br \/>\n<strong>18h00<\/strong> &#8211; Encerramento<\/h3>\n<h3><\/h3>\n<h3><img loading=\"lazy\" decoding=\"async\" class=\" wp-image-16447 alignleft\" src=\"http:\/\/blog.cancaonova.com\/curitiba\/files\/2017\/04\/download.jpg\" alt=\"\" width=\"154\" height=\"185\" \/><\/h3>\n<h3><strong>Programa\u00e7\u00e3o Paralela &#8211; Por onde andam seus sonhos?: Descubra e volte a sonhar \u2013 com Dijanira Silva<\/strong><br \/>\n<strong>As 13h15 as 14h &#8211; no hall da recep\u00e7\u00e3o<\/strong><br \/>\nM\u00fasicos: Aline e Everton<\/h3>\n<p>&nbsp;<\/p>\n<p>&nbsp;<\/p>\n<p>&nbsp;<\/p>\n<p>&nbsp;<br \/>\n<strong>OBS:Programa\u00e7\u00e3o Sujeita a altera\u00e7\u00e3o sem aviso previo<\/strong><\/p>\n<p align=\"left\">\n","protected":false},"excerpt":{"rendered":"<p>Programa\u00e7\u00e3o Dia 23 de abril 08h00 \u2013 Santo Ter\u00e7o: Aline Mendes 08h30 \u2013 Anima\u00e7\u00e3o: Orlando Jr\/ Juliana de Paula 09h00 &#8211; Prega\u00e7\u00e3o: Pe. Marlon M\u00facio 10h00 \u2013 Ora\u00e7\u00e3o Juliana de Paula 10h30 &#8211; Promo\u00e7\u00e3o\/Intervalo 11h00 \u2013 Anima\u00e7\u00e3o: Juliana de Paula&#8230;<\/p>\n","protected":false},"author":3161,"featured_media":0,"comment_status":"open","ping_status":"open","sticky":false,"template":"","format":"standard","meta":{"_mi_skip_tracking":false,"_monsterinsights_sitenote_active":false,"_monsterinsights_sitenote_note":"","_monsterinsights_sitenote_category":0,"footnotes":""},"categories":[27826],"tags":[],"_links":{"self":[{"href":"https:\/\/blog.cancaonova.com\/curitiba\/wp-json\/wp\/v2\/posts\/16444"}],"collection":[{"href":"https:\/\/blog.cancaonova.com\/curitiba\/wp-json\/wp\/v2\/posts"}],"about":[{"href":"https:\/\/blog.cancaonova.com\/curitiba\/wp-json\/wp\/v2\/types\/post"}],"author":[{"embeddable":true,"href":"https:\/\/blog.cancaonova.com\/curitiba\/wp-json\/wp\/v2\/users\/3161"}],"replies":[{"embeddable":true,"href":"https:\/\/blog.cancaonova.com\/curitiba\/wp-json\/wp\/v2\/comments?post=16444"}],"version-history":[{"count":5,"href":"https:\/\/blog.cancaonova.com\/curitiba\/wp-json\/wp\/v2\/posts\/16444\/revisions"}],"predecessor-version":[{"id":16451,"href":"https:\/\/blog.cancaonova.com\/curitiba\/wp-json\/wp\/v2\/posts\/16444\/revisions\/16451"}],"wp:attachment":[{"href":"https:\/\/blog.cancaonova.com\/curitiba\/wp-json\/wp\/v2\/media?parent=16444"}],"wp:term":[{"taxonomy":"category","embeddable":true,"href":"https:\/\/blog.cancaonova.com\/curitiba\/wp-json\/wp\/v2\/categories?post=16444"},{"taxonomy":"post_tag","embeddable":true,"href":"https:\/\/blog.cancaonova.com\/curitiba\/wp-json\/wp\/v2\/tags?post=16444"}],"curies":[{"name":"wp","href":"https:\/\/api.w.org\/{rel}","templated":true}]}}