{"id":16455,"date":"2017-04-23T11:49:33","date_gmt":"2017-04-23T13:49:33","guid":{"rendered":"http:\/\/blog.cancaonova.com\/curitiba\/?p=16455"},"modified":"2017-04-23T11:49:33","modified_gmt":"2017-04-23T13:49:33","slug":"formas-de-devocao-a-jesus-misericordioso","status":"publish","type":"post","link":"https:\/\/blog.cancaonova.com\/curitiba\/formas-de-devocao-a-jesus-misericordioso\/","title":{"rendered":"Formas de Devo\u00e7\u00e3o a Jesus Misericordioso"},"content":{"rendered":"<p><strong>A FESTA DA MISERIC\u00d3RDIA SAIU DAS ENTRANHAS DE SUA MISERIC\u00d3RDIA.<\/strong><\/p>\n<p>Iniciamos nossa Festa da Miseric\u00f3rdia com a reflex\u00e3o da palavra de Deus conduzida pelo padre Marlon M\u00facio nesta manh\u00e3, descrita em Jo\u00e3o 19, 34 \u201cMas um soldado golpeou-lhe o lado com uma lan\u00e7a, e imediatamente saiu sangue e \u00e1gua\u201d pela for\u00e7a da liturgia da igreja, atualiza-se hoje essa leitura.<\/p>\n<p>Deus nos direciona a viver a devo\u00e7\u00e3o a partir do cumprimento das cinco praticas de ora\u00e7\u00e3o a Jesus Misericordioso, s\u00e3o essas: Venera\u00e7\u00e3o \u00e0 Imagem de Jesus Misericordioso; A festa da Miseric\u00f3rdia; A novena da Miseric\u00f3rdia; \u00c0 hora da Miseric\u00f3rdia; A Divulga\u00e7\u00e3o da Divina Miseric\u00f3rdia. Como algumas das promessas da venera\u00e7\u00e3o e cumprimento das praticas, Ele nos promete a vitoria contra os seus inimigos, a defesa na hora da nossa morte e a vida eterna.<\/p>\n<p><strong><em>Os dois raios que saem do cora\u00e7\u00e3o de Jesus na imagem simbolizam o sangue e a \u00e1gua. O tom vermelho significa sangue que \u00e9 a vida das almas e a eucaristia. O branco significa a justifica\u00e7\u00e3o das almas, o batismo e a confiss\u00e3o dos pecados.<\/em><\/strong><\/p>\n<p>A promessa de Deus de viver a festa da miseric\u00f3rdia e a Santa missa nesse dia \u00e9 de experimentar a gra\u00e7a da remiss\u00e3o dos pecados, somos pecadores que necessitamos da sua Miseric\u00f3rdia. A festa de hoje \u00e9 para os pecadores. A alma que se confessar beber\u00e1 da gra\u00e7a reservada nesse dia.<\/p>\n<blockquote><p>O primeiro nome de Deus e o Amor e a segunda \u00e9 a Miseric\u00f3rdia \u2013 Papa Francisco<\/p><\/blockquote>\n<p>Antes de vir como justo juiz Jesus vem pelo amor e pela miseric\u00f3rdia. A Can\u00e7\u00e3o nova \u00e9 a cada de Deus e a casa da miseric\u00f3rdia. Aceite esse tempo da miseric\u00f3rdia em sua vida! Nossas casas e nosso cora\u00e7\u00e3o precisa ser tamb\u00e9m a Casa da Miseric\u00f3rdia.<\/p>\n<p>A pratica de ora\u00e7\u00e3o do ter\u00e7o das miseric\u00f3rdias nos envolve nessa gra\u00e7a durante toda nossa vida e durante a hora da morte. Acredite que as promessas de Deus para a sua vida ou j\u00e1 se cumpriram ou est\u00e1 para se cumprir ou vai ser cumprir por que Deus \u00e9 um homem de palavra! Todos os pedidos que estiverem de acordo com a vontade de Deus e para a nossa Salva\u00e7\u00e3o, ser\u00e3o concretizados.<\/p>\n<p>A hora da miseric\u00f3rdia \u00e9 a hora m\u00e1xima de devo\u00e7\u00e3o. Reserve esse hor\u00e1rio para a medita\u00e7\u00e3o da paix\u00e3o e miseric\u00f3rdia, se poss\u00edvel reze o ter\u00e7o, se n\u00e3o recite a jaculat\u00f3ria &#8211; <strong>Jesus eu confio em v\u00f3s.<\/strong><\/p>\n<p><em>Jesus ser\u00e1 o salvador Misericordioso para quem divulgar a sua Divina Miseric\u00f3rdia.<\/em><\/p>\n<p><a href=\"https:\/\/www.facebook.com\/pg\/cancaonovacuritiba\/photos\/?tab=album&amp;album_id=1284298094999275\"><img loading=\"lazy\" decoding=\"async\" class=\"aligncenter\" src=\"http:\/\/www.3pinformatica.com.br\/sedesantos\/fotos\/fotos\/capamisericordia6(1).jpg\" width=\"232\" height=\"349\" \/><\/a><\/p>\n<p style=\"text-align: center\">Confira as fotos do encontro clicando <a href=\"https:\/\/www.facebook.com\/pg\/cancaonovacuritiba\/photos\/?tab=album&amp;album_id=1284298094999275\">aqui<\/a><\/p>\n<p>Logo ap\u00f3s as 11:00 retornamos nossa Festa a Divina Miseric\u00f3rdia com muito louvor, ora\u00e7\u00e3o e prega\u00e7\u00e3o!<\/p>\n<p>Participe conosco<\/p>\n<p>&nbsp;<\/p>\n<p>Casa de Miss\u00e3o Canc\u00e3o Nova em Curitiba<\/p>\n<p>Av. Marechal Floriano Peixoto 4809 &#8211; Vila Hauer<\/p>\n<p>&nbsp;<\/p>\n<p>&nbsp;<\/p>\n","protected":false},"excerpt":{"rendered":"<p>A FESTA DA MISERIC\u00d3RDIA SAIU DAS ENTRANHAS DE SUA MISERIC\u00d3RDIA. Iniciamos nossa Festa da Miseric\u00f3rdia com a reflex\u00e3o da palavra de Deus conduzida pelo padre Marlon M\u00facio nesta manh\u00e3, descrita em Jo\u00e3o 19, 34 \u201cMas um soldado golpeou-lhe o lado&#8230;<\/p>\n","protected":false},"author":3161,"featured_media":0,"comment_status":"open","ping_status":"open","sticky":false,"template":"","format":"standard","meta":{"_mi_skip_tracking":false,"_monsterinsights_sitenote_active":false,"_monsterinsights_sitenote_note":"","_monsterinsights_sitenote_category":0,"footnotes":""},"categories":[67],"tags":[],"_links":{"self":[{"href":"https:\/\/blog.cancaonova.com\/curitiba\/wp-json\/wp\/v2\/posts\/16455"}],"collection":[{"href":"https:\/\/blog.cancaonova.com\/curitiba\/wp-json\/wp\/v2\/posts"}],"about":[{"href":"https:\/\/blog.cancaonova.com\/curitiba\/wp-json\/wp\/v2\/types\/post"}],"author":[{"embeddable":true,"href":"https:\/\/blog.cancaonova.com\/curitiba\/wp-json\/wp\/v2\/users\/3161"}],"replies":[{"embeddable":true,"href":"https:\/\/blog.cancaonova.com\/curitiba\/wp-json\/wp\/v2\/comments?post=16455"}],"version-history":[{"count":1,"href":"https:\/\/blog.cancaonova.com\/curitiba\/wp-json\/wp\/v2\/posts\/16455\/revisions"}],"predecessor-version":[{"id":16456,"href":"https:\/\/blog.cancaonova.com\/curitiba\/wp-json\/wp\/v2\/posts\/16455\/revisions\/16456"}],"wp:attachment":[{"href":"https:\/\/blog.cancaonova.com\/curitiba\/wp-json\/wp\/v2\/media?parent=16455"}],"wp:term":[{"taxonomy":"category","embeddable":true,"href":"https:\/\/blog.cancaonova.com\/curitiba\/wp-json\/wp\/v2\/categories?post=16455"},{"taxonomy":"post_tag","embeddable":true,"href":"https:\/\/blog.cancaonova.com\/curitiba\/wp-json\/wp\/v2\/tags?post=16455"}],"curies":[{"name":"wp","href":"https:\/\/api.w.org\/{rel}","templated":true}]}}