{"id":16457,"date":"2017-04-23T15:54:03","date_gmt":"2017-04-23T17:54:03","guid":{"rendered":"http:\/\/blog.cancaonova.com\/curitiba\/?p=16457"},"modified":"2017-04-23T15:54:03","modified_gmt":"2017-04-23T17:54:03","slug":"lancamento-do-livro-por-onde-andam-seus-sonhos-descubra-e-volte-a-sonhar","status":"publish","type":"post","link":"https:\/\/blog.cancaonova.com\/curitiba\/lancamento-do-livro-por-onde-andam-seus-sonhos-descubra-e-volte-a-sonhar\/","title":{"rendered":"Lan\u00e7amento do Livro Por onde andam seus sonhos? Descubra e volte a sonhar!"},"content":{"rendered":"<p>Nesse tarde de domingo durante o evento da Festa da Miseric\u00f3rdia foi realizado o lan\u00e7amento do livro da Dijanira Silva um evento paralelo ao encontro onde ela partilhou conosco um pouco da experi\u00eancia ao escrever o livro, Por onde andam seus sonhos? Descubra e volte a sonhar!<\/p>\n<p><img loading=\"lazy\" decoding=\"async\" class=\"aligncenter  wp-image-16458\" src=\"http:\/\/blog.cancaonova.com\/curitiba\/files\/2017\/04\/18121122_1284320924996992_948973066734940438_o.jpg\" alt=\"\" width=\"566\" height=\"337\" srcset=\"https:\/\/blog.cancaonova.com\/curitiba\/files\/2017\/04\/18121122_1284320924996992_948973066734940438_o.jpg 982w, https:\/\/blog.cancaonova.com\/curitiba\/files\/2017\/04\/18121122_1284320924996992_948973066734940438_o-300x179.jpg 300w, https:\/\/blog.cancaonova.com\/curitiba\/files\/2017\/04\/18121122_1284320924996992_948973066734940438_o-768x458.jpg 768w\" sizes=\"(max-width: 566px) 100vw, 566px\" \/><\/p>\n<p>Praia de Oliven\u00e7a \u0096 interior baiano, manh\u00e3 de s\u00e1bado \u0096, enquanto caminhava pelo vilarejo, uma paisagem, entre tantas, me chamou aten\u00e7\u00e3o: era uma casinha de camping linda, com alpendres, varandas, e muitas flores nativas, daquelas bem simples, que nascem e crescem sem exigir cuidados, com cores vibrantes e beleza sem igual. Sim, aquela variedade de flores, ao redor da pequena resid\u00eancia, me atraiu. Mas n\u00e3o era s\u00f3 isso\u2026<\/p>\n<p>Em instantes, <b>me vi parada no port\u00e3o da modesta casa, parecia uma cena de filme<\/b>. Como estava sozinha e tudo era sil\u00eancio, fiquei bem \u00e0 vontade e fui logo observando todos os detalhes, como gosto de fazer diante do novo.<br \/>\nA casa estava fechada com cadeado por fora. \u2018Bom sinal, n\u00e3o tem ningu\u00e9m por aqui!\u2019, pensei. Percebi que o mato cresceu bastante ao seu redor e pensei: \u2018ser\u00e1 que uma casa t\u00e3o bonita estaria abandonada? N\u00e3o pode ser!\u2019 Dei mais aten\u00e7\u00e3o a uma placa pendurada no alto do port\u00e3o central, e vi escrito: <i>\u2018Vendo, troco ou alugo. Fa\u00e7o qualquer neg\u00f3cio\u2019<\/i> (abaixo o n\u00famero de telefone para contatos).<\/p>\n<p>Arrisco-me a explicar o que se passou em minha alma naquele momento. Em segundos, pensei no propriet\u00e1rio da casa, somente nele: \u2018Por que ser\u00e1 que se desgostou tanto de seu cantinho?\u2019<\/p>\n<p>A casa parecia bem planejada, sonhada\u2026 Tinha detalhes de bom gosto, sinais de delicadeza. E deduzi que se o propriet\u00e1rio estivesse assim t\u00e3o disposto a desfazer-se dela, certamente seus sonhos teriam sido esmagados ou perderam-se no tempo, nas esquinas da vida\u2026<\/p>\n<p>Fiquei ali mais um pouco contemplando o cen\u00e1rio, depois voltei para casa em que estava hospedada. Ah! como \u00e9 bom estar em contato com o mar, com a terra, com a natureza, com o sil\u00eancio\u2026 Calar um pouco e ouvir a voz do vento, do mar, sentir o cheiro do campo. J\u00e1 fez isso? Entendo quando Jesus disse aos Seus disc\u00edpulos: <i><u>\u0093Ide para um lugar deserto e descansai um pouco.\u0094<\/u><\/i> O Mestre da sensibilidade sabia muito bem o valor do descanso para todo ser humano, principalmente, para aqueles que dedicam a vida ao an\u00fancio do Reino do C\u00e9u.<\/p>\n<p><b>O sil\u00eancio e a natureza nos aproximam do que \u00e9 divino e natural<\/b>. Acalmam-nos, renovam as nossas for\u00e7as e nos inspiram! \u00c9 um jeito simples de Deus nos visitar e nos falar ao cora\u00e7\u00e3o. \u00c9 preciso ouvir o Mestre para poder transmitir Sua mensagem a quem Ele nos enviar.<\/p>\n<p>Mas, voltando a falar da experi\u00eancia que vivi quanto \u00e0 casinha de camping, gostaria de perguntar a seu propriet\u00e1rio: <i>\u2018Por onde andam seus sonhos?\u2019<\/i> Se pudesse lhe diria para ter calma antes de abrir m\u00e3o de tudo. Aconte\u00e7a \u0096 seja l\u00e1 o que for \u0096 a vida continua e ningu\u00e9m tem o direito de roubar do outro a alegria de viver e sonhar. Os motivos, que o levaram a construir uma casa t\u00e3o bonita, onde est\u00e3o? Estes s\u00e3o pensamentos meus, frutos de uma experi\u00eancia pessoal.<\/p>\n<p>Mas, e quanto a voc\u00ea, que agora l\u00ea meus escritos de um fim de tarde\u2026? Por onde andam seus sonhos? Quer falar sobre eles? Ser\u00e1 que, por algum motivo, voc\u00ea tamb\u00e9m tenha colocado uma \u201cplaca de venda em seus sonhos\u201d, abrindo m\u00e3o de tudo? Ou ser\u00e1 que voc\u00ea n\u00e3o se desfez da \u0093casinha\u0094, mas vive nela por viver\u2026 Perdeu o entusiasmo e o encanto pela vida? Neste caso, o pior \u00e9 que todas as vezes que pensa nos detalhes de seus sonhos, \u00e9 como se tocasse em feridas da alma, o cora\u00e7\u00e3o aperta e d\u00f3i. <b>Sim, eu sei, n\u00e3o \u00e9 f\u00e1cil recome\u00e7ar, mas \u00e9 poss\u00edvel com a gra\u00e7a de Deus!<\/b><\/p>\n<p>Nos \u201cvilarejos\u201d de sua hist\u00f3ria h\u00e1 algum sinal de desist\u00eancia? Pense um pouco e n\u00e3o tenha medo de encarar sua realidade. Estejam seus sonhos onde estiverem, pegue-os de volta! Eles s\u00e3o seus e isso os faz preciosos e exclusivos.<\/p>\n<p>N\u00e3o d\u00ea a ningu\u00e9m o direito de destruir sua alegria, sua vontade de viver e sonhar! Se alguma coisa n\u00e3o deu certo, comece de novo, sem medo. Levante a cabe\u00e7a, olhe para o c\u00e9u e pense em <u>Jesus: o maior Sonhador que a humanidade j\u00e1 conheceu!<\/u> Ele sempre falou de sonhos e nunca deixou de encarar sua realidade humana e divina. Seu exemplo, Sua vit\u00f3ria nos anima a segui-Lo confiantes.<\/p>\n<p>Talvez, hoje, seja um \u00f3timo dia para voc\u00ea voltar aos \u201cvilarejos\u201d de sua hist\u00f3ria, tirar as \u201cplacas\u201d que denunciam desist\u00eancia, e voltar a sonhar.<\/p>\n<p>Abrace o que \u00e9 seu, ainda \u00e9 tempo de ser feliz! Estamos juntos! Rezo por voc\u00ea, pelos seus sonhos, eles podem ser reais, se voc\u00ea acreditar.<\/p>\n<p>Fonte: Portal Can\u00e7\u00e3o Nova &#8211; http:\/\/formacao.cancaonova.com\/diversos\/por-onde-andam-seus-sonhos\/<\/p>\n","protected":false},"excerpt":{"rendered":"<p>Nesse tarde de domingo durante o evento da Festa da Miseric\u00f3rdia foi realizado o lan\u00e7amento do livro da Dijanira Silva um evento paralelo ao encontro onde ela partilhou conosco um pouco da experi\u00eancia ao escrever o livro, Por onde andam&#8230;<\/p>\n","protected":false},"author":3161,"featured_media":0,"comment_status":"open","ping_status":"open","sticky":false,"template":"","format":"standard","meta":{"_mi_skip_tracking":false,"_monsterinsights_sitenote_active":false,"_monsterinsights_sitenote_note":"","_monsterinsights_sitenote_category":0,"footnotes":""},"categories":[27826],"tags":[],"_links":{"self":[{"href":"https:\/\/blog.cancaonova.com\/curitiba\/wp-json\/wp\/v2\/posts\/16457"}],"collection":[{"href":"https:\/\/blog.cancaonova.com\/curitiba\/wp-json\/wp\/v2\/posts"}],"about":[{"href":"https:\/\/blog.cancaonova.com\/curitiba\/wp-json\/wp\/v2\/types\/post"}],"author":[{"embeddable":true,"href":"https:\/\/blog.cancaonova.com\/curitiba\/wp-json\/wp\/v2\/users\/3161"}],"replies":[{"embeddable":true,"href":"https:\/\/blog.cancaonova.com\/curitiba\/wp-json\/wp\/v2\/comments?post=16457"}],"version-history":[{"count":1,"href":"https:\/\/blog.cancaonova.com\/curitiba\/wp-json\/wp\/v2\/posts\/16457\/revisions"}],"predecessor-version":[{"id":16459,"href":"https:\/\/blog.cancaonova.com\/curitiba\/wp-json\/wp\/v2\/posts\/16457\/revisions\/16459"}],"wp:attachment":[{"href":"https:\/\/blog.cancaonova.com\/curitiba\/wp-json\/wp\/v2\/media?parent=16457"}],"wp:term":[{"taxonomy":"category","embeddable":true,"href":"https:\/\/blog.cancaonova.com\/curitiba\/wp-json\/wp\/v2\/categories?post=16457"},{"taxonomy":"post_tag","embeddable":true,"href":"https:\/\/blog.cancaonova.com\/curitiba\/wp-json\/wp\/v2\/tags?post=16457"}],"curies":[{"name":"wp","href":"https:\/\/api.w.org\/{rel}","templated":true}]}}