{"id":16461,"date":"2017-04-23T17:01:21","date_gmt":"2017-04-23T19:01:21","guid":{"rendered":"http:\/\/blog.cancaonova.com\/curitiba\/?p=16461"},"modified":"2017-04-23T17:01:21","modified_gmt":"2017-04-23T19:01:21","slug":"sua-misericordia-se-estende-de-geracao-em-geracao","status":"publish","type":"post","link":"https:\/\/blog.cancaonova.com\/curitiba\/sua-misericordia-se-estende-de-geracao-em-geracao\/","title":{"rendered":"Sua Miseric\u00f3rdia se estende de gera\u00e7\u00e3o em gera\u00e7\u00e3o."},"content":{"rendered":"<p>Padre Gevanildo Torres nos traz a palavra de Deus nesta tarde de ora\u00e7\u00e3o da Festa da Miseric\u00f3rdia que nos relata a gra\u00e7a da Miseric\u00f3rdia sobre o fruto do ventre de Nossa Senhora, a M\u00e3e de Miseric\u00f3rdia pela cita\u00e7\u00e3o do Magnifica. Santa Flaustina rezando a Salve Rainha por nove dias, teve a gra\u00e7a de visualizar Nossa Senhora que a declara como M\u00e3e da Miseric\u00f3rdia e Nossa M\u00e3e.<\/p>\n<p><img loading=\"lazy\" decoding=\"async\" class=\"aligncenter  wp-image-16463\" src=\"http:\/\/blog.cancaonova.com\/curitiba\/files\/2017\/04\/formacao_promessas-de-jesus-misericordioso-a-santa-faustina-1600x1200.jpg\" alt=\"\" width=\"595\" height=\"446\" srcset=\"https:\/\/blog.cancaonova.com\/curitiba\/files\/2017\/04\/formacao_promessas-de-jesus-misericordioso-a-santa-faustina-1600x1200.jpg 600w, https:\/\/blog.cancaonova.com\/curitiba\/files\/2017\/04\/formacao_promessas-de-jesus-misericordioso-a-santa-faustina-1600x1200-300x225.jpg 300w, https:\/\/blog.cancaonova.com\/curitiba\/files\/2017\/04\/formacao_promessas-de-jesus-misericordioso-a-santa-faustina-1600x1200-80x60.jpg 80w\" sizes=\"(max-width: 595px) 100vw, 595px\" \/><\/p>\n<p>Tr\u00eas coisas que s\u00e3o necess\u00e1rias para alcan\u00e7armos a miseric\u00f3rdia s\u00e3o; -ter compaix\u00e3o da mis\u00e9ria alheia; &#8211; ter grande vontade de socorrer as mis\u00e9rias; &#8211; passar da vontade para a a\u00e7\u00e3o. Isso demonstra ser misericordioso. Miseric\u00f3rdia \u00e9 sair do que temos vontade para viver e se doar ao outro. Todas as a\u00e7\u00f5es de Jesus foram de miseric\u00f3rdia, em todo o instante Deus nos amou, e n\u00e3o h\u00e1 nenhuma a\u00e7\u00e3o de Jesus a n\u00f3s que n\u00e3o seja por amor.<\/p>\n<p>Se n\u00e3o confiarmos, n\u00e3o receberemos a gra\u00e7as reservadas h\u00e1 esse dia. Precisamos confiar \u00fanico e exclusivamente a Deus, por isso recorremos a Jesus misericordioso todos os nossos pedidos. Sim! Voc\u00ea \u00e9 digno da miseric\u00f3rdia de Deus por ele derramou seu sangue e \u00e1gua para a sua salva\u00e7\u00e3o. N\u00e3o tenha sentimento de culpa ou de persegui\u00e7\u00e3o. Sinta-se livre e sem culpa, pois Deus quer te salvar e libertar.<\/p>\n<p>Jesus assumiu o nosso sofrimento para se igualar a n\u00f3s menos no pecado, com seu sangue e \u00e1gua perdoar as nossas falhas nos dando de volta a dignidade de filhos e filhas.<\/p>\n<p>&nbsp;<\/p>\n<p>Logo mais as 16:00 Santa Missa de Encerramento da Festa da Misericordia<\/p>\n<p>Acompanhe as fotos do evento clicando <a href=\"https:\/\/www.facebook.com\/pg\/cancaonovacuritiba\/photos\/?tab=album&amp;album_id=1284298094999275\">aqui<\/a><\/p>\n","protected":false},"excerpt":{"rendered":"<p>Padre Gevanildo Torres nos traz a palavra de Deus nesta tarde de ora\u00e7\u00e3o da Festa da Miseric\u00f3rdia que nos relata a gra\u00e7a da Miseric\u00f3rdia sobre o fruto do ventre de Nossa Senhora, a M\u00e3e de Miseric\u00f3rdia pela cita\u00e7\u00e3o do Magnifica&#8230;.<\/p>\n","protected":false},"author":3161,"featured_media":16463,"comment_status":"open","ping_status":"open","sticky":false,"template":"","format":"standard","meta":{"_mi_skip_tracking":false,"_monsterinsights_sitenote_active":false,"_monsterinsights_sitenote_note":"","_monsterinsights_sitenote_category":0,"footnotes":""},"categories":[27826],"tags":[],"_links":{"self":[{"href":"https:\/\/blog.cancaonova.com\/curitiba\/wp-json\/wp\/v2\/posts\/16461"}],"collection":[{"href":"https:\/\/blog.cancaonova.com\/curitiba\/wp-json\/wp\/v2\/posts"}],"about":[{"href":"https:\/\/blog.cancaonova.com\/curitiba\/wp-json\/wp\/v2\/types\/post"}],"author":[{"embeddable":true,"href":"https:\/\/blog.cancaonova.com\/curitiba\/wp-json\/wp\/v2\/users\/3161"}],"replies":[{"embeddable":true,"href":"https:\/\/blog.cancaonova.com\/curitiba\/wp-json\/wp\/v2\/comments?post=16461"}],"version-history":[{"count":2,"href":"https:\/\/blog.cancaonova.com\/curitiba\/wp-json\/wp\/v2\/posts\/16461\/revisions"}],"predecessor-version":[{"id":16464,"href":"https:\/\/blog.cancaonova.com\/curitiba\/wp-json\/wp\/v2\/posts\/16461\/revisions\/16464"}],"wp:featuredmedia":[{"embeddable":true,"href":"https:\/\/blog.cancaonova.com\/curitiba\/wp-json\/wp\/v2\/media\/16463"}],"wp:attachment":[{"href":"https:\/\/blog.cancaonova.com\/curitiba\/wp-json\/wp\/v2\/media?parent=16461"}],"wp:term":[{"taxonomy":"category","embeddable":true,"href":"https:\/\/blog.cancaonova.com\/curitiba\/wp-json\/wp\/v2\/categories?post=16461"},{"taxonomy":"post_tag","embeddable":true,"href":"https:\/\/blog.cancaonova.com\/curitiba\/wp-json\/wp\/v2\/tags?post=16461"}],"curies":[{"name":"wp","href":"https:\/\/api.w.org\/{rel}","templated":true}]}}