{"id":16465,"date":"2017-04-23T19:02:37","date_gmt":"2017-04-23T21:02:37","guid":{"rendered":"http:\/\/blog.cancaonova.com\/curitiba\/?p=16465"},"modified":"2017-04-23T19:02:37","modified_gmt":"2017-04-23T21:02:37","slug":"a-misericordia-nos-alcancou","status":"publish","type":"post","link":"https:\/\/blog.cancaonova.com\/curitiba\/a-misericordia-nos-alcancou\/","title":{"rendered":"A Miseric\u00f3rdia nos alcan\u00e7ou!"},"content":{"rendered":"<p><em>Festa da Miseric\u00f3rdia<\/em><\/p>\n<p><em><strong>Homilia<\/strong><\/em><br \/>\n<em><strong> Jo 20, 19-31<\/strong><\/em><\/p>\n<p><em>Padre Marlon Mucio<\/em><\/p>\n<p>No evangelho podemos ver que a miseric\u00f3rdia do senhor alcan\u00e7ou \u00a0Tom\u00e9, assim como hoje ela nos alcan\u00e7a todos os dias, o Senhor voltou para que ele acreditasse, Tom\u00e9 \u00a0tocou \u00a0nas chagas do senhor e \u00a0teve um encontro com a sua \u00a0Miseric\u00f3rdia, e hoje ela vem at\u00e9 n\u00f3s, \u00a0o Senhor no seu infinito amor nos derrama todos os dias a sua miseric\u00f3rdia, n\u00e3o porque merecemos mas porque o Amor do pai nos alcan\u00e7a.<\/p>\n<p><em><strong>Que possamos buscar a Miseric\u00f3rdia do pai como filhos que somos o Pai nos ama e nos quer pr\u00f3ximo a ele.<\/strong><\/em><\/p>\n<p><img loading=\"lazy\" decoding=\"async\" class=\"aligncenter  wp-image-16466\" src=\"http:\/\/blog.cancaonova.com\/curitiba\/files\/2017\/04\/18121439_1284634441632307_8412087731675136861_o.jpg\" alt=\"\" width=\"665\" height=\"443\" srcset=\"https:\/\/blog.cancaonova.com\/curitiba\/files\/2017\/04\/18121439_1284634441632307_8412087731675136861_o.jpg 2048w, https:\/\/blog.cancaonova.com\/curitiba\/files\/2017\/04\/18121439_1284634441632307_8412087731675136861_o-300x200.jpg 300w, https:\/\/blog.cancaonova.com\/curitiba\/files\/2017\/04\/18121439_1284634441632307_8412087731675136861_o-768x512.jpg 768w\" sizes=\"(max-width: 665px) 100vw, 665px\" \/><\/p>\n<p>Assista essa prega\u00e7\u00e3o pelo Face\u00a0https:\/\/www.facebook.com\/pg\/cancaonovacuritiba\/videos\/?ref=page_internal<\/p>\n","protected":false},"excerpt":{"rendered":"<p>Festa da Miseric\u00f3rdia Homilia Jo 20, 19-31 Padre Marlon Mucio No evangelho podemos ver que a miseric\u00f3rdia do senhor alcan\u00e7ou \u00a0Tom\u00e9, assim como hoje ela nos alcan\u00e7a todos os dias, o Senhor voltou para que ele acreditasse, Tom\u00e9 \u00a0tocou \u00a0nas&#8230;<\/p>\n","protected":false},"author":3161,"featured_media":0,"comment_status":"open","ping_status":"open","sticky":false,"template":"","format":"standard","meta":{"_mi_skip_tracking":false,"_monsterinsights_sitenote_active":false,"_monsterinsights_sitenote_note":"","_monsterinsights_sitenote_category":0,"footnotes":""},"categories":[27826],"tags":[],"_links":{"self":[{"href":"https:\/\/blog.cancaonova.com\/curitiba\/wp-json\/wp\/v2\/posts\/16465"}],"collection":[{"href":"https:\/\/blog.cancaonova.com\/curitiba\/wp-json\/wp\/v2\/posts"}],"about":[{"href":"https:\/\/blog.cancaonova.com\/curitiba\/wp-json\/wp\/v2\/types\/post"}],"author":[{"embeddable":true,"href":"https:\/\/blog.cancaonova.com\/curitiba\/wp-json\/wp\/v2\/users\/3161"}],"replies":[{"embeddable":true,"href":"https:\/\/blog.cancaonova.com\/curitiba\/wp-json\/wp\/v2\/comments?post=16465"}],"version-history":[{"count":1,"href":"https:\/\/blog.cancaonova.com\/curitiba\/wp-json\/wp\/v2\/posts\/16465\/revisions"}],"predecessor-version":[{"id":16467,"href":"https:\/\/blog.cancaonova.com\/curitiba\/wp-json\/wp\/v2\/posts\/16465\/revisions\/16467"}],"wp:attachment":[{"href":"https:\/\/blog.cancaonova.com\/curitiba\/wp-json\/wp\/v2\/media?parent=16465"}],"wp:term":[{"taxonomy":"category","embeddable":true,"href":"https:\/\/blog.cancaonova.com\/curitiba\/wp-json\/wp\/v2\/categories?post=16465"},{"taxonomy":"post_tag","embeddable":true,"href":"https:\/\/blog.cancaonova.com\/curitiba\/wp-json\/wp\/v2\/tags?post=16465"}],"curies":[{"name":"wp","href":"https:\/\/api.w.org\/{rel}","templated":true}]}}