{"id":16468,"date":"2017-04-25T18:57:16","date_gmt":"2017-04-25T20:57:16","guid":{"rendered":"http:\/\/blog.cancaonova.com\/curitiba\/?p=16468"},"modified":"2017-04-26T13:39:55","modified_gmt":"2017-04-26T15:39:55","slug":"acao-9-corretas-e-1-equivocada","status":"publish","type":"post","link":"https:\/\/blog.cancaonova.com\/curitiba\/acao-9-corretas-e-1-equivocada\/","title":{"rendered":"A\u00e7\u00e3o: 9 corretas e 1 equivocada"},"content":{"rendered":"<p><strong>Responda e concorra brindes da Can\u00e7\u00e3o Nova<\/strong><\/p>\n<p>A Can\u00e7\u00e3o Nova em Curitiba quer enviar gratuitamente para sua casa um kit com 10 produtos de evangeliza\u00e7\u00e3o. Para concorrer basta detectar qual das informa\u00e7\u00f5es a respeito das atividades de evangeliza\u00e7\u00e3o em Curitiba \u00e9 equivocada e postar o seu coment\u00e1rio no <strong><a href=\"https:\/\/goo.gl\/o5dYdn\">facebook.com\/cancaonovacuritiba<\/a><\/strong>.<br \/>\nDas 10 afirma\u00e7\u00f5es abaixo, 9 est\u00e3o corretas e apenas 1 \u00e9 falsa. Qual ser\u00e1 heim?<\/p>\n<p><strong>1. D\u00e1 para ouvir a AM 1370 pelo aplicativo &#8220;R\u00e1dio Can\u00e7\u00e3o Nova&#8221;.<br \/>\n<\/strong><br \/>\n<strong>2. Toda \u00faltima Ter\u00e7a-feira do m\u00eas tem Missa em Honra a S\u00e3o Miguel as 20h.<br \/>\n<\/strong><br \/>\n<strong>3. A Missa das 7 voltas encerrando o pr\u00f3ximo Cerco de Jeric\u00f3 ser\u00e1 domingo dia 7\/maio as 17h30.<br \/>\n<\/strong><br \/>\n<strong>4. Toda Quinta-feira as 20h tem Grupo de Casais &#8220;Sede Fecundos&#8221;.<br \/>\n<\/strong><br \/>\n<strong>5. A Can\u00e7\u00e3o Nova em Curitiba recebe todos os tipos de doa\u00e7\u00f5es: m\u00f3veis, eletrodom\u00e9sticos, roupas, alimentos, dinheiro, artesanatos, objetos de decora\u00e7\u00e3o, &#8230;<br \/>\n<\/strong><br \/>\n<strong>6. O WhatsApp para participar da R\u00e1dio e receber informa\u00e7\u00f5es de Eventos \u00e9 41 99882-1370.<br \/>\n<\/strong><br \/>\n<strong>7. E evento &#8220;Celebra Curitiba&#8221; ser\u00e1 dias 5 e 6 de julho.<br \/>\n<\/strong><br \/>\n<strong>8. O canal digital da TV Can\u00e7\u00e3o Nova em Curitiba \u00e9 58.1<br \/>\n<\/strong><br \/>\n<strong>9. Quarta-feira \u00e9 dia de Novena a \u201cNossa Senhora Desatadora dos N\u00f3s\u201d com Missa as 19h30.<br \/>\n<\/strong><br \/>\n<strong>10. Os jovens do Shekin\u00e1h se encontram toda Sexta-feira a noite.<\/strong><\/p>\n<p>E a\u00ed, descobriu? Pesquise as informa\u00e7\u00f5es que voc\u00ea encontrar\u00e1 com facilidade a alternativa equivocada. Depois poste seu coment\u00e1rio no <a href=\"https:\/\/goo.gl\/o5dYdn\">fb.com\/cancaonovacuritiba<\/a>.<br \/>\nO sorteio ser\u00e1 entre quem acertar a resposta. <strong>O ganhador ser\u00e1 revelado AO VIVO dia 9\/maio, as 14h30<\/strong> via LIVE na p\u00e1gina do facebook &#8220;<a href=\"https:\/\/goo.gl\/o5dYdn\">Can\u00e7\u00e3o Nova Curitiba<\/a>&#8221; e tamb\u00e9m pela R\u00e1dio Nossa Senhora da Luz AM 1370.<\/p>\n","protected":false},"excerpt":{"rendered":"<p>Responda e concorra brindes da Can\u00e7\u00e3o Nova A Can\u00e7\u00e3o Nova em Curitiba quer enviar gratuitamente para sua casa um kit com 10 produtos de evangeliza\u00e7\u00e3o. Para concorrer basta detectar qual das informa\u00e7\u00f5es a respeito das atividades de evangeliza\u00e7\u00e3o em Curitiba&#8230;<\/p>\n","protected":false},"author":3161,"featured_media":0,"comment_status":"open","ping_status":"open","sticky":false,"template":"","format":"standard","meta":{"_mi_skip_tracking":false,"_monsterinsights_sitenote_active":false,"_monsterinsights_sitenote_note":"","_monsterinsights_sitenote_category":0,"footnotes":""},"categories":[27826],"tags":[],"_links":{"self":[{"href":"https:\/\/blog.cancaonova.com\/curitiba\/wp-json\/wp\/v2\/posts\/16468"}],"collection":[{"href":"https:\/\/blog.cancaonova.com\/curitiba\/wp-json\/wp\/v2\/posts"}],"about":[{"href":"https:\/\/blog.cancaonova.com\/curitiba\/wp-json\/wp\/v2\/types\/post"}],"author":[{"embeddable":true,"href":"https:\/\/blog.cancaonova.com\/curitiba\/wp-json\/wp\/v2\/users\/3161"}],"replies":[{"embeddable":true,"href":"https:\/\/blog.cancaonova.com\/curitiba\/wp-json\/wp\/v2\/comments?post=16468"}],"version-history":[{"count":4,"href":"https:\/\/blog.cancaonova.com\/curitiba\/wp-json\/wp\/v2\/posts\/16468\/revisions"}],"predecessor-version":[{"id":16472,"href":"https:\/\/blog.cancaonova.com\/curitiba\/wp-json\/wp\/v2\/posts\/16468\/revisions\/16472"}],"wp:attachment":[{"href":"https:\/\/blog.cancaonova.com\/curitiba\/wp-json\/wp\/v2\/media?parent=16468"}],"wp:term":[{"taxonomy":"category","embeddable":true,"href":"https:\/\/blog.cancaonova.com\/curitiba\/wp-json\/wp\/v2\/categories?post=16468"},{"taxonomy":"post_tag","embeddable":true,"href":"https:\/\/blog.cancaonova.com\/curitiba\/wp-json\/wp\/v2\/tags?post=16468"}],"curies":[{"name":"wp","href":"https:\/\/api.w.org\/{rel}","templated":true}]}}