{"id":16482,"date":"2017-05-12T14:41:42","date_gmt":"2017-05-12T16:41:42","guid":{"rendered":"http:\/\/blog.cancaonova.com\/curitiba\/?p=16482"},"modified":"2017-05-12T14:43:57","modified_gmt":"2017-05-12T16:43:57","slug":"especial-cn-desemprego-e-renda-familiar","status":"publish","type":"post","link":"https:\/\/blog.cancaonova.com\/curitiba\/especial-cn-desemprego-e-renda-familiar\/","title":{"rendered":"ESPECIAL CN: Desemprego e Renda familiar"},"content":{"rendered":"<h1 style=\"text-align: center\"><strong>Desemprego e Renda familiar<\/strong><\/h1>\n<p><img loading=\"lazy\" decoding=\"async\" class=\"aligncenter size-full wp-image-16484\" src=\"http:\/\/blog.cancaonova.com\/curitiba\/files\/2017\/05\/ESPECIAL-CN.jpg\" alt=\"Especial CN\" width=\"800\" height=\"800\" srcset=\"https:\/\/blog.cancaonova.com\/curitiba\/files\/2017\/05\/ESPECIAL-CN.jpg 800w, https:\/\/blog.cancaonova.com\/curitiba\/files\/2017\/05\/ESPECIAL-CN-150x150.jpg 150w, https:\/\/blog.cancaonova.com\/curitiba\/files\/2017\/05\/ESPECIAL-CN-300x300.jpg 300w, https:\/\/blog.cancaonova.com\/curitiba\/files\/2017\/05\/ESPECIAL-CN-768x768.jpg 768w\" sizes=\"(max-width: 800px) 100vw, 800px\" \/><\/p>\n<p>Em meio \u00e0 crise econ\u00f4mica vivida no pa\u00eds, programa recebe profissionais para ajudar o ouvinte a planejar a economia familiar que sofre com o desemprego<\/p>\n<p>&nbsp;<\/p>\n<p>Como est\u00e1 o mercado de trabalho no Brasil em 2017? Que setores est\u00e3o crescendo e podem oferecer oportunidades e que setores est\u00e3o encolhendo? E quem ficou sem trabalho, como deve agir agora? O que o mercado de trabalho procura? Qual o perfil do profissional que est\u00e1 em falta? O que fazer enquanto a oportunidade n\u00e3o aparece? E como pagar as contas sem dinheiro? E a fam\u00edlia como fica?<\/p>\n<p>O Especial CN deste m\u00eas reflete sobre o maior problema da crise econ\u00f4mica no Brasil: o desemprego e a crescente preocupa\u00e7\u00e3o das fam\u00edlias com o or\u00e7amento curto que precisam se adaptar a essa situa\u00e7\u00e3o para conseguir suprir as necessidades b\u00e1sicas da casa.<\/p>\n<p>N\u00e3o perca o programa especial com o tema &#8211;<strong> Desemprego e Renda familiar<\/strong>, <em><strong>dia 17 de maio a partir das 09h30 aqui na sua<\/strong> <a href=\"http:\/\/radio.cancaonova.com\/radio\/curitiba\/\">R\u00e1dio Can\u00e7\u00e3o Nova Curitiba<\/a>.<\/em><\/p>\n<p>&nbsp;<\/p>\n<p><em>Mande sua pergunta sobre o assunto para o <\/em><a href=\"mailto:amctba@cancaonova.com\">amctba@cancaonova.com<\/a> ou <a href=\"mailto:radiocuritiba@cancaonova.com\">radiocuritiba@cancaonova.com<\/a>, <em>que ela ser\u00e1 respondida durante o programa.<\/em><\/p>\n<p><em>\u00a0<\/em><\/p>\n<p><strong>Como Sintonizar a <a href=\"http:\/\/radio.cancaonova.com\/radio\/curitiba\/\" target=\"_blank\">R\u00e1dio Can\u00e7\u00e3o Nova Curitiba<\/a><\/strong><\/p>\n<p>A R\u00e1dio Can\u00e7\u00e3o Nova Nossa Senhora da Luz foi inaugurada no ano de 2004, na capital paranaense. Ela pode ser sintonizada na frequ\u00eancia\u00a0<strong>1370 AM<\/strong>, atrav\u00e9s do blog da miss\u00e3o de Curitiba e pelo aplicativo para smartphones \u201cR\u00e1dio CN Ctba\u201d:<\/p>\n<p>Com programa\u00e7\u00e3o local e ao vivo, pode-se acompanhar ainda toda a programa\u00e7\u00e3o da Rede Can\u00e7\u00e3o Nova de R\u00e1dio.<\/p>\n<p>Se voc\u00ea possui um smartphone, veja como baixar:<\/p>\n<p><a href=\"https:\/\/play.google.com\/store\/apps\/details?id=com.cancaonova.radios\" target=\"_blank\">https:\/\/play.google.com\/store\/apps\/details?id=com.cancaonova.radios<\/a><\/p>\n<p><strong>\u00a0<\/strong><\/p>\n<p><strong>R\u00e1dio Can\u00e7\u00e3o Nova Curitiba, espalhando o Amor pelo ar!<\/strong><\/p>\n<p>Veja os nossos contatos:<\/p>\n<p>Endere\u00e7o: Av. Marechal Floriano Peixoto, 4809 \u2013 Hauer \u2013 Curitiba \u2013 PR<\/p>\n<p>E-mail:\u00a0<a href=\"mailto:amctba@cancaonova.com\">amctba@cancaonova.com<\/a> \/ <a href=\"mailto:radiocuritiba@cancaonova.com\">radiocuritiba@cancaonova.com<\/a><\/p>\n<p>Telefone: (41) 3091 1370<\/p>\n<p>WhatsApp: (41) 99882 1370<\/p>\n<p>Facebook: radioCncuritiba<\/p>\n<p>Twitter: @ radiocncuritiba<\/p>\n<p>Frequ\u00eancia: 1370 AM<\/p>\n","protected":false},"excerpt":{"rendered":"<p>Desemprego e Renda familiar Em meio \u00e0 crise econ\u00f4mica vivida no pa\u00eds, programa recebe profissionais para ajudar o ouvinte a planejar a economia familiar que sofre com o desemprego &nbsp; Como est\u00e1 o mercado de trabalho no Brasil em 2017?&#8230;<\/p>\n","protected":false},"author":3161,"featured_media":0,"comment_status":"open","ping_status":"open","sticky":false,"template":"","format":"standard","meta":{"_mi_skip_tracking":false,"_monsterinsights_sitenote_active":false,"_monsterinsights_sitenote_note":"","_monsterinsights_sitenote_category":0,"footnotes":""},"categories":[27826,160254],"tags":[],"_links":{"self":[{"href":"https:\/\/blog.cancaonova.com\/curitiba\/wp-json\/wp\/v2\/posts\/16482"}],"collection":[{"href":"https:\/\/blog.cancaonova.com\/curitiba\/wp-json\/wp\/v2\/posts"}],"about":[{"href":"https:\/\/blog.cancaonova.com\/curitiba\/wp-json\/wp\/v2\/types\/post"}],"author":[{"embeddable":true,"href":"https:\/\/blog.cancaonova.com\/curitiba\/wp-json\/wp\/v2\/users\/3161"}],"replies":[{"embeddable":true,"href":"https:\/\/blog.cancaonova.com\/curitiba\/wp-json\/wp\/v2\/comments?post=16482"}],"version-history":[{"count":3,"href":"https:\/\/blog.cancaonova.com\/curitiba\/wp-json\/wp\/v2\/posts\/16482\/revisions"}],"predecessor-version":[{"id":16486,"href":"https:\/\/blog.cancaonova.com\/curitiba\/wp-json\/wp\/v2\/posts\/16482\/revisions\/16486"}],"wp:attachment":[{"href":"https:\/\/blog.cancaonova.com\/curitiba\/wp-json\/wp\/v2\/media?parent=16482"}],"wp:term":[{"taxonomy":"category","embeddable":true,"href":"https:\/\/blog.cancaonova.com\/curitiba\/wp-json\/wp\/v2\/categories?post=16482"},{"taxonomy":"post_tag","embeddable":true,"href":"https:\/\/blog.cancaonova.com\/curitiba\/wp-json\/wp\/v2\/tags?post=16482"}],"curies":[{"name":"wp","href":"https:\/\/api.w.org\/{rel}","templated":true}]}}