{"id":16493,"date":"2017-05-24T10:44:12","date_gmt":"2017-05-24T12:44:12","guid":{"rendered":"http:\/\/blog.cancaonova.com\/curitiba\/?p=16493"},"modified":"2017-05-24T10:44:12","modified_gmt":"2017-05-24T12:44:12","slug":"festa-junina-e-na-cancao-nova-de-curitiba","status":"publish","type":"post","link":"https:\/\/blog.cancaonova.com\/curitiba\/festa-junina-e-na-cancao-nova-de-curitiba\/","title":{"rendered":"Festa Junina \u00e9 na Can\u00e7\u00e3o Nova de Curitiba!!!"},"content":{"rendered":"<h2 style=\"text-align: center\" align=\"justify\"><strong>Junho \u00e9 m\u00eas de S\u00e3o Jo\u00e3o. E na Can\u00e7\u00e3o Nova de Curitiba teremos nossa FESTA JUNINA!<br \/>\n<\/strong><\/h2>\n<p align=\"justify\">Ser\u00e1 no dia 24 de Junho em nossa casa de evangeliza\u00e7\u00e3o, das 16h \u00e0s 19h, com a anima\u00e7\u00e3o de \u00c1lvaro e Daniel. Reserve j\u00e1 o seu convite no Clube da Evangeliza\u00e7\u00e3o por R$ 30,00(os convites s\u00e3o limitados). Comida e bebida livre. A vontade: milho cozido, caldo, canjica, bolos, pipoca, amendoim, pinh\u00e3o, chocolate quente, ch\u00e1, caf\u00e9 com leite. (exceto \u00e1gua e refrigerante)<\/p>\n<p align=\"justify\"><strong>As primeiras 150 pessoas que adquirirem o convite, ganhar\u00e3o um CD do \u00c1lvaro e Daniel.<\/strong><\/p>\n<p align=\"justify\"><img loading=\"lazy\" decoding=\"async\" class=\"aligncenter size-full wp-image-16494\" src=\"http:\/\/blog.cancaonova.com\/curitiba\/files\/2017\/05\/Cartaz-Festa-Junina-Oficial-copy.jpg\" alt=\"Festa Junina\" width=\"480\" height=\"720\" srcset=\"https:\/\/blog.cancaonova.com\/curitiba\/files\/2017\/05\/Cartaz-Festa-Junina-Oficial-copy.jpg 480w, https:\/\/blog.cancaonova.com\/curitiba\/files\/2017\/05\/Cartaz-Festa-Junina-Oficial-copy-200x300.jpg 200w\" sizes=\"(max-width: 480px) 100vw, 480px\" \/><\/p>\n<p align=\"justify\">\n<p align=\"center\"><b>Ingressos por R$ 30,00 \u2013\u00a0Clube da Evangeliza\u00e7\u00e3o<\/b><br \/>\nAv. Marechal Floriano Peixoto \u2013 4809<br \/>\nHauer \u2013 Curitiba \u2013 PR<\/p>\n<p align=\"center\">\n","protected":false},"excerpt":{"rendered":"<p>Junho \u00e9 m\u00eas de S\u00e3o Jo\u00e3o. E na Can\u00e7\u00e3o Nova de Curitiba teremos nossa FESTA JUNINA! Ser\u00e1 no dia 24 de Junho em nossa casa de evangeliza\u00e7\u00e3o, das 16h \u00e0s 19h, com a anima\u00e7\u00e3o de \u00c1lvaro e Daniel. Reserve j\u00e1&#8230;<\/p>\n","protected":false},"author":3161,"featured_media":0,"comment_status":"open","ping_status":"open","sticky":false,"template":"","format":"standard","meta":{"_mi_skip_tracking":false,"_monsterinsights_sitenote_active":false,"_monsterinsights_sitenote_note":"","_monsterinsights_sitenote_category":0,"footnotes":""},"categories":[67],"tags":[],"_links":{"self":[{"href":"https:\/\/blog.cancaonova.com\/curitiba\/wp-json\/wp\/v2\/posts\/16493"}],"collection":[{"href":"https:\/\/blog.cancaonova.com\/curitiba\/wp-json\/wp\/v2\/posts"}],"about":[{"href":"https:\/\/blog.cancaonova.com\/curitiba\/wp-json\/wp\/v2\/types\/post"}],"author":[{"embeddable":true,"href":"https:\/\/blog.cancaonova.com\/curitiba\/wp-json\/wp\/v2\/users\/3161"}],"replies":[{"embeddable":true,"href":"https:\/\/blog.cancaonova.com\/curitiba\/wp-json\/wp\/v2\/comments?post=16493"}],"version-history":[{"count":1,"href":"https:\/\/blog.cancaonova.com\/curitiba\/wp-json\/wp\/v2\/posts\/16493\/revisions"}],"predecessor-version":[{"id":16496,"href":"https:\/\/blog.cancaonova.com\/curitiba\/wp-json\/wp\/v2\/posts\/16493\/revisions\/16496"}],"wp:attachment":[{"href":"https:\/\/blog.cancaonova.com\/curitiba\/wp-json\/wp\/v2\/media?parent=16493"}],"wp:term":[{"taxonomy":"category","embeddable":true,"href":"https:\/\/blog.cancaonova.com\/curitiba\/wp-json\/wp\/v2\/categories?post=16493"},{"taxonomy":"post_tag","embeddable":true,"href":"https:\/\/blog.cancaonova.com\/curitiba\/wp-json\/wp\/v2\/tags?post=16493"}],"curies":[{"name":"wp","href":"https:\/\/api.w.org\/{rel}","templated":true}]}}