{"id":16515,"date":"2017-06-09T16:13:26","date_gmt":"2017-06-09T18:13:26","guid":{"rendered":"http:\/\/blog.cancaonova.com\/curitiba\/?p=16515"},"modified":"2017-06-09T16:13:26","modified_gmt":"2017-06-09T18:13:26","slug":"kairos-de-bethania-buscai-as-coisas-do-alto","status":"publish","type":"post","link":"https:\/\/blog.cancaonova.com\/curitiba\/kairos-de-bethania-buscai-as-coisas-do-alto\/","title":{"rendered":"Kair\u00f3s de Beth\u00e2nia \u201cBuscai as Coisas do alto\u201d"},"content":{"rendered":"<p align=\"center\"><b>Kair\u00f3s de Beth\u00e2nia<\/b><\/p>\n<p align=\"center\">\u201c<b>Buscai as Coisas do alto\u201d<\/b><\/p>\n<p style=\"text-align: center\" align=\"left\">Domingo dia 02 de Julho<\/p>\n<p style=\"text-align: center\" align=\"left\">\u201c\u00c9 preciso buscar o alto porque l\u00e1 est\u00e1 a nossa meta.\u201d<\/p>\n<p style=\"text-align: center\" align=\"left\">In\u00edcio com anima\u00e7\u00e3o as 9h da manh\u00e3.<\/p>\n<p style=\"text-align: center\" align=\"left\">Presen\u00e7as:<\/p>\n<p style=\"text-align: center\" align=\"left\">\u2022 Pe. Vicente &#8211; Comunidade Beth\u00e2nia<\/p>\n<p style=\"text-align: center\" align=\"left\">\u2022 Diacono Ideraldo \u2013 Comunidade Beth\u00e2nia<\/p>\n<p style=\"text-align: center\" align=\"left\">A Comunidade Beth\u00e2nia convida voc\u00ea e sua fam\u00edlia para participar deste momento de c\u00e9u aqui na terra.<\/p>\n<p style=\"text-align: center\" align=\"left\">Teremos anima\u00e7\u00e3o, prega\u00e7\u00e3o, adora\u00e7\u00e3o, louvor encerrando com a Santa Missa.<\/p>\n<p style=\"text-align: center\" align=\"left\"><img loading=\"lazy\" decoding=\"async\" class=\"aligncenter size-full wp-image-16517\" src=\"http:\/\/blog.cancaonova.com\/curitiba\/files\/2017\/06\/Kairos-Bethanea.jpg\" alt=\"Comunidade Bethanea\" width=\"480\" height=\"480\" srcset=\"https:\/\/blog.cancaonova.com\/curitiba\/files\/2017\/06\/Kairos-Bethanea.jpg 480w, https:\/\/blog.cancaonova.com\/curitiba\/files\/2017\/06\/Kairos-Bethanea-150x150.jpg 150w, https:\/\/blog.cancaonova.com\/curitiba\/files\/2017\/06\/Kairos-Bethanea-300x300.jpg 300w\" sizes=\"(max-width: 480px) 100vw, 480px\" \/><\/p>\n<p style=\"text-align: center\" align=\"left\">\n<p align=\"center\"><b>INFORMA\u00c7\u00d5ES: (41) 3287-0972 &#8211; (41) 99657-1267<\/b><\/p>\n<p align=\"center\"><b>ou pelo e-mail: curitiba@bethania.com.br<\/b><\/p>\n","protected":false},"excerpt":{"rendered":"<p>Kair\u00f3s de Beth\u00e2nia \u201cBuscai as Coisas do alto\u201d Domingo dia 02 de Julho \u201c\u00c9 preciso buscar o alto porque l\u00e1 est\u00e1 a nossa meta.\u201d In\u00edcio com anima\u00e7\u00e3o as 9h da manh\u00e3. Presen\u00e7as: \u2022 Pe. Vicente &#8211; Comunidade Beth\u00e2nia \u2022 Diacono&#8230;<\/p>\n","protected":false},"author":3161,"featured_media":0,"comment_status":"open","ping_status":"open","sticky":false,"template":"","format":"standard","meta":{"_mi_skip_tracking":false,"_monsterinsights_sitenote_active":false,"_monsterinsights_sitenote_note":"","_monsterinsights_sitenote_category":0,"footnotes":""},"categories":[67],"tags":[],"_links":{"self":[{"href":"https:\/\/blog.cancaonova.com\/curitiba\/wp-json\/wp\/v2\/posts\/16515"}],"collection":[{"href":"https:\/\/blog.cancaonova.com\/curitiba\/wp-json\/wp\/v2\/posts"}],"about":[{"href":"https:\/\/blog.cancaonova.com\/curitiba\/wp-json\/wp\/v2\/types\/post"}],"author":[{"embeddable":true,"href":"https:\/\/blog.cancaonova.com\/curitiba\/wp-json\/wp\/v2\/users\/3161"}],"replies":[{"embeddable":true,"href":"https:\/\/blog.cancaonova.com\/curitiba\/wp-json\/wp\/v2\/comments?post=16515"}],"version-history":[{"count":3,"href":"https:\/\/blog.cancaonova.com\/curitiba\/wp-json\/wp\/v2\/posts\/16515\/revisions"}],"predecessor-version":[{"id":16519,"href":"https:\/\/blog.cancaonova.com\/curitiba\/wp-json\/wp\/v2\/posts\/16515\/revisions\/16519"}],"wp:attachment":[{"href":"https:\/\/blog.cancaonova.com\/curitiba\/wp-json\/wp\/v2\/media?parent=16515"}],"wp:term":[{"taxonomy":"category","embeddable":true,"href":"https:\/\/blog.cancaonova.com\/curitiba\/wp-json\/wp\/v2\/categories?post=16515"},{"taxonomy":"post_tag","embeddable":true,"href":"https:\/\/blog.cancaonova.com\/curitiba\/wp-json\/wp\/v2\/tags?post=16515"}],"curies":[{"name":"wp","href":"https:\/\/api.w.org\/{rel}","templated":true}]}}