{"id":16521,"date":"2017-06-14T20:17:12","date_gmt":"2017-06-14T22:17:12","guid":{"rendered":"http:\/\/blog.cancaonova.com\/curitiba\/?p=16521"},"modified":"2017-06-14T20:17:12","modified_gmt":"2017-06-14T22:17:12","slug":"especial-cn-comunicacao-e-evangelizacao-a-arte-de-comunicar-a-palavra","status":"publish","type":"post","link":"https:\/\/blog.cancaonova.com\/curitiba\/especial-cn-comunicacao-e-evangelizacao-a-arte-de-comunicar-a-palavra\/","title":{"rendered":"ESPECIAL CN: \u201cComunica\u00e7\u00e3o e Evangeliza\u00e7\u00e3o\u201d - A arte de comunicar a Palavra"},"content":{"rendered":"<p style=\"text-align: center\"><strong>Comunica\u00e7\u00e3o e Evangeliza\u00e7\u00e3o<\/strong><\/p>\n<p style=\"text-align: center\">A arte de comunicar a Palavra<\/p>\n<p>\u00a0\u00a0\u00a0 \u00a0A Arquidiocese de Curitiba, se prepara para acolher o 2\u00ba Mutir\u00e3o Paranaense de Comunica\u00e7\u00e3o (Muticom PR), entre os dias 07 e 09 de julho de 2017. Com o tema <strong>\u201c<\/strong><strong>Comunica\u00e7\u00e3o e Evangeliza\u00e7\u00e3o\u201d &#8211; A arte de comunicar a Palavra<\/strong>. O evento tem como objetivo ajudar na compreens\u00e3o da comunica\u00e7\u00e3o como instrumento de evangeliza\u00e7\u00e3o, assim como auxiliar e aprimorar a leitura de conte\u00fados disponibilizados pelas diversas m\u00eddias.<\/p>\n<p>Este tema deseja auxiliar no uso das novas tecnologias e tamb\u00e9m foi pensado para proporcionar uma forma\u00e7\u00e3o integrada onde os participantes possam pensar diferentes esferas da vida que podem contribuir para um trabalho de evangeliza\u00e7\u00e3o novo e criativo no lindo desafio de transmitir a Boa Nova de Jesus Cristo.<\/p>\n<p>Quer saber mais sobre o <strong>2\u00ba Mutir\u00e3o Paranaense de Comunica\u00e7\u00e3o (Muticom PR)<\/strong>, ent\u00e3o confira o Especial Can\u00e7\u00e3o Nova deste m\u00eas, que traz todas as novidades sobre este evento que promete movimentar Curitiba. Acompanhe e fique por dentro!<\/p>\n<p>O programa especial com o tema &#8211; <strong>\u201c<\/strong><strong>Comunica\u00e7\u00e3o e Evangeliza\u00e7\u00e3o\u201d<\/strong><strong> &#8211; A arte de comunicar a Palavra<\/strong>, ser\u00e1 na pr\u00f3xima quarta-feira, dia 21 de junho a partir das 09h30 aqui na sua R\u00e1dio Can\u00e7\u00e3o Nova Curitiba.<\/p>\n<p>&nbsp;<\/p>\n<p><strong>\u00a0<img loading=\"lazy\" decoding=\"async\" class=\"aligncenter  wp-image-16522\" src=\"http:\/\/blog.cancaonova.com\/curitiba\/files\/2017\/06\/Especial-CN-Junho-copy.jpg\" alt=\"Especial CN\" width=\"680\" height=\"701\" \/><\/strong><\/p>\n<p><em>Mande sua pergunta sobre o assunto para o <\/em><a href=\"mailto:amctba@cancaonova.com\">amctba@cancaonova.com<\/a> ou <a href=\"mailto:radiocuritiba@cancaonova.com\">radiocuritiba@cancaonova.com<\/a>, <em>que ela ser\u00e1 respondida durante o programa.<\/em><\/p>\n<p><em>\u00a0<\/em><\/p>\n<p><strong>Como Sintonizar a <a href=\"http:\/\/radio.cancaonova.com\/radio\/curitiba\/\" target=\"_blank\" rel=\"noopener noreferrer\">R\u00e1dio Can\u00e7\u00e3o Nova Curitiba<\/a><\/strong><\/p>\n<p>A R\u00e1dio Can\u00e7\u00e3o Nova Nossa Senhora da Luz foi inaugurada no ano de 2004, na capital paranaense. Ela pode ser sintonizada na frequ\u00eancia\u00a0<strong>1370 AM<\/strong>, atrav\u00e9s do blog da miss\u00e3o de Curitiba e pelo aplicativo para smartphones \u201cR\u00e1dio CN Ctba\u201d:<\/p>\n<p>Com programa\u00e7\u00e3o local e ao vivo, pode-se acompanhar ainda toda a programa\u00e7\u00e3o da Rede Can\u00e7\u00e3o Nova de R\u00e1dio.<\/p>\n<p>Se voc\u00ea possui um smartphone, veja como baixar:<\/p>\n<p><a href=\"https:\/\/play.google.com\/store\/apps\/details?id=com.cancaonova.radios\" target=\"_blank\" rel=\"noopener noreferrer\">https:\/\/play.google.com\/store\/apps\/details?id=com.cancaonova.radios<\/a><\/p>\n<p><strong>\u00a0<\/strong><\/p>\n<p><strong>R\u00e1dio Can\u00e7\u00e3o Nova Curitiba, espalhando o Amor pelo ar!<\/strong><\/p>\n<p>Veja os nossos contatos:<\/p>\n<p>Endere\u00e7o: Av. Marechal Floriano Peixoto, 4809 \u2013 Hauer \u2013 Curitiba \u2013 PR<\/p>\n<p>E-mail:\u00a0<a href=\"mailto:amctba@cancaonova.com\">amctba@cancaonova.com<\/a> \/ <a href=\"mailto:radiocuritiba@cancaonova.com\">radiocuritiba@cancaonova.com<\/a><\/p>\n<p>Telefone: (41) 3091 1370<\/p>\n<p>WhatsApp: (41) 99882 1370<\/p>\n<p>Facebook: radioCncuritiba<\/p>\n<p>Twitter: @ radiocncuritiba<\/p>\n<p>Frequ\u00eancia: 1370 AM<\/p>\n","protected":false},"excerpt":{"rendered":"<p>Comunica\u00e7\u00e3o e Evangeliza\u00e7\u00e3o A arte de comunicar a Palavra \u00a0\u00a0\u00a0 \u00a0A Arquidiocese de Curitiba, se prepara para acolher o 2\u00ba Mutir\u00e3o Paranaense de Comunica\u00e7\u00e3o (Muticom PR), entre os dias 07 e 09 de julho de 2017. Com o tema \u201cComunica\u00e7\u00e3o&#8230;<\/p>\n","protected":false},"author":3161,"featured_media":0,"comment_status":"open","ping_status":"open","sticky":false,"template":"","format":"standard","meta":{"_mi_skip_tracking":false,"_monsterinsights_sitenote_active":false,"_monsterinsights_sitenote_note":"","_monsterinsights_sitenote_category":0,"footnotes":""},"categories":[67],"tags":[],"_links":{"self":[{"href":"https:\/\/blog.cancaonova.com\/curitiba\/wp-json\/wp\/v2\/posts\/16521"}],"collection":[{"href":"https:\/\/blog.cancaonova.com\/curitiba\/wp-json\/wp\/v2\/posts"}],"about":[{"href":"https:\/\/blog.cancaonova.com\/curitiba\/wp-json\/wp\/v2\/types\/post"}],"author":[{"embeddable":true,"href":"https:\/\/blog.cancaonova.com\/curitiba\/wp-json\/wp\/v2\/users\/3161"}],"replies":[{"embeddable":true,"href":"https:\/\/blog.cancaonova.com\/curitiba\/wp-json\/wp\/v2\/comments?post=16521"}],"version-history":[{"count":1,"href":"https:\/\/blog.cancaonova.com\/curitiba\/wp-json\/wp\/v2\/posts\/16521\/revisions"}],"predecessor-version":[{"id":16523,"href":"https:\/\/blog.cancaonova.com\/curitiba\/wp-json\/wp\/v2\/posts\/16521\/revisions\/16523"}],"wp:attachment":[{"href":"https:\/\/blog.cancaonova.com\/curitiba\/wp-json\/wp\/v2\/media?parent=16521"}],"wp:term":[{"taxonomy":"category","embeddable":true,"href":"https:\/\/blog.cancaonova.com\/curitiba\/wp-json\/wp\/v2\/categories?post=16521"},{"taxonomy":"post_tag","embeddable":true,"href":"https:\/\/blog.cancaonova.com\/curitiba\/wp-json\/wp\/v2\/tags?post=16521"}],"curies":[{"name":"wp","href":"https:\/\/api.w.org\/{rel}","templated":true}]}}