{"id":1380,"date":"2007-08-03T17:42:31","date_gmt":"2007-08-03T20:42:31","guid":{"rendered":"http:\/\/blog.cancaonova.com\/artificeweb\/fabiola-molina-no-departamento\/"},"modified":"2007-08-03T17:42:31","modified_gmt":"2007-08-03T20:42:31","slug":"fabiola-molina-no-departamento","status":"publish","type":"post","link":"https:\/\/blog.cancaonova.com\/desenvolvimentoti\/fabiola-molina-no-departamento\/","title":{"rendered":"Fab\u00edola Molina no Departamento"},"content":{"rendered":"<p class=\"MsoNormal\">Ol\u00e1 pessoal<\/p>\n<p>Hoje tivemos uma visita ilustre. Fab\u00edola Molina, medalhista no Pan 2007. Claro, n\u00e3o poderia deixar de registrar esse momento com a maior nadadora brasileira. Ent\u00e3o, segue a foto do encontro.<\/p>\n<p align=\"center\">&nbsp;<\/p>\n<p><img loading=\"lazy\" decoding=\"async\" src=\"http:\/\/farm2.static.flickr.com\/1130\/1000705490_79378851f1.jpg\" alt=\"fab\ufffdola molina\" align=\"middle\" height=\"375\" hspace=\"10\" width=\"500\" \/><\/p>\n<p align=\"left\"><em>Fab\u00edola doou sua roupa de competi\u00e7\u00e3o do Pan para leil\u00e3o em prol do projeto &#8220;Dai-me almas&#8221;. Parab\u00e9ns Fab\u00edola pela conquista.<\/em><\/p>\n<p align=\"left\">&nbsp;<\/p>\n","protected":false},"excerpt":{"rendered":"<p>Ol\u00e1 pessoal Hoje tivemos uma visita ilustre. Fab\u00edola Molina, medalhista no Pan 2007. Claro, n\u00e3o poderia deixar de registrar esse momento com a maior nadadora brasileira. Ent\u00e3o, segue a foto do encontro. &nbsp; Fab\u00edola doou sua roupa de competi\u00e7\u00e3o do&#8230;<\/p>\n","protected":false},"author":3141,"featured_media":0,"comment_status":"open","ping_status":"open","sticky":false,"template":"","format":"standard","meta":{"_mi_skip_tracking":false,"_monsterinsights_sitenote_active":false,"_monsterinsights_sitenote_note":"","_monsterinsights_sitenote_category":0,"footnotes":""},"categories":[4741],"tags":[],"_links":{"self":[{"href":"https:\/\/blog.cancaonova.com\/desenvolvimentoti\/wp-json\/wp\/v2\/posts\/1380"}],"collection":[{"href":"https:\/\/blog.cancaonova.com\/desenvolvimentoti\/wp-json\/wp\/v2\/posts"}],"about":[{"href":"https:\/\/blog.cancaonova.com\/desenvolvimentoti\/wp-json\/wp\/v2\/types\/post"}],"author":[{"embeddable":true,"href":"https:\/\/blog.cancaonova.com\/desenvolvimentoti\/wp-json\/wp\/v2\/users\/3141"}],"replies":[{"embeddable":true,"href":"https:\/\/blog.cancaonova.com\/desenvolvimentoti\/wp-json\/wp\/v2\/comments?post=1380"}],"version-history":[{"count":0,"href":"https:\/\/blog.cancaonova.com\/desenvolvimentoti\/wp-json\/wp\/v2\/posts\/1380\/revisions"}],"wp:attachment":[{"href":"https:\/\/blog.cancaonova.com\/desenvolvimentoti\/wp-json\/wp\/v2\/media?parent=1380"}],"wp:term":[{"taxonomy":"category","embeddable":true,"href":"https:\/\/blog.cancaonova.com\/desenvolvimentoti\/wp-json\/wp\/v2\/categories?post=1380"},{"taxonomy":"post_tag","embeddable":true,"href":"https:\/\/blog.cancaonova.com\/desenvolvimentoti\/wp-json\/wp\/v2\/tags?post=1380"}],"curies":[{"name":"wp","href":"https:\/\/api.w.org\/{rel}","templated":true}]}}