{"id":363,"date":"2008-10-06T14:46:55","date_gmt":"2008-10-06T17:46:55","guid":{"rendered":"http:\/\/blog.cancaonova.com\/artificeweb\/reconhecimento-pontificio-da-cancao-nova\/"},"modified":"2008-10-06T14:46:55","modified_gmt":"2008-10-06T17:46:55","slug":"reconhecimento-pontificio-da-cancao-nova","status":"publish","type":"post","link":"https:\/\/blog.cancaonova.com\/desenvolvimentoti\/reconhecimento-pontificio-da-cancao-nova\/","title":{"rendered":"Reconhecimento Pontif\u00edcio da Can\u00e7\u00e3o Nova"},"content":{"rendered":"<blockquote><p><a href=\"http:\/\/comunidade.cancaonova.com\" title=\"Reconhecimento Pontif\ufffdcio da Can\u00e7\u00e3o Nova\"><img loading=\"lazy\" decoding=\"async\" src=\"http:\/\/blog.cancaonova.com\/artificeweb\/files\/2008\/10\/reconhecimento-pontificio-da-cancao-nova.jpeg\" alt=\"Reconhecimento Pontif\ufffdcio da Can\u00e7\u00e3o Nova\" height=\"506\" width=\"542\" \/><\/a><\/p><\/blockquote>\n<blockquote><p>No reconhecimento pontif\u00edcio da Can\u00e7\u00e3o Nova, a Comunidade passa a ser reconhecida como um dom de Deus, um carisma \u00fatil e necess\u00e1rio para o bem da Igreja e do mundo. Um carisma cuja miss\u00e3o \u00e9 uma gra\u00e7a n\u00e3o somente para uma diocese ou para um Confer\u00eancia Episcopal, mas para a catolicidade, para a Igreja Universal. Um carisma que passa a participar do minist\u00e9rio apost\u00f3lico do Santo Padre. Inaugura-se, portanto, um tempo novo da rela\u00e7\u00e3o entre esta agrega\u00e7\u00e3o eclesial e a Igreja Universal.<\/p><\/blockquote>\n<blockquote><\/blockquote>\n<p>No dia 3 de novembro o Papa Bento XVI vai reconhecer a Can\u00e7\u00e3o Nova como Igreja, e a enorme responsabilidade de desenvolver o <a href=\"http:\/\/blog.cancaonova.com\/artificeweb\/category\/hotsite\/\">hot-site<\/a> para este importante acontecimento foi de nosso art\u00edfice <a href=\"http:\/\/blog.cancaonova.com\/artificeweb\/category\/edersilva\/\" title=\"Veja outros trabalhos de Eder Silva\">Eder Silva<\/a>.<\/p>\n<p>Com conte\u00fado multim\u00eddia (\u00e1udio, v\u00eddeo, texto) traduzido em 3 idiomas, o site traz informa\u00e7\u00f5es a respeito do processo de reconhecimento e a cobertura da cerim\u00f4nia onde Papa Bento XVI vai reconhecer a Can\u00e7\u00e3o Nova como Igreja, h\u00e1 tamb\u00e9m a hist\u00f3ria da Can\u00e7\u00e3o Nova, suas sedes, forma\u00e7\u00e3o e obras sociais.<\/p>\n<p>O site foi feito com o <a href=\"http:\/\/blog.cancaonova.com\/artificeweb\/category\/wordpress\/\"><em>wordpress<\/em><\/a>, o layout no <em>photoshop<\/em>, e convers\u00e3o para <em><a href=\"http:\/\/blog.cancaonova.com\/artificeweb\/category\/html\/\">HTML<\/a><\/em> e <em><a href=\"http:\/\/blog.cancaonova.com\/artificeweb\/category\/css\/\">CSS<\/a><\/em> (<em>tableless<\/em>)  no <em>dreamweaver<\/em>.<\/p>\n<p>A Ariane da <a href=\"http:\/\/blog.cancaonova.com\/redacao\/\">reda\u00e7\u00e3o do portal<\/a> foi a respons\u00e1vel pelo conte\u00fado multim\u00eddia (\u00e1udio, v\u00eddeo, texto), se para um idioma j\u00e1 d\u00e1 trabalho, imaginem em v\u00e1rios.<\/p>\n<p>Parab\u00e9ns Can\u00e7\u00e3o Nova pelo reconhecimento e a equipe pelo hotsite.<\/p>\n<p>\ud83d\ude09<\/p>\n<p><em>atualiza\u00e7\u00e3o\u00a0<\/em><\/p>\n<p>O noticias.cancaonova.com fez uma reportagem sobre a equipe que desenvolveu o site do reconhecimento, confira<\/p>\n<p><a href=\"http:\/\/noticias.cancaonova.com\/noticia.php?id=271355\">Site mostra tudo sobre Comunidade Can\u00e7\u00e3o Nova<\/a><\/p>\n","protected":false},"excerpt":{"rendered":"<p>No reconhecimento pontif\u00edcio da Can\u00e7\u00e3o Nova, a Comunidade passa a ser reconhecida como um dom de Deus, um carisma \u00fatil e necess\u00e1rio para o bem da Igreja e do mundo. Um carisma cuja miss\u00e3o \u00e9 uma gra\u00e7a n\u00e3o somente para&#8230;<\/p>\n","protected":false},"author":3141,"featured_media":0,"comment_status":"open","ping_status":"open","sticky":false,"template":"","format":"standard","meta":{"_mi_skip_tracking":false,"_monsterinsights_sitenote_active":false,"_monsterinsights_sitenote_note":"","_monsterinsights_sitenote_category":0,"footnotes":""},"categories":[541,2671,103589,4831,15421,4721,9401],"tags":[],"_links":{"self":[{"href":"https:\/\/blog.cancaonova.com\/desenvolvimentoti\/wp-json\/wp\/v2\/posts\/363"}],"collection":[{"href":"https:\/\/blog.cancaonova.com\/desenvolvimentoti\/wp-json\/wp\/v2\/posts"}],"about":[{"href":"https:\/\/blog.cancaonova.com\/desenvolvimentoti\/wp-json\/wp\/v2\/types\/post"}],"author":[{"embeddable":true,"href":"https:\/\/blog.cancaonova.com\/desenvolvimentoti\/wp-json\/wp\/v2\/users\/3141"}],"replies":[{"embeddable":true,"href":"https:\/\/blog.cancaonova.com\/desenvolvimentoti\/wp-json\/wp\/v2\/comments?post=363"}],"version-history":[{"count":0,"href":"https:\/\/blog.cancaonova.com\/desenvolvimentoti\/wp-json\/wp\/v2\/posts\/363\/revisions"}],"wp:attachment":[{"href":"https:\/\/blog.cancaonova.com\/desenvolvimentoti\/wp-json\/wp\/v2\/media?parent=363"}],"wp:term":[{"taxonomy":"category","embeddable":true,"href":"https:\/\/blog.cancaonova.com\/desenvolvimentoti\/wp-json\/wp\/v2\/categories?post=363"},{"taxonomy":"post_tag","embeddable":true,"href":"https:\/\/blog.cancaonova.com\/desenvolvimentoti\/wp-json\/wp\/v2\/tags?post=363"}],"curies":[{"name":"wp","href":"https:\/\/api.w.org\/{rel}","templated":true}]}}