{"id":1023,"date":"2016-11-15T13:10:00","date_gmt":"2016-11-15T15:10:00","guid":{"rendered":"http:\/\/blog.cancaonova.com\/drnasser\/?p=1023"},"modified":"2016-11-15T13:10:00","modified_gmt":"2016-11-15T15:10:00","slug":"aquele-que-me-envia-e-maior-que-eu-parte-1","status":"publish","type":"post","link":"https:\/\/blog.cancaonova.com\/drnasser\/2016\/11\/15\/aquele-que-me-envia-e-maior-que-eu-parte-1\/","title":{"rendered":"AQUELE QUE ME ENVIA \u00c9 MAIOR QUE EU PARTE 1"},"content":{"rendered":"<p>NOS PROXIMOS DIAS ESTAREI PARA QUE CONTEMPLEMOS O ADVENTO 2016 A LUZ DE UMA MISS\u00c3O. PREPARARMOS PARA RECEBER JESUS QUE VEM E ENT\u00c3O SERMOS SEUS DISCIPULOS. Pois Aquele que me envia \u00e9 maior que EU&#8230;.Ele nos faz como PONTE para os caminhos diminuir, entre n\u00f3s e Deus e entre n\u00f3s e nossos irma\u00f5s&#8230;<\/p>\n<p><strong>Estamos em pleno Mar, o mar das Miseric\u00f3rdias.<\/strong><\/p>\n<p>&nbsp;<\/p>\n<p><strong>Quem me ama guardar\u00e1 minha Palavra.( Jo\u00e3o 14-15).<\/strong><\/p>\n<p>&nbsp;<\/p>\n<p>Com este vers\u00edculo do Evangelho de S\u00e3o Jo\u00e3o eu poderia descrever n\u00e3o somente a convers\u00e3o do Guido Shaffer mas a sua miss\u00e3o e seu apostolado. Ele guardou a Palavra de Deus n\u00e3o somente na sua mem\u00f3ria f\u00edsica, no seu lobo temporal esquerdo e \u00e1reas associativas, mas guardou em seu Cora\u00e7\u00e3o, na sua alma. Como o Jesus nos ensinou em seu Evangelho a boca fala o que o cora\u00e7\u00e3o est\u00e1 cheio. Assim eu apresentaria o Guido, pois ele ao abrir a sua boca vinha em todo o tempo o Evangelho, os salmos, as mais inusitadas cita\u00e7\u00f5es b\u00edblicas. Eu j\u00e1 pude neste pouco tempo de caminhada que eu tenho presenciar pessoas prodigiosas em pregar atrav\u00e9s das cita\u00e7\u00f5es, mas o nosso Guido, nosso bem-aventurado, ele estava para a Palavra de Deus assim como um pianista est\u00e1 para seu piano, um craque est\u00e1 para sua bola, um pintor est\u00e1 para seu pincel, um cirurgi\u00e3o est\u00e1 para o seu bisturi&#8230;A Palavra de Deus flu\u00eda como um b\u00e1lsamo dos seus l\u00e1bios, e como sabemos que antes pelo Poder da Palavra, que S\u00e3o Paulo nos ensina, e n\u00e3o pela nossa eloq\u00fc\u00eancia, os sinais, prod\u00edgios e milagres aconteciam a medida que a Palavra de Deus atingia os ouvidos, desciam para cora\u00e7\u00e3o e come\u00e7ava uma reviravolta na alma se manifestando em forma de liberta\u00e7\u00e3o e cura interior.<\/p>\n<p>Meu desejo \u00e9 que esta obra chegue para\u00a0 a Jornada Mundial da Juventude com o Papa aqui no Rio de Janeiro, traduzido em todos os idiomas poss\u00edveis para serem distribu\u00eddos aqui e lidos e tomado ci\u00eancia de algu\u00e9m que participou de algumas JMJ, foi jovem, foi peregrino, foi mission\u00e1rio, foi exemplo de encontrar dentro de um megaevento espa\u00e7o para tocar cora\u00e7\u00f5es que queriam ver Jesus, e atrav\u00e9s do seu testemunho ex<a href=\"http:\/\/blog.cancaonova.com\/drnasser\/files\/2014\/04\/nasserperfilmedco.jpg\"><img loading=\"lazy\" decoding=\"async\" class=\"aligncenter size-medium wp-image-931\" src=\"http:\/\/blog.cancaonova.com\/drnasser\/files\/2014\/04\/nasserperfilmedco-300x201.jpg\" alt=\"nasserperfilmedco\" width=\"300\" height=\"201\" srcset=\"https:\/\/blog.cancaonova.com\/drnasser\/files\/2014\/04\/nasserperfilmedco-300x201.jpg 300w, https:\/\/blog.cancaonova.com\/drnasser\/files\/2014\/04\/nasserperfilmedco.jpg 450w\" sizes=\"(max-width: 300px) 100vw, 300px\" \/><\/a>perenciaram o pr\u00f3prio Jesus feito templo vivo nele, atrav\u00e9s e pela gra\u00e7a do Esp\u00edrito Santo que n\u00e1o cessava de jorrar de seu peito ( Jo\u00e3o 4-14).\u00a0 Meu desejo ser\u00e1 realizado pois o pr\u00f3prio Jesus em adora\u00e7\u00e3o j\u00e1 me cobrou esta obra, que \u00e9 Dele, eu sou apenas o instrumento.<\/p>\n<p>&nbsp;<\/p>\n","protected":false},"excerpt":{"rendered":"<p>Serie Kerigm\u00e1tica sobre o que acontece quando dois m\u00e9dicos s\u00e3o unidos por Deus para a Miss\u00e3o de Ir pelo Mundo e Pregai o Evangelho, Curar os Doentes e Expulsar os dem\u00f4nios&#8230;Falaram linguas, pisar\u00e3o em serpentes e n\u00e3o ser\u00e3o feridos, pois Aquele que os envia \u00e9 maior que Tudo&#8230; <a href=\"https:\/\/blog.cancaonova.com\/drnasser\/2016\/11\/15\/aquele-que-me-envia-e-maior-que-eu-parte-1\/\">Continue lendo <span class=\"meta-nav\">&rarr;<\/span><\/a><\/p>\n","protected":false},"author":2501,"featured_media":0,"comment_status":"open","ping_status":"open","sticky":false,"template":"","format":"standard","meta":{"_mi_skip_tracking":false,"_monsterinsights_sitenote_active":false,"_monsterinsights_sitenote_note":"","_monsterinsights_sitenote_category":0,"footnotes":""},"categories":[10601],"tags":[160023,2561,19129,15848,160065,160062,160067,4771,160066,160069],"_links":{"self":[{"href":"https:\/\/blog.cancaonova.com\/drnasser\/wp-json\/wp\/v2\/posts\/1023"}],"collection":[{"href":"https:\/\/blog.cancaonova.com\/drnasser\/wp-json\/wp\/v2\/posts"}],"about":[{"href":"https:\/\/blog.cancaonova.com\/drnasser\/wp-json\/wp\/v2\/types\/post"}],"author":[{"embeddable":true,"href":"https:\/\/blog.cancaonova.com\/drnasser\/wp-json\/wp\/v2\/users\/2501"}],"replies":[{"embeddable":true,"href":"https:\/\/blog.cancaonova.com\/drnasser\/wp-json\/wp\/v2\/comments?post=1023"}],"version-history":[{"count":1,"href":"https:\/\/blog.cancaonova.com\/drnasser\/wp-json\/wp\/v2\/posts\/1023\/revisions"}],"predecessor-version":[{"id":1024,"href":"https:\/\/blog.cancaonova.com\/drnasser\/wp-json\/wp\/v2\/posts\/1023\/revisions\/1024"}],"wp:attachment":[{"href":"https:\/\/blog.cancaonova.com\/drnasser\/wp-json\/wp\/v2\/media?parent=1023"}],"wp:term":[{"taxonomy":"category","embeddable":true,"href":"https:\/\/blog.cancaonova.com\/drnasser\/wp-json\/wp\/v2\/categories?post=1023"},{"taxonomy":"post_tag","embeddable":true,"href":"https:\/\/blog.cancaonova.com\/drnasser\/wp-json\/wp\/v2\/tags?post=1023"}],"curies":[{"name":"wp","href":"https:\/\/api.w.org\/{rel}","templated":true}]}}