{"id":1025,"date":"2016-11-15T13:32:55","date_gmt":"2016-11-15T15:32:55","guid":{"rendered":"http:\/\/blog.cancaonova.com\/drnasser\/?p=1025"},"modified":"2016-11-15T13:32:55","modified_gmt":"2016-11-15T15:32:55","slug":"aquele-que-me-envia-e-maior-que-eu-parte-2","status":"publish","type":"post","link":"https:\/\/blog.cancaonova.com\/drnasser\/2016\/11\/15\/aquele-que-me-envia-e-maior-que-eu-parte-2\/","title":{"rendered":"AQUELE QUE ME ENVIA \u00c9 MAIOR QUE EU...PARTE 2"},"content":{"rendered":"<p><strong>Bons amigos que nasceram pela F\u00e9.<\/strong><\/p>\n<p>&nbsp;<\/p>\n<p><strong>Livro dos Actos dos Ap\u00f3stolos 11,19-26. <\/strong><\/p>\n<p>Naqueles dias, os irm\u00e3os os que se tinham dispersado, devido \u00e0 persegui\u00e7\u00e3o desencadeada por causa de Est\u00eav\u00e3o, adiantaram-se at\u00e9 \u00e0 Fen\u00edcia, Chipre e Antioquia, mas n\u00e3o anunciavam a palavra sen\u00e3o aos judeus.<br \/>\nHouve, por\u00e9m, alguns deles, homens de Chipre e Cirene que, chegando a Antioquia, falaram tamb\u00e9m aos gregos, anunciando-lhes a Boa-Nova do Senhor Jesus.<br \/>\nA m\u00e3o do Senhor estava com eles e grande foi o n\u00famero dos que abra\u00e7aram a f\u00e9 e se converteram ao Senhor.<br \/>\nA not\u00edcia chegou aos ouvidos da igreja de Jerusal\u00e9m, e mandaram Barnab\u00e9 a Antioquia.<br \/>\nAssim que ele chegou e viu a gra\u00e7a concedida por Deus, regozijou-se com isso e exortou-os a todos a que se conservassem unidos ao Senhor, de cora\u00e7\u00e3o firme;<br \/>\nele era um homem bom, cheio do Esp\u00edrito Santo e de f\u00e9. Assim, uma grande multid\u00e3o aderiu ao Senhor.<br \/>\nEnt\u00e3o, Barnab\u00e9 foi a Tarso procurar Saulo.<br \/>\nEncontrou-o e levou-o para Antioquia. Durante um ano inteiro, mantiveram-se juntos nesta igreja e ensinaram muita gente. Foi em Antioquia que, pela primeira vez, os disc\u00edpulos come\u00e7aram a ser tratados pelo nome de \u00abcrist\u00e3os.\u00bb<\/p>\n<p>&nbsp;<\/p>\n<p>&nbsp;<\/p>\n<p>&nbsp;<\/p>\n<p>&nbsp;<\/p>\n<p>Fazia pouco tempo que Jesus havia me escolhido para servir-lo, numa experi\u00eancia inusitada em minha vida. Jamais imaginei que um dia passaria pelo processo de uma verdadeira convers\u00e3o. Experimentei o batismo do Esp\u00edrito, experi\u00eancia indescrit\u00edvel pela M\u00edstica, pela maravilhosa tomada de todo um ser na efus\u00e3o do Esp\u00edrito Santo de Deus, o mesmo que veio sobre Jesus no Rio Jord\u00e3o. O mesmo que Ele diria ao final de seu tempo aqui com os ap\u00f3stolos, que iria para o Pai, e derramaria sobre n\u00f3s o seu Santo Esp\u00edrito, e nos passar\u00edamos a entender todas as coisas. E esta experi\u00eancia se deu em um Grupo de Ora\u00e7\u00e3o, na Comunidade Bom Pastor, comunidade esta que o Guido caminharia t\u00e3o perto a tantos anos, pelo caminho que sua m\u00e3e havia escolhido para ela, ser um membro da Comunidade Bom Pastor. Atrav\u00e9s do testemunho, da fidelidade e exemplo de sua m\u00e3e,seu filho seria tamb\u00e9m um escolhido para o Messe do Senhor. Mas a minha experi\u00eancia era bem mais recente. Quando quem ministrava o momento de efus\u00e3o do Esp\u00edrito Santo, proclamou que Jesus estava caminhando no meio de n\u00f3s, que se aproximava de n\u00f3s, que nos envolvia, eu pude sentir a pr\u00f3pria M\u00e3o de Jesus ( a Destra ), tocar minha cabe\u00e7a com carinho, fisicamente presenciei o Senhor tocar em mim como tocou em tantos sofredores. Como quem \u00e9 envolvido pelas m\u00e3os do Pai, como quem \u00e9 embalado pelo colo da M\u00e3e assim eu pude cair na m\u00e3os de Deus, como o salmo 30-6. Deste dia em diante, eu descobri e depois aprenderia com o Guido que nas horas de sofrimento, ou nas horas de gl\u00f3ria e jubilo respondei sempre com salmos, pois \u00e9 a pr\u00f3pria linguagem que vai direto ao cora\u00e7\u00e3o do Pai. O Guido sabia os 150 salmos de cor, mas n\u00e3o porque havia decorado, mas por Amor, ele Guardou a Palavra em seu cora\u00e7\u00e3o.<\/p>\n<p>Ap\u00f3s este dia tudo na minha vida passou a mudar, e em breve tempo eu j\u00e1 estava me envolvendo com muitas coisas de Deus, livros, m\u00fasicas, ora\u00e7\u00f5es, exerc\u00edcios de espiritualidade, aprofundamentos, retiros, partilha da Palavra em casa primeiro, depois com um Diretor Espiritual no Mosteiro de S\u00e3o Bento ( Dom Felipe). Eu passava a ouvir a R\u00e1dio Catedral o tempo todo, e estava por dentro de tudo o que estava acontecendo no Rio. Neste tempo o programa nas Ondas da Can\u00e7\u00e3o, conduzido pela Comunidade Can\u00e7\u00e3o Nova, rezando o Ter\u00e7o da Miseric\u00f3rdia e dando in\u00fameras dicas de viv\u00eancias foram se tornando para mim necessidade fisiol\u00f3gica, como beber, comer, dormir. Quando eu tinha chance estava l\u00e1 acompanhando de perto. Conheci nesta \u00e9poca a Toca de Assis que me ajudou muito, os filhos da Toca, fundada pelo Padre Roberto Letieri, eram jovens do Brasil inteiro que viviam o franciscanismo primitivo, cuidavam dos sofredores de rua doentes, ali entrava minha profiss\u00e3o. Ao mesmo tempo que minha alma ansiava em conhecer a Can\u00e7\u00e3o Nova, o que veio acontecer aqui no Rio, na casa de MISS\u00c3O que tinham junto a Igreja de Santana. R\u00e1dio, Televis\u00e3o, grupos de ora\u00e7\u00e3o. Conheci de uma forma bem m\u00edstica. Eu fui ao Hospital no centro, estava muito angustiado, tudo dentro de mim estava mudando. Foi ent\u00e3o que a sess\u00e3o foi cancelada, em seguida peguei o carro e fui em dire\u00e7\u00e3o a Avenida Presidente Vargas, ao passar pela Igreja de Santana, Santu\u00e1rio Eucar\u00edstico e antiga casa de Miss\u00e3o da Can\u00e7\u00e3o Nova, neste momento ouvi um voz no meu interior que dizia entre neste Santu\u00e1rio. Parei o carro em frente e quando fui entrar encontrei uma pessoa que sorriu e me acolheu, era a respons\u00e1vel pela Miss\u00e3o no Rio de Janeiro, M\u00f4nica, que deixou que eu colocasse tudo para fora o que estava se passando comigo. Ela e mais seus irm\u00e3os de Miss\u00e3o oraram por mim,\u00a0 e me convidou para mandar uma carta para a Can\u00e7\u00e3o Nova, para o Eto que dirigia e dirige ainda esta obra de Deus. Ela me deu o email dele e fui para casa. Dias depois liguei para ela pois havia mandado uns vinte emails e n\u00e1o obtive resposta, alguns voltavam, nem imagina quem n\u00e3o queria que isto acontecia. Mas bastou um email chegar l\u00e1 para tudo come\u00e7ar.\u00a0 No domingo seguinte estaria num ch\u00e1 da Toca quando ouvi pela primeira vez o nome do Guido e as hist\u00f3ria de S\u00e3o Pio de Pietrelcina ou melhor S\u00e3o Padre Pio. Deus me uniu muito forte a Can\u00e7\u00e3o Nova, acolhendo na minha casa os fundadores, Eto, Luzia e Cia. Nesta \u00e9poca Guido fazia discernimento em Cachoeira Paulista e Queluz para seu chamado no semin\u00e1rio e queria discernir se deveria ir ou n\u00e3o ser formado pela Can\u00e7\u00e3o Nova. Padre Jonas na \u00e9poca, disse que n\u00e3o. Da\u00ed ele tinha voltado para o Rio, mas todos da Comunidade o conhecia e falavam muito dele. Bem, uns tr\u00eas meses depois , ao atender e operar uma consagrada da Can\u00e7\u00e3o Nova aqui no Rio de Janeiro de Escoliose, fomos eu e o Padre Jonas orar por ela no leito hospitalar. No meio da ora\u00e7\u00e3o o Padre virou-se para mim e disse: &#8211; Nasser, o Senhor me pede para fazer isto! \u00a0\u00a0\u00a0E derramando o \u00f3leo Bento sobre as minhas m\u00e3os, repetia que o que havia acontecido com Davi quando foi ungido por Samuel e tamb\u00e9m n\u00e3o entendeu nada, somente depois que as coisa foram acontecendo, ou seja, nascia ali minha vida apost\u00f3lica como m\u00e9dico de homens e de almas, pelo Minist\u00e9rio de Cura.<\/p>\n<p>Caminhava com a Toca de Assis, em suas casas de acolhimento, levando material para curativar os sofredores de rua, limpando as feridas do corpo e da alma. Quando eles precisavam de interna\u00e7\u00e3o, falavam com o Dr Guido, que na minha imagina\u00e7\u00e3o para ser uma pessoa mais velha, solteiro convicto, um homem piedoso que se dedicava a Santa Casa de Miseric\u00f3rdia e atender os sofredores de rua na Casa das Irm\u00e3s de Madre Teresa de Calcut\u00e1 na Lapa.<\/p>\n<p>V\u00e1rias pessoas vinham comentar comigo, que o Guido dirigia um Grupo Padre Pio de Ora\u00e7\u00e3o com os doentes da Santa Casa e isto havia trazido de volta as atividades na Capela da Santa Casa que estava \u00e0s tra\u00e7as quando tudo isto come\u00e7ou, e com o Guido e seu grupo voltaram as Missas, as Ora\u00e7\u00f5es e mais momentos de espiritualidade.<\/p>\n<p>Numa de minhas muitas viagens a Can\u00e7\u00e3o Nova, ouvi de minha irm\u00e3 de Comunidade Dra. R\u00edzzia que eu deveria muito conhecer o Guido, quando partilh\u00e1vamos o que o Senhor estava fazendo atrav\u00e9s de mim nos meus atendimentos, quando orava pelos enfermos e os milagres come\u00e7aram a aparecer.<\/p>\n<p>Mas foi num telefone, quando eu ainda dirigia o Instituto de Neurologia e Sono da UNESA que recebi um telefonema da Srta. Fl\u00e1via Lobo, ent\u00e3o rep\u00f3rter da TV Can\u00e7\u00e3o Nova que disse que eu deveria conhecer o Guido, na verdade ela tinha falado tanto de mim para ele que ele queria se encontrar comigo. Meia hora depois tocava o telefone e era eu e o Guido marcando nosso primeiro encontro. E como tudo na f\u00e9, ele me convidava para estar com eles na Missa no Domingo seguinte na Capela da Santa Casa, seria presidida pelo Cardeal Dom Eus\u00e9bio Sheid, e que ele havia sonhado tanto, e acreditava que ap\u00f3s aquela Missa as coisas iriam melhorar na Santa Casa com o seu grupo e tudo mais. Foi assim que partilhamos nossas experi\u00eancias e muita emo\u00e7\u00e3o foi marcada no nosso primeiro encontro. Fui com a minha esposa Leticia, meu filho Th\u00e9o e minha filha Beatriz que nesta Missa recebeu tr\u00eas b\u00ean\u00e7\u00e3os especiais do Dom Eus\u00e9bio, o qual sou m\u00e9dico at\u00e9 hoje. Ele aben\u00e7oou a mim e ao Guido, e depois da Missa partiu. Ficamos para o grupo de ora\u00e7\u00e3o. Combinamos ent\u00e3o que ele iria em minha casa para jantar e partilharmos, rezarmos e ouvir o que Deus queria desta uni\u00e3o.<\/p>\n<p><a href=\"http:\/\/blog.cancaonova.com\/drnasser\/files\/2016\/11\/Dr.-Nasser-e-Guido.jpg\"><img loading=\"lazy\" decoding=\"async\" class=\"aligncenter size-medium wp-image-1026\" src=\"http:\/\/blog.cancaonova.com\/drnasser\/files\/2016\/11\/Dr.-Nasser-e-Guido-225x300.jpg\" alt=\"Dr. Nasser e Guido\" width=\"225\" height=\"300\" srcset=\"https:\/\/blog.cancaonova.com\/drnasser\/files\/2016\/11\/Dr.-Nasser-e-Guido-225x300.jpg 225w, https:\/\/blog.cancaonova.com\/drnasser\/files\/2016\/11\/Dr.-Nasser-e-Guido-768x1024.jpg 768w, https:\/\/blog.cancaonova.com\/drnasser\/files\/2016\/11\/Dr.-Nasser-e-Guido-150x200.jpg 150w, https:\/\/blog.cancaonova.com\/drnasser\/files\/2016\/11\/Dr.-Nasser-e-Guido.jpg 1024w\" sizes=\"(max-width: 225px) 100vw, 225px\" \/><\/a> <a href=\"http:\/\/blog.cancaonova.com\/drnasser\/files\/\/var\/www\/blog.cancaonova.com\/wp-content\/blogs.dir\/2231\/files\/\/2009\/05\/dr-nasser-e-guidoblog.jpg\"><br \/>\n<\/a><\/p>\n<p>&nbsp;<\/p>\n","protected":false},"excerpt":{"rendered":"<p>Encontro de M\u00e9dicos de Homens e de Almas feitos por Deus. Assim quis o Senhor, como Paulo se encontrou com Barnab\u00e9 , assim o Senhor quis nos abarcar, neste caminho de Miss\u00e3o e de  F\u00e9. Seremos chamados um dia a responder sobre o que fizemos com nossos dons e talentos. Amigos feitos pela f\u00e9, e F\u00e9 em Miss\u00e3o <a href=\"https:\/\/blog.cancaonova.com\/drnasser\/2016\/11\/15\/aquele-que-me-envia-e-maior-que-eu-parte-2\/\">Continue lendo <span class=\"meta-nav\">&rarr;<\/span><\/a><\/p>\n","protected":false},"author":2501,"featured_media":0,"comment_status":"open","ping_status":"open","sticky":false,"template":"","format":"standard","meta":{"_mi_skip_tracking":false,"_monsterinsights_sitenote_active":false,"_monsterinsights_sitenote_note":"","_monsterinsights_sitenote_category":0,"footnotes":""},"categories":[10601],"tags":[2561,19129,160071,160065,29587,160074,160072],"_links":{"self":[{"href":"https:\/\/blog.cancaonova.com\/drnasser\/wp-json\/wp\/v2\/posts\/1025"}],"collection":[{"href":"https:\/\/blog.cancaonova.com\/drnasser\/wp-json\/wp\/v2\/posts"}],"about":[{"href":"https:\/\/blog.cancaonova.com\/drnasser\/wp-json\/wp\/v2\/types\/post"}],"author":[{"embeddable":true,"href":"https:\/\/blog.cancaonova.com\/drnasser\/wp-json\/wp\/v2\/users\/2501"}],"replies":[{"embeddable":true,"href":"https:\/\/blog.cancaonova.com\/drnasser\/wp-json\/wp\/v2\/comments?post=1025"}],"version-history":[{"count":1,"href":"https:\/\/blog.cancaonova.com\/drnasser\/wp-json\/wp\/v2\/posts\/1025\/revisions"}],"predecessor-version":[{"id":1027,"href":"https:\/\/blog.cancaonova.com\/drnasser\/wp-json\/wp\/v2\/posts\/1025\/revisions\/1027"}],"wp:attachment":[{"href":"https:\/\/blog.cancaonova.com\/drnasser\/wp-json\/wp\/v2\/media?parent=1025"}],"wp:term":[{"taxonomy":"category","embeddable":true,"href":"https:\/\/blog.cancaonova.com\/drnasser\/wp-json\/wp\/v2\/categories?post=1025"},{"taxonomy":"post_tag","embeddable":true,"href":"https:\/\/blog.cancaonova.com\/drnasser\/wp-json\/wp\/v2\/tags?post=1025"}],"curies":[{"name":"wp","href":"https:\/\/api.w.org\/{rel}","templated":true}]}}