{"id":1031,"date":"2016-11-20T22:51:39","date_gmt":"2016-11-21T00:51:39","guid":{"rendered":"http:\/\/blog.cancaonova.com\/drnasser\/?p=1031"},"modified":"2016-11-20T22:51:39","modified_gmt":"2016-11-21T00:51:39","slug":"aquele-me-envia-e-maior-que-eu-parte-3","status":"publish","type":"post","link":"https:\/\/blog.cancaonova.com\/drnasser\/2016\/11\/20\/aquele-me-envia-e-maior-que-eu-parte-3\/","title":{"rendered":"AQUELE ME ENVIA \u00c9 MAIOR QUE EU  ( PARTE 3)"},"content":{"rendered":"<p><a href=\"http:\/\/blog.cancaonova.com\/drnasser\/files\/2016\/11\/fotogrupopadrepiodespedidaguido9.jpg\"><img loading=\"lazy\" decoding=\"async\" class=\"aligncenter size-medium wp-image-1032\" src=\"http:\/\/blog.cancaonova.com\/drnasser\/files\/2016\/11\/fotogrupopadrepiodespedidaguido9-300x225.jpg\" alt=\"fotogrupopadrepiodespedidaguido9\" width=\"300\" height=\"225\" srcset=\"https:\/\/blog.cancaonova.com\/drnasser\/files\/2016\/11\/fotogrupopadrepiodespedidaguido9-300x225.jpg 300w, https:\/\/blog.cancaonova.com\/drnasser\/files\/2016\/11\/fotogrupopadrepiodespedidaguido9-768x576.jpg 768w, https:\/\/blog.cancaonova.com\/drnasser\/files\/2016\/11\/fotogrupopadrepiodespedidaguido9.jpg 800w\" sizes=\"(max-width: 300px) 100vw, 300px\" \/><\/a><\/p>\n<p>Os Primeiros Passos<\/p>\n<p>&#8211; <em>\u00c9 assim a Gera\u00e7\u00e3o dos que buscam vossa face o Senhor<\/em> (salmo 23(24)<\/p>\n<p>&nbsp;<\/p>\n<p>Como diz o salmista: &#8211; <em>\u00c9 assim a Gera\u00e7\u00e3o dos que buscam vossa face o Senhor<\/em> (salmo 23(24), pois ent\u00e3o. Em muito pouco tempo est\u00e1vamos muito unidos, nos falando o tempo todo, Guido me convidando para seus eventos, o Ter\u00e7o com Dr. Ribamar no Col\u00e9gio Sto. Agostinho no Leblon, depois um grupo de ora\u00e7\u00e3o num Condom\u00ednio em S\u00e3o Conrado.<\/p>\n<p>Assim se iniciava um contato pela Palavra, quanto pelos livros, quanto pelas ora\u00e7\u00f5es. Eu ouvia como um aluno atento, para depois partilhar com Dom Felipe meu diretor espiritual no Col\u00e9gio S\u00e3o Bento.<\/p>\n<p>Assim \u00e9ramos chamados para visitar pacientes acamados em casa, em leitos de cti, em quartos de hospital. Muitas pessoas n\u00e3o entendiam o que iriamos fazer, pois cheg\u00e1vamos a pedido da fam\u00edlia, que vinha ao nosso encontro, mas muitos destes pacientes eram pacientes de outros m\u00e9dicos da minha especialidade, que ficavam a princ\u00edpio apreensivos, mas depois viam a gente tirar a Palavra de Deus, a \u00e1gua benta, o \u00f3leo bento e clamar o Senhor no Poder do Espirito Santo. Alguns colegas at\u00e9 ficavam de curiosos, e depois vinham comentar com a gente. Jesus adorava se manifestar nestas horas, fazia os pacientes melhorarem muito r\u00e1pido, principalmente quando os m\u00e9dicos tinham uma posi\u00e7\u00e3o bem anticrist\u00e3, bem pag\u00e3, bem debochada. A partir deste encontro muitos viriam partilhar conosco algo que come\u00e7ava brotar no cora\u00e7\u00e3o. Eu estava ousando muito, e algumas vezes partilhava com meu diretor espiritual, se aquilo n\u00e3o era um pouco demais, mas ele sempre me perguntava como ficava meu cora\u00e7\u00e3o no final das contas, eu dizia que ficava bem, ent\u00e3o ele acrescentava, ent\u00e3o era o Senhor que desejava aquela a\u00e7\u00e3o. \u00a0Milagres&#8230;AH Milagres, eu j\u00e1 estava presenciando v\u00e1rios. Quando li a primeira vez Jesus est\u00e1 vivo do Padre Emiliano Tardif, canadense, eu disse para mim mesmo, isto \u00e9 isto que eu quero presenciar, e ser canal para muitos presenciarem. O Poder do Espirito Santo se manifesta nos cora\u00e7\u00f5es doces. V\u00e1rias vezes quando volt\u00e1vamos destas miss\u00f5es, eu me emocionava muito, vendo como a gente era pequenino e Jesus se manifesta t\u00e3o profusamente atrav\u00e9s dos nossos atos, Sem mim nada podeis fazer(Jo\u00e3o 15:5).<\/p>\n<p>Um dia solicitei ao Guido que fosse comigo ver o P\u00e1roco da Santa Margarida Maria, Padre Moreto em um hospital da cidade, no CTI. Da\u00ed ele estava com c\u00e2ncer e muito mal no CTI. Fomos num s\u00e1bado, inclusive o plantonista era cat\u00f3lico e bem fervoroso. Naqueles dias Guido tinha feito com\u00a0 sua fam\u00edlia em casa a Quaresma de S\u00e3o Miguel. Como todos sabem pode-se colocar o sal junto \u00e0 imagem de S\u00e3o Miguel neste tempo para ficar exorcizado, fruto da Quaresma. O interessante que ao fazer a Novena, eles colocavam um sal. Mas a quaresma tinha acabado, o Guido costumava devotamente recitar o Ros\u00e1rio de S\u00e3o Miguel continuamente. O prato estava em frente \u00e0 imagem sem nada, e \u00e0 medida que o Guido ia rezando, o sal ia brotando. Ao provar tinha um gosto t\u00e3o sublime, n\u00e3o parecia sal comum. Parecia o sal que brota de uma imagem de Nossa Senhora de F\u00e1tima que de vez em quando vem ao Rio. Enfim, pegamos o sal e levamos ao Hospital Quinta D`or. Entramos no CTI falamos com os colegas que ir\u00edamos rezar pelo Padre Moreto,\u00a0 e eles autorizaram, inclusive dizendo que n\u00e3o tinham mais esperan\u00e7as no controle do choque, ou seja isto se d\u00e1 quando um paciente grave tem sua press\u00e3o arterial ajudada pelo que chamamos de aminas vasoativas, e o Padre tinha todas as aminas correndo na veia e nada, a press\u00e3o continuava baixa. Come\u00e7amos a orar, colocamos um pouco do sal na boca dele, e intensificamos a ora\u00e7\u00e3o suplicando pela presen\u00e7a do Santo Anjo, e o milagre aconteceu&#8230;A press\u00e3o do Padre come\u00e7ou a subir, o plantonista foi desligando as aminas e no final ainda teve de fazer algo para baixar. Ele dizia, milagre. Louvamos muito a Deus por isto . Sa\u00edmos muito entusiasmado por isto. A secret\u00e1ria do Padre chorava j\u00e1 o encomendando, quando dissemos a ela seu rosto se transformou. Nunca mais ele precisou de aminas para subir a press\u00e3o e em quatro dias teve alta do CTI para o quarto l\u00facido. No quarto, ele me pediu que fizesse um grupo de ora\u00e7\u00e3o na par\u00f3quia para interceder por ele e por todos os doentes a partir daquele dia. Foi assim que nasceu o RUAH, o grupo de todas as segundas na Santa Margarida Maria na Lagoa. Eu e o Guido come\u00e7amos o grupo, lugar de muitas experi\u00eancias m\u00edsticas fort\u00edssimas, curas e liberta\u00e7\u00f5es. O grupo j\u00e1 nasceu com oitenta fi\u00e9is e s\u00f3 crescia.<\/p>\n<p>Um dia me lembro de que um rapaz de uns trinta e poucos anos entrou porta adentro da Igreja, e o Guido estava pregando, ele entrou violentamente, ao chegar perto do grupo ficou paralisado por uns dez minutos, de repente se prostrou, e saiu lentamente.<\/p>\n<p>O carisma do Guido de Liberta\u00e7\u00e3o crescia a\u00a0 cada dia. E o Senhor estava conosco sempre, nos impulsionando, nos convidando a buscar \u00e1guas mais profundas.<\/p>\n","protected":false},"excerpt":{"rendered":"<p>Os Primeiros Passos &#8211; \u00c9 assim a Gera\u00e7\u00e3o dos que buscam vossa face o Senhor (salmo 23(24) &nbsp; Como diz o salmista: &#8211; \u00c9 assim a Gera\u00e7\u00e3o dos que buscam vossa face o Senhor (salmo 23(24), pois ent\u00e3o. Em muito&#8230;<\/p>\n","protected":false},"author":2501,"featured_media":0,"comment_status":"open","ping_status":"open","sticky":false,"template":"","format":"standard","meta":{"_mi_skip_tracking":false,"_monsterinsights_sitenote_active":false,"_monsterinsights_sitenote_note":"","_monsterinsights_sitenote_category":0,"footnotes":""},"categories":[10601],"tags":[17739,2561,2551,160079,160067,160078],"_links":{"self":[{"href":"https:\/\/blog.cancaonova.com\/drnasser\/wp-json\/wp\/v2\/posts\/1031"}],"collection":[{"href":"https:\/\/blog.cancaonova.com\/drnasser\/wp-json\/wp\/v2\/posts"}],"about":[{"href":"https:\/\/blog.cancaonova.com\/drnasser\/wp-json\/wp\/v2\/types\/post"}],"author":[{"embeddable":true,"href":"https:\/\/blog.cancaonova.com\/drnasser\/wp-json\/wp\/v2\/users\/2501"}],"replies":[{"embeddable":true,"href":"https:\/\/blog.cancaonova.com\/drnasser\/wp-json\/wp\/v2\/comments?post=1031"}],"version-history":[{"count":1,"href":"https:\/\/blog.cancaonova.com\/drnasser\/wp-json\/wp\/v2\/posts\/1031\/revisions"}],"predecessor-version":[{"id":1033,"href":"https:\/\/blog.cancaonova.com\/drnasser\/wp-json\/wp\/v2\/posts\/1031\/revisions\/1033"}],"wp:attachment":[{"href":"https:\/\/blog.cancaonova.com\/drnasser\/wp-json\/wp\/v2\/media?parent=1031"}],"wp:term":[{"taxonomy":"category","embeddable":true,"href":"https:\/\/blog.cancaonova.com\/drnasser\/wp-json\/wp\/v2\/categories?post=1031"},{"taxonomy":"post_tag","embeddable":true,"href":"https:\/\/blog.cancaonova.com\/drnasser\/wp-json\/wp\/v2\/tags?post=1031"}],"curies":[{"name":"wp","href":"https:\/\/api.w.org\/{rel}","templated":true}]}}