{"id":1037,"date":"2016-11-26T14:21:57","date_gmt":"2016-11-26T16:21:57","guid":{"rendered":"http:\/\/blog.cancaonova.com\/drnasser\/?p=1037"},"modified":"2016-11-26T14:21:57","modified_gmt":"2016-11-26T16:21:57","slug":"saudade-do-ceu-mirar-para-o-oriente-de-onde-vem-o-senhor-jesus-glorioso","status":"publish","type":"post","link":"https:\/\/blog.cancaonova.com\/drnasser\/2016\/11\/26\/saudade-do-ceu-mirar-para-o-oriente-de-onde-vem-o-senhor-jesus-glorioso\/","title":{"rendered":"Saudade do C\u00e9u - Mirar para o Oriente, de onde vem o Senhor Jesus Glorioso"},"content":{"rendered":"<p>&nbsp;<\/p>\n<p>&nbsp;<\/p>\n<p>&nbsp;<\/p>\n<p>&nbsp;<\/p>\n<p>&nbsp;<\/p>\n<p>&nbsp;<\/p>\n<p>&nbsp;<\/p>\n<p>&nbsp;<\/p>\n<p>Nas \u00faltimas semanas estivemos contemplando o que a Liturgia prepara para este tempo. O ESCATON, o que significa em Grego o Fim dos Tempos, ou dia FINAL. Ent\u00e3o a Palavra est\u00e1 fundamentada nas Leituras finais do Livro do Apocalipse de S\u00e3o Jo\u00e3o ou em ingl\u00eas Book of Revelation, como tamb\u00e9m o Evangelho de S\u00e3o Lucas. Ent\u00e3o, para que entremos no Tempo do Advento sabendo para onde estamos indo, venham comigo.<\/p>\n<p>O Advento marca o inicio do Ano Novo Lit\u00fargico, ou seja, nada mais prop\u00edcio que antes de iniciarmos o ano, meditarmos estas leituras maravilhosas que falam da nossa Esperan\u00e7a, saudade do c\u00e9u!. A vida eterna! Como meditamos nas \u00faltimas semanas, caminhemos para o Grand Finale. Por isso nesta Semana em muitos pa\u00edses celebram \u00a0o Thanksgiving. A\u00e7\u00e3o de Gra\u00e7as por todo o Ano. Pois de hoje em diante ser\u00e1 a prepara\u00e7\u00e3o para O Natal e assim tempo correto de montar \u00c1rvore, Velas, enfeites natalinos crist\u00e3o cat\u00f3licos e Pres\u00e9pio, e um novo come\u00e7ar, num tempo de Espera, Daquele que vem.<\/p>\n<p>Bem, nestas datas de fim de ano, nos recordamos de como \u00e9 bom voltar para casa. Mas o que faz de nossa casa, nossa casa, n\u00e3o \u00e9 o cheiro da nossa casa, n\u00e3o s\u00e3o as coisas, os livros, os objetos, mas s\u00e3o as pessoas que est\u00e3o l\u00e1.<\/p>\n<p>Amor n\u00e3o \u00e9 feito para coisas, mas para os Outros. <strong>C\u00e9u s\u00e3o os outros<\/strong><\/p>\n<p>Do contr\u00e1rio o que Jo\u00e3o Paul Sartre, fil\u00f3sofo ateu existencialista, dizia: &#8211; \u00a0Que Inferno s\u00e3o os outros. Por que ele dizia, como ateu existencialista, todos n\u00f3s sabemos o que em n\u00f3s \u00e9 DEFEITO, VERGONHA.<strong> Inferno \u00e9 quando as pessoas enxergam isso em n\u00f3s.<\/strong><\/p>\n<p>C\u00e9u \u00e9 muito diferente. C\u00e9u \u00e9 pelo SENHOR, aqui est\u00e1 a grande revela\u00e7\u00e3o de Mestres da Teologia Cat\u00f3lica, o \u00fanico Caminho para o C\u00e9u \u00e9 por Jesus Cristo, Ele o Caminho, A Verdade e a Vida, pela nossa salva\u00e7\u00e3o e reden\u00e7\u00e3o Nele, a perfeita consci\u00eancia de tudo o que somos, e h\u00e1 n\u00e3o lugar para Vergonha. Todos n\u00f3s no c\u00e9u veremos todas as pessoas em seus m\u00ednimos e mais particulares defeitos. Por\u00e9m amaremos como Deus ama. Ent\u00e3o h\u00e1 tr\u00eas movimentos que Deus far\u00e1 conosco, em tr\u00eas pontos: O olhar a \u00a0nossa alma, nos outros e Deus.<\/p>\n<p>Deus ir\u00e1 percorrer \u00a0conosco a nossa hist\u00f3ria, \u00a0com todos os detalhes na nossa vida e Ele nos mostrar\u00e1 porque passamos por cada situa\u00e7\u00e3o, seja a menor que for, e tudo ter\u00e1 seu significado. Ele nos mostrar\u00e1 porque lutamos contra todos os nossos defeitos,<\/p>\n<p>Tudo ser\u00e1 revisto por algu\u00e9m que realmente nos ama. Por que ainda n\u00e3o podemos ser expostos pelo que nos envergonha, ent\u00e3o por isso n\u00e3o nos abrimos. Ele far\u00e1 isso com todos. Todos os momentos de todos. Tudo que est\u00e1 escondido ser\u00e1 revelado. Todos os momentos que fomos tra\u00eddos, que fomos \u00a0humilhados, quando fomos machucados. E voc\u00ea conhecera voc\u00ea muito melhor do que conhece em toda a sua vida. Deus, que \u00e9 o que ama nos revisar\u00e1.<\/p>\n<p>Pergunto a mim mesmo, porque eu ainda n\u00e3o quero me conhecer totalmente? Eu quero que todos me conhe\u00e7am, pelos meus melhores momentos e n\u00e3o pelos piores, por que se voc\u00ea vir tudo o que h\u00e1 de errado em mim, \u00a0voc\u00ea vai continuar me amando? Eu quero que voc\u00ea me conhe\u00e7a pelo meu facebook, pelo meu perfil. Eu n\u00e3o quero que voc\u00ea me conhe\u00e7a totalmente, meus pecados, meus defeitos, meus v\u00edcios. Mas no c\u00e9u tudo ser\u00e1 exposto, por que tudo em n\u00f3s foi feito por Amor. No C\u00e9u seremos realmente livres. Hoje, gastamos tempo tentando fingir caras e bocas, escudos, maquiagens, disfarces, tentando convencer as pessoas a nos amar. Quanta energia gastamos todos os dias para fazer as pessoas realmente nos amar! E se voc\u00ea me conhecer plenamente vai ainda assim querer me amar! N\u00e3o seremos no c\u00e9u expostos por vergonha, mas pelo Amor.<\/p>\n<p>NO c\u00e9u orgulho ser\u00e1 mudado em Humildade verdadeira. Tudo em que em n\u00f3s \u00e9 vergonha ser\u00e1 substitu\u00eddo por Gratid\u00e3o a Deus que nos realmente cura. Toda vergonha ser\u00e1 substitu\u00eddo por ALEGRIA. Na verdade veremos que com tudo isso Deus nos ama como verdadeiramente n\u00f3s somos. Por isso confiss\u00e3o \u00e9 o\u00a0 melhor ensaio para o C\u00e9u. Porque revemos n\u00f3s mesmos, e nos abrimos a uma gra\u00e7a que mostra nossas fraquezas, mas que o Amor de Deus nos redime. Pela Miseric\u00f3rdia, somos tocados por Aquele que nos conhece e mesmo assim nos liberta, nos perdoa. Por Jesus CRISTO todo ser humano em todo este mundo pode alcan\u00e7ar o C\u00e9u. Quem n\u00e3o se dirige para l\u00e1 \u00e9 porque livre e espontaneamente escolheu ir para outro lugar.<\/p>\n<p>No c\u00e9u amaremos qualquer pessoa muito mais do que amamos aqui, mesmo m\u00e3e, pai, esposos, irm\u00e3os, amigos. Porque no c\u00e9u \u00a0amo voc\u00ea porque voc\u00ea \u00e9 voc\u00ea. Aqui na terra n\u00f3s amamos os outros por raz\u00f5es particulares, mas n\u00e3o amamos aqui todas as pessoas do mesmo jeito. \u00a0Mas no c\u00e9u tudo \u00e9 \u00fanico. \u00a0Ent\u00e3o vem a grande pergunta: &#8211; Como poderemos ser felizes no c\u00e9u, se os que amamos aqui n\u00e3o estiverem l\u00e1? Mas, lembrem-se de que no \u00a0inferno, quem est\u00e1 l\u00e1, decidiu mesmo estar l\u00e1. Escolheu para estar l\u00e1. Inferno \u00e9 uma porta que a fechadura fica apenas por dentro. Todos no inferno disseram a Deus:\u00a0 Eu n\u00e3o quero voc\u00ea, eu quero a mim mesmo. \u00c9 eu, eu eu eu . C\u00e9u \u00e9 o contr\u00e1rio. C\u00e9u n\u00e3o s\u00e3o as coisas maravilhosas que est\u00e3o l\u00e1 ao nossos olhos, mas a presen\u00e7a DELE. As leituras desta semana nos mostra, que n\u00e3o h\u00e1 luz, pois a presen\u00e7a do Senhor ilumina mais que tudo. E assim poderemos continuar felizes e alegre no c\u00e9u mesmo que os que amamos aqui n\u00e3o escolheram estar l\u00e1, pois amaremos com Deus AMA.<\/p>\n<p>N\u00f3s podemos amar de duas formas humanas, Ativa e Passiva. Deus somente ama Ativamente. Quando vemos um filho fazer alguma coisa errada dizemos no amor ativo: Como voc\u00ea pode fazer isso com voc\u00ea! Passivamente dir\u00edamos: Como voc\u00ea pode fazer isso comigo! No passivo colocamos como emocionalmente isso nos atinge. Amor ativo, ama independente da emotividade.<\/p>\n<p>Imagine Deus te dizer: Voc\u00ea pode ter todas as coisas do c\u00e9u, e at\u00e9 uma por\u00e7\u00e3o de prazer e no final Ele diz: Mas n\u00e3o ver mais a minha Face. Que terrivel ser\u00e1 viver sem estar na Presen\u00e7a do Pai que ama. Mas C\u00e9u \u00e9 Ele, e n\u00e3o as coisas. Por Ele, para Ele, por Ele. A melhor coisa no C\u00e9u \u00e9 o Senhor. Lembre neste \u00faltimo Evangelho Jesus na cruz com S\u00e3o Dimas e diz ainda hoje estar\u00e1 COMIGO no Para\u00edso. Com Ele, tudo se completa. O que \u00e9\u00a0 a nossa casa sem as pessoas que vivem l\u00e1!<\/p>\n<p>Deus n\u00e3o \u00e9 uma figura, um caractere, algo distante. Deus nos abra\u00e7a, Deus \u00e9 apaixonado, Deus \u00e9 Amor\u00a0 e Ele quer nos abra\u00e7ar para sempre no seu Amor. Nosso Cora\u00e7\u00e3o foi feito para mirar para o ORIENTE. N\u00f3s vivemos miramos para o Oriente, pois o Senhor vir\u00e1 um dia pelo Oriente. Do Oriente para Ocidente. Por isso as Igrejas do Oriente, fazem o sinal da Cruz ao contr\u00e1rio que fazemos pois\u00a0 \u00e9 do Oriente pro Ocidente. Quando pegamos as profecias da Jerusal\u00e9m Celeste Vir\u00e1 pela Porta de Ouro! Quando se visita Jerusal\u00e9m podemos ouvir esta profecia de Isaias que o Messias vir\u00e1 pela Porte do Oriente, Pela Porta de Ouro! E Jesus foi o ultimo aclamado antes da destrui\u00e7\u00e3o de Jerusal\u00e9m que entrou aclamado pela Porta do Oriente.<\/p>\n<p>Mas para mantermos como os olhos no Oriente, no c\u00e9u, ficamos com Santo Tomas de Aquino, o Doutor Ang\u00e9lico, aquele que era t\u00e3o brilhante em Deus que tinha o dom de ter cinco escreventes com ele ditando ao mesmo tempo, tudo o que Deus colocava em seu cora\u00e7\u00e3o e em sua mente. Ele com toda esta tremenda sabedoria, um dia ao Celebrar uma Missa viu o V\u00e9u cair, e\u00a0 o pr\u00f3prio Jesus se apresenta para Ele ap\u00f3s a consagra\u00e7\u00e3o, pessoalmente. Daquele momento em diante, o homem mais s\u00e1bio da Igreja em todos os tempos, se volta para os seus cinco escreventes e diz: Tudo o que eu escrevi at\u00e9 hoje \u00e9 um tra\u00e7o diante daquilo que \u00c9. E daquele dia em diante at\u00e9 a sua morte, tr\u00eas meses depois, n\u00e3o escreveu e nem ditou uma s\u00f3 letra.<\/p>\n<p>Para olharmos para o \u00a0Oriente, para aspirarmos pelo encontro com o Senhor que ser\u00e1 inimagin\u00e1vel, tentemos dia ap\u00f3s dia fazer todo o nosso olhar n\u00e3o nos desviar do c\u00e9u. S\u00e3o Jo\u00e3o da Cruz disse que para que possamos chegar ao c\u00e9u, devemos sempre ter os olhos l\u00e1 e n\u00e3o no mundo. Pois tudo concorre para o bem daquele que amam a Deus.(Rom 8:28).<\/p>\n<p>Lembre-se que o que vivemos aqui, neste vida terrena, \u00e9 apenas o primeiro cap\u00edtulo de uma hist\u00f3ria que n\u00e3o ter\u00e1 fim, e que cada cap\u00edtulo ser\u00e1 melhor do que o anterior.<\/p>\n<p>Jos\u00e9 Augusto Nasser dos Santos MD e PHD<\/p>\n<p>M\u00e9dico a servi\u00e7o do Senhor<\/p>\n<p>&nbsp;<\/p>\n<p>&nbsp;<\/p>\n","protected":false},"excerpt":{"rendered":"<p>Como ser\u00e1 nossa vida ap\u00f3s a morte. O que vida em Cristo. Como ser\u00e1 a vida eterna. S\u00e3o Tomas de Aquino <a href=\"https:\/\/blog.cancaonova.com\/drnasser\/2016\/11\/26\/saudade-do-ceu-mirar-para-o-oriente-de-onde-vem-o-senhor-jesus-glorioso\/\">Continue lendo <span class=\"meta-nav\">&rarr;<\/span><\/a><\/p>\n","protected":false},"author":2501,"featured_media":1038,"comment_status":"open","ping_status":"open","sticky":false,"template":"","format":"standard","meta":{"_mi_skip_tracking":false,"_monsterinsights_sitenote_active":false,"_monsterinsights_sitenote_note":"","_monsterinsights_sitenote_category":0,"footnotes":""},"categories":[10601],"tags":[16195,16445,2561,50276,31581,11721,19120,25804,17465],"_links":{"self":[{"href":"https:\/\/blog.cancaonova.com\/drnasser\/wp-json\/wp\/v2\/posts\/1037"}],"collection":[{"href":"https:\/\/blog.cancaonova.com\/drnasser\/wp-json\/wp\/v2\/posts"}],"about":[{"href":"https:\/\/blog.cancaonova.com\/drnasser\/wp-json\/wp\/v2\/types\/post"}],"author":[{"embeddable":true,"href":"https:\/\/blog.cancaonova.com\/drnasser\/wp-json\/wp\/v2\/users\/2501"}],"replies":[{"embeddable":true,"href":"https:\/\/blog.cancaonova.com\/drnasser\/wp-json\/wp\/v2\/comments?post=1037"}],"version-history":[{"count":1,"href":"https:\/\/blog.cancaonova.com\/drnasser\/wp-json\/wp\/v2\/posts\/1037\/revisions"}],"predecessor-version":[{"id":1039,"href":"https:\/\/blog.cancaonova.com\/drnasser\/wp-json\/wp\/v2\/posts\/1037\/revisions\/1039"}],"wp:featuredmedia":[{"embeddable":true,"href":"https:\/\/blog.cancaonova.com\/drnasser\/wp-json\/wp\/v2\/media\/1038"}],"wp:attachment":[{"href":"https:\/\/blog.cancaonova.com\/drnasser\/wp-json\/wp\/v2\/media?parent=1037"}],"wp:term":[{"taxonomy":"category","embeddable":true,"href":"https:\/\/blog.cancaonova.com\/drnasser\/wp-json\/wp\/v2\/categories?post=1037"},{"taxonomy":"post_tag","embeddable":true,"href":"https:\/\/blog.cancaonova.com\/drnasser\/wp-json\/wp\/v2\/tags?post=1037"}],"curies":[{"name":"wp","href":"https:\/\/api.w.org\/{rel}","templated":true}]}}