{"id":1044,"date":"2016-11-27T12:17:10","date_gmt":"2016-11-27T14:17:10","guid":{"rendered":"http:\/\/blog.cancaonova.com\/drnasser\/?p=1044"},"modified":"2016-11-27T12:17:45","modified_gmt":"2016-11-27T14:17:45","slug":"subamos-a-montanha-do-senhor","status":"publish","type":"post","link":"https:\/\/blog.cancaonova.com\/drnasser\/2016\/11\/27\/subamos-a-montanha-do-senhor\/","title":{"rendered":"SUBAMOS A MONTANHA DO SENHOR"},"content":{"rendered":"<p><strong><a href=\"http:\/\/blog.cancaonova.com\/drnasser\/files\/2016\/11\/fotogrupopadrepiodespedidaguido9.jpg\"><br \/>\n<\/a> <a href=\"http:\/\/blog.cancaonova.com\/drnasser\/files\/2016\/11\/10514627_640836882651254_1558443024961048590_n.jpg\"><img loading=\"lazy\" decoding=\"async\" class=\"aligncenter size-medium wp-image-1045\" src=\"http:\/\/blog.cancaonova.com\/drnasser\/files\/2016\/11\/10514627_640836882651254_1558443024961048590_n-300x277.jpg\" alt=\"10514627_640836882651254_1558443024961048590_n\" width=\"300\" height=\"277\" srcset=\"https:\/\/blog.cancaonova.com\/drnasser\/files\/2016\/11\/10514627_640836882651254_1558443024961048590_n-300x277.jpg 300w, https:\/\/blog.cancaonova.com\/drnasser\/files\/2016\/11\/10514627_640836882651254_1558443024961048590_n-768x708.jpg 768w, https:\/\/blog.cancaonova.com\/drnasser\/files\/2016\/11\/10514627_640836882651254_1558443024961048590_n.jpg 960w\" sizes=\"(max-width: 300px) 100vw, 300px\" \/><\/a>\u00a0\u00a0\u00a0\u00a0\u00a0<\/strong><\/p>\n<p><strong> SUBAMOS A MONTANHA DO SENHOR<\/strong><\/p>\n<p>&nbsp;<\/p>\n<p><em>A semana termina com a morte de um personagem do mundo pol\u00edtico que deixa este mundo um rastro de inferno. Que nem seus familiares pr\u00f3ximos desejam estar no seu funeral. Que deixa uma marca de persegui\u00e7\u00e3o religiosa em seu pa\u00eds, pouco visto em outras na\u00e7\u00f5es, chegando ao ponto de abolir o Natal pois iria atrapalhar a colheita de a\u00e7\u00facar. Ent\u00e3o, esta pessoa deixou Cuba se subordinar a um atraso cultural e pol\u00edtico que levar\u00e3o anos para se reconstruir. Tudo isso pelo Poder, pela honra e pela Tirania. Querer tirar Deus de um povo para se tornar um deus do povo, eliminando os contr\u00e1rios da maneira mais cruel deste mundo. Mesmo assim, Deus enviou seus ap\u00f3stolos at\u00e9 esta pessoa como Moises fez com o Fara\u00f3 , suplicando liberte meu povo para que possam ir pro deserto Louvar ao Nosso Deus. Oremos pelo povo Cubano.<\/em><\/p>\n<p>Feliz o povo cujo Deus \u00e9 o Senhor. \u00c9 Feliz o povo que o Senhor escolheu por sua heran\u00e7a!<\/p>\n<p>Sobre as leituras deste Primeiro Domingo do Advento, ficamos com Isa\u00edas. Subamos a montanha do Senhor:<\/p>\n<p>\u00c9 a montanha da casa do Senhor, est\u00e1 acima de todas as montanhas do mundo onde Jerusal\u00e9m est\u00e1 , Monte Si\u00e3o. Montanha da Casa do Senhor \u2013 o Templo. O lugar das corretas ora\u00e7\u00f5es. Esta montanha est\u00e1 acima de tudo. A primeira Exorta\u00e7\u00e3o de Isaias, \u00e9 esta montanha a montanha mais alta da sua vida? O local de louvar o Senhor est\u00e1 acima de tudo na sua vida! Ela est\u00e1 acima de seu trabalho, de sua fam\u00edlia, de suas coisas! Se n\u00e3o \u00e9, alguma coisa h\u00e1 de errado com sua vida de Crist\u00e3o. Se n\u00e3o \u00e9 esta a montanha acima de tudo de sua vida, voc\u00ea n\u00e3o estar\u00e1 sabendo\u00a0 que fazer com as outras coisas, prazer, dinheiro, poder. Ent\u00e3o estas coisas te destruir\u00e3o.<\/p>\n<p>Todas as coisas na sua vida privada est\u00e1 na dire\u00e7\u00e3o de DEUS? \u00a0Sua vida familiar est\u00e1 na dire\u00e7\u00e3o de Jerusal\u00e9m, na dire\u00e7\u00e3o do Oriente? Tudo na vida de trabalho, fam\u00edlia e espiritual, paix\u00e3o \u00a0e desejos est\u00e3o buscando acima de tudo em louvar a DEUS? Ou sua vida interior est\u00e1 em confus\u00e3o, ora aqui ora ali, queimando em sentimentos que somente consome todas as suas energias. Caminhos em conflito?<\/p>\n<p>Isaias convoca a todos muitos a escalar a montanha do Senhor! Especialmente os jovens hoje, atrav\u00e9s de toda a m\u00eddia social, que vai fazendo aos poucos uma cultura de valores que n\u00e3o s\u00e3o crist\u00e3os. Nada contra as m\u00eddias, que as usamos para evangelizar, mas ao contr\u00e1rio, ao inv\u00e9s de se encher de informa\u00e7\u00e3o, acaba por n\u00e3o trazer verdadeiros conhecimentos. Pois os conhecimentos necessitam de foco. O assunto que se apresenta e o nosso background que analisa este novo assunto a luz de uma verdadeira interpreta\u00e7\u00e3o e n\u00e3o uma opini\u00e3o de algu\u00e9m que eu apenas fa\u00e7o minha. Ap\u00f3s uma an\u00e1lise cr\u00edtica adequada eu posso concluir se aquilo est\u00e1 na dire\u00e7\u00e3o de Jerusal\u00e9m ou n\u00e3o.<\/p>\n<p>Honra, poder e pr\u00eamios, s\u00e3o coisas que acabam por gerar viol\u00eancia externa ou interna, pois um tem para o resto n\u00e3o. A \u00fanica forma de termos honra, realiza\u00e7\u00e3o e pr\u00eamios em DEUS, traz paz. Somente em Deus \u00e9 poss\u00edvel tudo isso a todos, e n\u00e3o exclusivamente a um. Porque quem se glorie que se glorie no Senhor e n\u00e3o neste mundo.<\/p>\n","protected":false},"excerpt":{"rendered":"<p>Forma\u00e7\u00e3o para este primeiro domingo do Advento de 2016, Subamos a Montanha do Senhor, a Jerusal\u00e9m, Para os montes elevo meus olhos de onde vir\u00e1 meu socorro, o meu socorro vir\u00e1 do meu Senhor <a href=\"https:\/\/blog.cancaonova.com\/drnasser\/2016\/11\/27\/subamos-a-montanha-do-senhor\/\">Continue lendo <span class=\"meta-nav\">&rarr;<\/span><\/a><\/p>\n","protected":false},"author":2501,"featured_media":0,"comment_status":"open","ping_status":"open","sticky":false,"template":"","format":"standard","meta":{"_mi_skip_tracking":false,"_monsterinsights_sitenote_active":false,"_monsterinsights_sitenote_note":"","_monsterinsights_sitenote_category":0,"footnotes":""},"categories":[10601],"tags":[9931,5011,19129,23,8641,160094],"_links":{"self":[{"href":"https:\/\/blog.cancaonova.com\/drnasser\/wp-json\/wp\/v2\/posts\/1044"}],"collection":[{"href":"https:\/\/blog.cancaonova.com\/drnasser\/wp-json\/wp\/v2\/posts"}],"about":[{"href":"https:\/\/blog.cancaonova.com\/drnasser\/wp-json\/wp\/v2\/types\/post"}],"author":[{"embeddable":true,"href":"https:\/\/blog.cancaonova.com\/drnasser\/wp-json\/wp\/v2\/users\/2501"}],"replies":[{"embeddable":true,"href":"https:\/\/blog.cancaonova.com\/drnasser\/wp-json\/wp\/v2\/comments?post=1044"}],"version-history":[{"count":1,"href":"https:\/\/blog.cancaonova.com\/drnasser\/wp-json\/wp\/v2\/posts\/1044\/revisions"}],"predecessor-version":[{"id":1046,"href":"https:\/\/blog.cancaonova.com\/drnasser\/wp-json\/wp\/v2\/posts\/1044\/revisions\/1046"}],"wp:attachment":[{"href":"https:\/\/blog.cancaonova.com\/drnasser\/wp-json\/wp\/v2\/media?parent=1044"}],"wp:term":[{"taxonomy":"category","embeddable":true,"href":"https:\/\/blog.cancaonova.com\/drnasser\/wp-json\/wp\/v2\/categories?post=1044"},{"taxonomy":"post_tag","embeddable":true,"href":"https:\/\/blog.cancaonova.com\/drnasser\/wp-json\/wp\/v2\/tags?post=1044"}],"curies":[{"name":"wp","href":"https:\/\/api.w.org\/{rel}","templated":true}]}}