{"id":1072,"date":"2017-01-08T19:07:13","date_gmt":"2017-01-08T21:07:13","guid":{"rendered":"http:\/\/blog.cancaonova.com\/drnasser\/?p=1072"},"modified":"2017-01-08T19:07:13","modified_gmt":"2017-01-08T21:07:13","slug":"formacao-da-epifania-do-senhor-luz-que-ilumina-o-mundo","status":"publish","type":"post","link":"https:\/\/blog.cancaonova.com\/drnasser\/2017\/01\/08\/formacao-da-epifania-do-senhor-luz-que-ilumina-o-mundo\/","title":{"rendered":"FORMA\u00c7\u00c3O DA EPIFANIA DO SENHOR, LUZ QUE ILUMINA O MUNDO"},"content":{"rendered":"<p><a href=\"http:\/\/blog.cancaonova.com\/drnasser\/files\/2016\/11\/10514627_640836882651254_1558443024961048590_n.jpg\"><img loading=\"lazy\" decoding=\"async\" class=\"aligncenter size-medium wp-image-1045\" src=\"http:\/\/blog.cancaonova.com\/drnasser\/files\/2016\/11\/10514627_640836882651254_1558443024961048590_n-300x277.jpg\" alt=\"10514627_640836882651254_1558443024961048590_n\" width=\"300\" height=\"277\" srcset=\"https:\/\/blog.cancaonova.com\/drnasser\/files\/2016\/11\/10514627_640836882651254_1558443024961048590_n-300x277.jpg 300w, https:\/\/blog.cancaonova.com\/drnasser\/files\/2016\/11\/10514627_640836882651254_1558443024961048590_n-768x708.jpg 768w, https:\/\/blog.cancaonova.com\/drnasser\/files\/2016\/11\/10514627_640836882651254_1558443024961048590_n.jpg 960w\" sizes=\"(max-width: 300px) 100vw, 300px\" \/><\/a><\/p>\n<p>&nbsp;<\/p>\n<p>A experi\u00eancia entre e chegada da Luz no dia da Epifania, o que ilumina o mundo. A chegada segundo Isaias profetizou sobre o Monte Si\u00e3o. Tudo se ilumina sobre aquele lugar em Bethelem. Israel sempre soube que sua na\u00e7\u00e3o era privilegiada, pois foram o povo no mundo que reconheceu o Deus \u00fanico e o Deus que se comunicava com seu povo e era Bom. Pois o mundo tinha muitos deuses mas nenhuma era bom, nem tratava o povo com Amor.<\/p>\n<p>Israel n\u00e3o considerava que outros povos ansiavam pelo Deus de Israel e que Deus iria se manifestar\u00a0 em Israel com toda a filosofia, arte, ci\u00eancia e religi\u00e3o. Tudo iria se complementar na luz que ilumina Israel. Pois Isaias profetizava 600 anos antes de Cristo pelo que viria se manifestar neste evento extraordin\u00e1rio chamada Epifania. Luz das na\u00e7\u00f5es e n\u00e3o somente de Israel, Emanuel estava aqui e pisava a terra.<\/p>\n<p>Jesus n\u00e3o \u00e9 um professor s\u00e1bio de religi\u00e3o. Ele \u00e9 o LOGOS, palavra que se fez carne. Divina mente, o grande padr\u00e3o, Luz de Israel. A Intelig\u00eancia e Sabedoria que todas as coisas foram criadas. Ent\u00e3o toda a tentativa religiosa que se levanta no mundo na verdade buscava e seria totalmente realizada em Cristo. Por isso que Conf\u00fancio, Buda, Zoroastro, Arist\u00f3teles, Plat\u00e3o e todos os \u00a0fil\u00f3sofos e fundadores de religi\u00e3o buscavam se realiza em Cristo. Jesus n\u00e3o \u00e9 um filosofo entre muitos. Jesus \u00e9 a Palavra que se fez carne. A Mente Divina. O grande padr\u00e3o. A Sabedoria atrav\u00e9s de que tudo foi criado. Tudo se dirige na sua dire\u00e7\u00e3o. Tudo se complementa Nele. Luz de Israel.<\/p>\n<p>Os tr\u00eas S\u00e1bios (magos) s\u00e3o representantes de tr\u00eas representantes todas as formas de cultura, ci\u00eancia, intelectual , religi\u00e3o que coexistiam no mundo que vem neste grande dia&#8230;Buscando quem! A luz do mundo \u00a0! Eles n\u00e3o eram tr\u00eas pastores simples que os anjos encontram na noite de Natal. Eles s\u00e3o os representantes de toda a intelig\u00eancia que habitava o mundo e que ao mesmo tempo alcan\u00e7aram o exato local onde se manifestaria a Luz das Na\u00e7\u00f5es.<\/p>\n<p>Celebremos neste dia a Profecia de Isaias que a Luz vem e Ilumina todo o mundo. Isto n\u00e3o \u00e9 Imperialismo religioso, mas o preenchimento de toda a necessidade que todo ser humano em todo o mundo necessita em cada cora\u00e7\u00e3o.<\/p>\n","protected":false},"excerpt":{"rendered":"<p>Forma\u00e7\u00e3o sobre a Epifania, a luz que ilumina o mundo&#8230;Manifesta\u00e7\u00e3o de Deus sobre a Terra <a href=\"https:\/\/blog.cancaonova.com\/drnasser\/2017\/01\/08\/formacao-da-epifania-do-senhor-luz-que-ilumina-o-mundo\/\">Continue lendo <span class=\"meta-nav\">&rarr;<\/span><\/a><\/p>\n","protected":false},"author":2501,"featured_media":0,"comment_status":"open","ping_status":"open","sticky":false,"template":"","format":"standard","meta":{"_mi_skip_tracking":false,"_monsterinsights_sitenote_active":false,"_monsterinsights_sitenote_note":"","_monsterinsights_sitenote_category":0,"footnotes":""},"categories":[10601],"tags":[5011,19129,36876,23,160120,160119],"_links":{"self":[{"href":"https:\/\/blog.cancaonova.com\/drnasser\/wp-json\/wp\/v2\/posts\/1072"}],"collection":[{"href":"https:\/\/blog.cancaonova.com\/drnasser\/wp-json\/wp\/v2\/posts"}],"about":[{"href":"https:\/\/blog.cancaonova.com\/drnasser\/wp-json\/wp\/v2\/types\/post"}],"author":[{"embeddable":true,"href":"https:\/\/blog.cancaonova.com\/drnasser\/wp-json\/wp\/v2\/users\/2501"}],"replies":[{"embeddable":true,"href":"https:\/\/blog.cancaonova.com\/drnasser\/wp-json\/wp\/v2\/comments?post=1072"}],"version-history":[{"count":1,"href":"https:\/\/blog.cancaonova.com\/drnasser\/wp-json\/wp\/v2\/posts\/1072\/revisions"}],"predecessor-version":[{"id":1073,"href":"https:\/\/blog.cancaonova.com\/drnasser\/wp-json\/wp\/v2\/posts\/1072\/revisions\/1073"}],"wp:attachment":[{"href":"https:\/\/blog.cancaonova.com\/drnasser\/wp-json\/wp\/v2\/media?parent=1072"}],"wp:term":[{"taxonomy":"category","embeddable":true,"href":"https:\/\/blog.cancaonova.com\/drnasser\/wp-json\/wp\/v2\/categories?post=1072"},{"taxonomy":"post_tag","embeddable":true,"href":"https:\/\/blog.cancaonova.com\/drnasser\/wp-json\/wp\/v2\/tags?post=1072"}],"curies":[{"name":"wp","href":"https:\/\/api.w.org\/{rel}","templated":true}]}}