{"id":1119,"date":"2017-03-24T13:03:09","date_gmt":"2017-03-24T16:03:09","guid":{"rendered":"http:\/\/blog.cancaonova.com\/drnasser\/?p=1119"},"modified":"2017-03-24T13:03:09","modified_gmt":"2017-03-24T16:03:09","slug":"deus-quer-preencher-seu-coracao-novamente-quaresma-parte-iii-indesejados","status":"publish","type":"post","link":"https:\/\/blog.cancaonova.com\/drnasser\/2017\/03\/24\/deus-quer-preencher-seu-coracao-novamente-quaresma-parte-iii-indesejados\/","title":{"rendered":"DEUS QUER PREENCHER SEU CORA\u00c7\u00c3O NOVAMENTE : QUARESMA PARTE III  INDESEJADOS"},"content":{"rendered":"<p><a href=\"http:\/\/blog.cancaonova.com\/drnasser\/files\/2017\/01\/3-aracanjos.jpg\"><img loading=\"lazy\" decoding=\"async\" class=\"aligncenter size-full wp-image-1067\" src=\"http:\/\/blog.cancaonova.com\/drnasser\/files\/2017\/01\/3-aracanjos.jpg\" alt=\"\" width=\"200\" height=\"244\" \/><\/a><\/p>\n<p>Quantas vezes em nossa vida n\u00f3s olhamos para n\u00f3s mesmos e dizemos: &#8211; N\u00e3o era assim que eu imaginava estar hoje! Eu nunca pensei que era esta a hist\u00f3ria da minha vida. S\u00e3o nossas feridas. Sobre isso vamos discutir AGORA. Todo este tempo de Quaresma nos leva a buscar o Senhor para sermos preenchidos pelo Amor de Deus que d\u00e1 nome no que sentimos e ordena os nossos sentimentos.<br \/>\nTodas estas hist\u00f3rias sobre nossas feridas, nos remete ao livro do G\u00eanesis! Quando n\u00f3s voltamos a pensar que n\u00e3o confiamos mais em Deus.<br \/>\nFerida contra a Confian\u00e7a! Todos n\u00f3s pensamos e passamos por isso. Nosso problema n\u00e3o \u00e9 ser mal, mas sermos feridos. Quantos de n\u00f3s vivemos esta ilus\u00e3o de que para sermos amados precisamos ser bonitos, simp\u00e1ticos, inteligentes, corajosos, cheios de sucesso&#8230;Mas se n\u00e3o somos assim, n\u00e3o seremos amados pois seremos Rejeitados, Indesejados.<br \/>\nA Isl\u00e2ndia eliminou S\u00edndrome de Down no pa\u00eds, que \u00e9 uma ilha, pois \u00e9 dever abortar todos. Nos EUA 90% dos descobertos intra-\u00fatero s\u00e3o mortos, pois \u00e9 assim que agem os planejadores familiares. No Reino Unido 95% s\u00e3o abortados. Pois se n\u00e3o s\u00e3o bonitos, s\u00e3o eliminados, isso \u00e9 Eugenismo.<br \/>\nPor outro lado um estudo de Harvard mostra que quase todos os Down s\u00e3o felizes. Mas n\u00e3o \u00e9 assim que o mundo de hoje os v\u00ea. O mundo do perfeito, do corpo ideal, de gente que esconde suas feridas n\u00e3o tem tempo para observar os exclu\u00eddos, pois seu eu os excluo me eximo de ter de am\u00e1-los. Pois os que aparecem com defeitos vis\u00edveis s\u00e3o indesej\u00e1veis. Pois ningu\u00e9m quer saber sobre voc\u00ea, ningu\u00e9m quer se envolver contigo. Relacionar com pessoas com defici\u00eancias e defeitos significa comprometimento. A que ponto o mundo est\u00e1 chegando. O mundo dos que escondem suas feridas, pois todos temos. E n\u00e3o somos capazes de esconder para sempre estas feridas. E Jesus Cristo hoje se aproxima de voc\u00ea e diz: &#8211; Olhe para si, aponte todas as suas feridas, eu quero te curar e te livrar do mundo das apar\u00eancias, do mundo do se \u00e9 belo \u00e9 bom.<br \/>\nVergonha e culpa s\u00e3o muito diferentes. Vergonha \u00e9 altamente correlacionada com dist\u00farbios alimentares, depress\u00e3o, baixa estima, ansiedade, suic\u00eddio, pois revela o que somos. Qu\u00e3o pobres n\u00f3s somos. Culpa pelo contr\u00e1rio \u00e9 algo externo a n\u00f3s. Vergonha \u00e9 assim, como eu sou e me paralisa. N\u00e3o h\u00e1 escapat\u00f3ria para a vergonha. Culpa \u00e9 poderosa, pois quando assumimos, ganhamos poder. Vergonha significas que n\u00e3o temos mais poder. Podemos ser manipulados por outros , quando a vergonha nos domina. A culpa nos d\u00e1 for\u00e7a ao assumirmos para galgar passos mais altos.<br \/>\nJesus e a Samaritana \u00e9 o encontro do Evangelho Jo\u00e3o 4. Encontro de Jesus com algu\u00e9m que vem ao meio dia ao po\u00e7o, para pegar \u00e1gua, pois somente os marginais viriam esta hora que ningu\u00e9m vem. Jesus ignora que ela \u00e9 samaritana, marginalizada e ainda d\u00e1 nome a vergonha dela: Chame seu esposo!. Ele conhece os cora\u00e7\u00f5es. Ele olha dentro dela e diz voc\u00ea teve v\u00e1rios esposos agora est\u00e1 com algu\u00e9m que n\u00e3o \u00e9 seu. Quantas feridas esta mulher tinha, quanta Vergonha! Vivia j\u00e1 a falsidade que muitos vivem hoje. Quantas mulheres e homens fingem um relacionamento com suas feridas, dizendo em muitos relacionamentos e dizendo agora achei o meu ou minha cara metade. Mas na verdade os dois est\u00e3o usando um ou outro. Usam inclusive fisicamente, usando seu corpo. A cultura do ser \u00fatil, atualmente e quando n\u00e3o \u00e9 mais \u00fatil descarta.<br \/>\nJesus se aproxima e entra dentro da vergonha da Samaritana e revela a ela que ela \u00e9 DESEJADA e AMADA, n\u00e3o por homem mas pelo AMOR ETERNO. S\u00f3 o amor de um Deus Amor \u00e9 capaz de curar nossas vergonhas e nos libertar de nossos momentos de esconderijo humano.<br \/>\nA historia de Santa Margarida de Castela, revela uma mulher deformada desde o nascimento, rejeitada pela sua fam\u00edlia Real, criada com os empregados. Deformada, corcunda, sindr\u00f4mica e ainda cega. Mas ela era guiada pela m\u00e3o de Deus, que a fazia inteligente, brilhante, doce e am\u00e1vel. Dos seis anos at\u00e9 15 anos morou dentro de uma Igreja, para se isolar de todos, mas n\u00e3o de Deus. O Padre a educava dia a ap\u00f3s dia. Margarida sabia que era Indesejada. Mas Margarida ouviu que Deus a tinha criado e a desejou desde o ventre materno. Ela ouviu que o cora\u00e7\u00e3o dela pertencia a Deus e que Deus queria que ela o amasse de todo cora\u00e7\u00e3o, e que n\u00e3o importa o quanto sua fam\u00edlia a rejeitasse, Deus a amava. Pois o sentido da vida dela era o AMOR. Mesmo depois que sua fam\u00edlia tirou esta menina das m\u00e3os do Padre e a abandonou nas ruas de uma cidade distante, e l\u00e1 ela pode ser Margarida, com palavras de ci\u00eancia aos sofridos e obras de caridade. Ela se tornou Santa Margarida de Castela, que todos naquela regi\u00e3o amavam.<br \/>\nNossa vergonha nos faz escondermos. Nossa vergonha nos faz nos esconder de todos com medo de que se souberem da nossa vergonha n\u00e3o ir\u00e3o mais nos amar. Assim \u00e9 em v\u00e1rias regi\u00f5es da \u00c1frica onde as meninas s\u00e3o tomadas em sua adolesc\u00eancia e s\u00e3o levadas para a selva, por semanas abusadas. Mas suas tribos, quando elas retornam fazem uma enorme roda e as amam. Festejam porque elas est\u00e3o de volta, vivas. Mesmo que elas n\u00e3o queiram suas vergonhas expostas j\u00e1 est\u00e3o expostas e mesmo assim todos as amam.<br \/>\nAssim \u00e9 a porta do Confession\u00e1rio. Neste local a vergonha \u00e9 morta e enterrada. Nesta Quaresma procure um Confession\u00e1rio. Abra seu cora\u00e7\u00e3o. Deixe o Perd\u00e3o do Senhor retirar de todo o seu interior suas feridas abertas com suas dores, e recomece com o Senhor a nova p\u00e1gina da sua vida. Deus conhece seu cora\u00e7\u00e3o, e mesmo sabendo de todas as suas feridas e vergonhas Ele n\u00e3o para de te amar e me amar. Por que somos DESEJADOS por Quem nos Criou!<br \/>\nA paz do Senhor, o Shalom esteja em todos os cora\u00e7\u00f5es! Para sermos luz para este mundo tenebroso, que atenta dia e noite contra a vida!<\/p>\n","protected":false},"excerpt":{"rendered":"<p>Forma\u00e7\u00e3o sobre Vergonha e Culpa, jO\u00e3o 4 o Encontro que liberta e cura.  <a href=\"https:\/\/blog.cancaonova.com\/drnasser\/2017\/03\/24\/deus-quer-preencher-seu-coracao-novamente-quaresma-parte-iii-indesejados\/\">Continue lendo <span class=\"meta-nav\">&rarr;<\/span><\/a><\/p>\n","protected":false},"author":2501,"featured_media":0,"comment_status":"open","ping_status":"open","sticky":false,"template":"","format":"standard","meta":{"_mi_skip_tracking":false,"_monsterinsights_sitenote_active":false,"_monsterinsights_sitenote_note":"","_monsterinsights_sitenote_category":0,"footnotes":""},"categories":[10601],"tags":[16149,5011,28251,1701,19129,189778,80076,189773,189770,31929,3561,28657,35216,99,21586],"_links":{"self":[{"href":"https:\/\/blog.cancaonova.com\/drnasser\/wp-json\/wp\/v2\/posts\/1119"}],"collection":[{"href":"https:\/\/blog.cancaonova.com\/drnasser\/wp-json\/wp\/v2\/posts"}],"about":[{"href":"https:\/\/blog.cancaonova.com\/drnasser\/wp-json\/wp\/v2\/types\/post"}],"author":[{"embeddable":true,"href":"https:\/\/blog.cancaonova.com\/drnasser\/wp-json\/wp\/v2\/users\/2501"}],"replies":[{"embeddable":true,"href":"https:\/\/blog.cancaonova.com\/drnasser\/wp-json\/wp\/v2\/comments?post=1119"}],"version-history":[{"count":1,"href":"https:\/\/blog.cancaonova.com\/drnasser\/wp-json\/wp\/v2\/posts\/1119\/revisions"}],"predecessor-version":[{"id":1120,"href":"https:\/\/blog.cancaonova.com\/drnasser\/wp-json\/wp\/v2\/posts\/1119\/revisions\/1120"}],"wp:attachment":[{"href":"https:\/\/blog.cancaonova.com\/drnasser\/wp-json\/wp\/v2\/media?parent=1119"}],"wp:term":[{"taxonomy":"category","embeddable":true,"href":"https:\/\/blog.cancaonova.com\/drnasser\/wp-json\/wp\/v2\/categories?post=1119"},{"taxonomy":"post_tag","embeddable":true,"href":"https:\/\/blog.cancaonova.com\/drnasser\/wp-json\/wp\/v2\/tags?post=1119"}],"curies":[{"name":"wp","href":"https:\/\/api.w.org\/{rel}","templated":true}]}}