{"id":1227,"date":"2017-11-10T20:24:52","date_gmt":"2017-11-10T22:24:52","guid":{"rendered":"http:\/\/blog.cancaonova.com\/drnasser\/?p=1227"},"modified":"2017-11-10T20:24:52","modified_gmt":"2017-11-10T22:24:52","slug":"uma-vida-com-significado-nao-desperdice-sua-vida","status":"publish","type":"post","link":"https:\/\/blog.cancaonova.com\/drnasser\/2017\/11\/10\/uma-vida-com-significado-nao-desperdice-sua-vida\/","title":{"rendered":"UMA VIDA COM SIGNIFICADO ( N\u00c3O DESPERDICE SUA VIDA)"},"content":{"rendered":"<p>&nbsp;<\/p>\n<p><a href=\"http:\/\/blog.cancaonova.com\/drnasser\/files\/2017\/03\/Dr.-Nasser-e-Guido.jpg\"><img loading=\"lazy\" decoding=\"async\" class=\"aligncenter size-medium wp-image-1116\" src=\"http:\/\/blog.cancaonova.com\/drnasser\/files\/2017\/03\/Dr.-Nasser-e-Guido-225x300.jpg\" alt=\"\" width=\"225\" height=\"300\" srcset=\"https:\/\/blog.cancaonova.com\/drnasser\/files\/2017\/03\/Dr.-Nasser-e-Guido-225x300.jpg 225w, https:\/\/blog.cancaonova.com\/drnasser\/files\/2017\/03\/Dr.-Nasser-e-Guido-768x1024.jpg 768w, https:\/\/blog.cancaonova.com\/drnasser\/files\/2017\/03\/Dr.-Nasser-e-Guido-150x200.jpg 150w, https:\/\/blog.cancaonova.com\/drnasser\/files\/2017\/03\/Dr.-Nasser-e-Guido.jpg 1024w\" sizes=\"(max-width: 225px) 100vw, 225px\" \/><\/a><\/p>\n<p>&nbsp;&nbsp;&nbsp;&nbsp;&nbsp;&nbsp;&nbsp;&nbsp;&nbsp;&nbsp;&nbsp;&nbsp;&nbsp;&nbsp;&nbsp;&nbsp;&nbsp;&nbsp;&nbsp;&nbsp;&nbsp;&nbsp;&nbsp;&nbsp;&nbsp;&nbsp;&nbsp;&nbsp;&nbsp;&nbsp;&nbsp;&nbsp;&nbsp;&nbsp;&nbsp;&nbsp;&nbsp;&nbsp;<\/p>\n<p>&nbsp;&nbsp;&nbsp;&nbsp;&nbsp;&nbsp;&nbsp;&nbsp;&nbsp;&nbsp;&nbsp; Quando falamos sobre viver uma vida com significado, tenho que mencionar a vida do Guido Schaffer, Servo de Deus e no caminho da sua Beatifica\u00e7\u00e3o. Terminando sua resid\u00eancia em Cl\u00ednica M\u00e9dica passa a dedicar sua vida aos pobres. Guido nunca recebeu remunera\u00e7\u00e3o por seu trabalho pois fazia por amor incondicional a Jesus. A vida do Guido tinha significado. &nbsp;Guido j\u00e1 havia deixado a medicina e ingressado no Semin\u00e1rio para ser Sacerdote quando recebeu o chamado do c\u00e9u e voltou para Deus, poderia olhar os dias de sua vida e mesmo diante de tanta coisa significativa que fez pelos marginalizados, ultrajados, abandonados, prostitu\u00cddos, doentes, enfermos, cativos, feridos, e mesmo assim se arrependeria dos momentos em que desperdi\u00e7ou a sua vida em coisas que n\u00e3o o levou a lugar nenhum. Momentos estes que considero aqui como passividade. Isso foi para uma pessoa que foi um aut\u00eantico mission\u00e1rio. Mas o mundo iria olhar Guido e dizer que desperd\u00edcio de rapaz! Um cara bonito, inteligente, culto, saud\u00e1vel, fazendo tudo isso para qu\u00ea? Qual o prop\u00f3sito disso? Que hist\u00f3ria \u00e9 essa de servir Jesus Cristo? Essa Igreja que est\u00e1 sendo t\u00e3o criticada? O que para o mundo \u00e9 desperd\u00edcio de vida, para Deus \u00e9 vida com Significado! Viver e fazer da sua vida uma eterna doa\u00e7\u00e3o, vida com Responsabilidade! Santo In\u00e1cio de Loiola dizia que dever\u00edamos fazer tudo como se f\u00f4ssemos os \u00fanicos respons\u00e1veis! Quanto ferida ter\u00edamos evitado, em n\u00e3o esperar do outro e assumir a nossa responsabilidade, assim como Madre Teresa de Calcut\u00e1 e tantos outros Santos.<\/p>\n<p>&nbsp;&nbsp;&nbsp;&nbsp;&nbsp;&nbsp;&nbsp;&nbsp;&nbsp;&nbsp;&nbsp;&nbsp;&nbsp;&nbsp;&nbsp;&nbsp;&nbsp;&nbsp;&nbsp;&nbsp;&nbsp;&nbsp; Honestamente, o que estamos fazendo hoje em nossas vidas \u00e9 desperdi\u00e7ar nossas vidas. N\u00f3s estamos vivendo e morrendo, existindo, apenas passivamente olhando nossas vidas. Hoje com a minha idade posso olhar minha vida e ver quanto desperdi\u00e7o. Que desperdi\u00e7o. Recebemos tantos dons de Deus em nossa vida, conhecimento, sabedoria e de repente paramos de agir, de tomar nossas vidas em um ato de doa\u00e7\u00e3o! No tempo em que eu caminhava com Guido t\u00ednhamos muitos afazeres em Deus, mas tempo depois de sua morte, talvez eu tenha esmorecido e deixado de comunicar aquilo que recebi da maneira como deveria, e penso hoje comigo, que desperdi\u00e7o! Mas muitas coisas aconteceram no meu caminho, e o Senhor sabe e tem me direcionado novamente para aquilo que Ele deseja que eu fa\u00e7a. Mas sem pensar em toda a minha vida, \u00e9 claro como n\u00e3o pensar em quanto tempo fui passivo numa vida sem real valor. O mundo nos faz ficar assim se olhamos para ele, pois ele quer que nossas vidas n\u00e3o tenham significado e por isso possamos fazer o que nos der na cabe\u00e7a, assim como os ateus que n\u00e3o conhecem a Deus. E se n\u00e3o conhecemos a Deus, n\u00e3o temos a inten\u00e7\u00e3o de agir, pois o Amor nos faz agir, e Deus \u00e9 amor!<\/p>\n<p>&nbsp;&nbsp;&nbsp;&nbsp;&nbsp;&nbsp;&nbsp;&nbsp;&nbsp;&nbsp;&nbsp;&nbsp;&nbsp;&nbsp;&nbsp;&nbsp;&nbsp;&nbsp;&nbsp;&nbsp;&nbsp;&nbsp; Voc\u00ea entrou na faculdade cheio de sonhos e expectativas e agora voc\u00ea est\u00e1 nos anos seguintes e olha para seu tempo de forma\u00e7\u00e3o e nota que tem desperdi\u00e7ado este tempo. Neste tempo de ser o protagonista da sua vida voc\u00ea tem deixado o em torno agir sobre voc\u00ea e tem sido apenas um observador da sua vida, passivo e n\u00e3o um protagonista. Mas a boa not\u00edcia \u00e9: Voc\u00ea pode mudar sua vida a partir de hoje. A partir de hoje voc\u00ea pode come\u00e7ar a viver uma vida de Significado, de valor! H\u00e1 algo em voc\u00ea desenhado pelo Criador que faz de voc\u00ea ter significado. Vida com valor e significado j\u00e1 te colocada na vida com Objetivo. Muitas vezes n\u00f3s olhamos para n\u00f3s mesmos e vemos esta imagem de coisas muito peculiares para n\u00f3s e gostamos de ver coisas que poderemos fazer, mas poucos de n\u00f3s presta aten\u00e7\u00e3o nesta vis\u00e3o e apenas alguns de n\u00f3s AGEM nesta vis\u00e3o para coloc\u00e1-la em servi\u00e7o. Vida com <strong>PROP\u00d3SITO,<\/strong> isso significa que este prop\u00f3sito faz dele seu <strong>OBJETIVO<\/strong>! <strong>Aquele dia em que voc\u00ea decide buscar e fazer de tudo para alcan\u00e7ar este objetivo.<\/strong><\/p>\n<p>&nbsp;&nbsp;&nbsp;&nbsp;&nbsp;&nbsp;&nbsp;&nbsp;&nbsp;&nbsp;&nbsp;&nbsp;&nbsp;&nbsp;&nbsp;&nbsp;&nbsp;&nbsp;&nbsp;&nbsp;&nbsp;&nbsp; &nbsp;Muitos jovens hoje v\u00e3o para a faculdade por algu\u00e9m disse que depois do ensino m\u00e9dio tem que ir para a faculdade. Voc\u00ea escolhe dentro da faculdade uma profiss\u00e3o porque algu\u00e9m disse que era para ser assim e a profiss\u00e3o uma especializa\u00e7\u00e3o porque algu\u00e9m falou para ser assim e depois casar e ter filhos porque algu\u00e9m disse que era assim e vamos fazendo as coisas passo a passo sem parar para pensar que, muitas vezes estamos sendo conduzidos, n\u00e3o porque n\u00f3s decidimos procurar estes caminhos, &nbsp;mas porque algu\u00e9m disse que era assim, mesmo que n\u00e3o estejamos onde n\u00f3s amamos estar, porque somente iremos amar estar onde Deus quiser que estejamos. <strong><u>Todas as coisas acima s\u00e3o boas, desde que sejam por n\u00f3s abra\u00e7adas e n\u00e3o porque as coisas nos abra\u00e7aram<\/u><\/strong>. Abra\u00e7ar quer dizer <strong>ter significado.<\/strong><\/p>\n<p>&nbsp;&nbsp;&nbsp;&nbsp;&nbsp;&nbsp;&nbsp;&nbsp;&nbsp;&nbsp;&nbsp;&nbsp;&nbsp;&nbsp;&nbsp;&nbsp;&nbsp;&nbsp;&nbsp;&nbsp;&nbsp;&nbsp; Ate\u00edsmo quer comunicar que todo este mundo \u00e9 um acidente. \u00c9 a vis\u00e3o niilista de tudo. Por isso se justifica fazer tudo aquilo que voc\u00ea quer fazer e nada tem valor. Este \u00e9 problema. Por outro lado, quando se cr\u00ea, tudo em volta tem significado e valor. <em>Em Niilismo e ate\u00edsmo voc\u00ea n\u00e3o tem nada a perder, mas n\u00e3o tem nada a ganhar.<\/em> <strong><u>Por outro lado, quando se cr\u00ea, voc\u00ea pode at\u00e9 perder mas ganhar\u00e1 muito mais, pois crescer\u00e1 com isso.<\/u><\/strong> E tudo o que voc\u00ea faz respeita o que est\u00e1 em volta. Mesmo quando voc\u00ea perde, voc\u00ea cresce! Isso significa um ganho maior. Assim sendo assim n\u00e3o posso mais ser passivo em rela\u00e7\u00e3o a vida!<\/p>\n<p>&nbsp;&nbsp;&nbsp;&nbsp;&nbsp;&nbsp;&nbsp;&nbsp;&nbsp;&nbsp;&nbsp;&nbsp;&nbsp;&nbsp;&nbsp;&nbsp;&nbsp;&nbsp;&nbsp;&nbsp;&nbsp;&nbsp; Quando falamos sobre relacionamento, ou seja, em jovens que se decidem viver um relacionamento e tamb\u00e9m se contrair em matrim\u00f4nio, algo muito importante precisa ser apresentado a eles, pois faz toda a diferen\u00e7a. Certas reflex\u00f5es v\u00e3o faz\u00ea-los parar para pensar para n\u00e3o cometer os erros de outros. Uma das coisas que precisa ser real\u00e7ado aqui, \u00e9 que todos homens e mulheres t\u00eam suas feridas. Mesmo que j\u00e1 sejam pessoas que trabalham bem suas feridas, j\u00e1 tem inclusive um autoconhecimento adequado, quando a palavra \u00e9 relacionamento algo maior vir\u00e1. Muitos de n\u00f3s cometemos erros inerentes a n\u00e3o colocar as coisas nos devidos lugares, ou seja, o homem em tudo fica querendo deixar que a mulher decida, exemplificando: &#8211; o que voc\u00ea quiser querida&#8230;Do jeito que voc\u00ea quiser querida e assim vai, <strong>este \u00e9 o lado Passivo masculino<\/strong> em detrimento do n\u00e3o conflito. O <strong>segundo lado \u00e9 a mulher tomando o controle<\/strong> para fazer tudo que ter que ser feito. <strong>Controle feminino<\/strong> \u00e9 a palavra do momento. As frases femininas bem comuns: &#8211; Deixa que eu resolvo, este \u00e9 o problema ent\u00e3o deixa comigo. O objetivo \u00e9 que tudo permane\u00e7a perfeito. Mas como tudo aquilo que n\u00e3o se conduz da forma justa acontece \u00e9 que vai desgastando e um dia, o homem acorda e pensa, como n\u00e3o tenho controle em casa, porque as coisas aqui n\u00e3o est\u00e3o do meu agrado, porque que ningu\u00e9m me consulta para tomar as decis\u00f5es e do lado da mulher vem: &#8211; Porque ele n\u00e3o faz nada , n\u00e3o toma as decis\u00f5es e assim gestam os conflitos. Este arranjo inicial foi de certa forma confort\u00e1vel para ambos os lados mas agora vem o conflito, pois se tornou tenso e agora, o que fazer? Na vida e no relacionamento passividade \u00e9 uma confort\u00e1vel forma de se eximir de RESPONSABILIDADE! Isso \u00e9 grave. Muito atual esta reflex\u00e3o. O objetivo n\u00e3o \u00e9 rejeitar passividade para ter controle, <strong><u>o objetivo \u00e9 rejeitar passividade e abra\u00e7ar Responsabilidade!<\/u><\/strong> Como \u00e9 bom fazer isso antes de se relacionar! Depois \u00e9 continuidade. N\u00e3o basta ter a vis\u00e3o, a percep\u00e7\u00e3o, mas a\u00e7\u00e3o. <strong><u>H\u00e1 que se ter A\u00c7\u00c3O NA REALIZA\u00c7\u00c3O DAS COISAS!<\/u><\/strong> Transformar as coisas em coisas reais. As pessoas mais felizes desta vida s\u00e3o aquelas que as vezes nem est\u00e3o t\u00e3o pr\u00f3ximas de atingir seus objetivos, mas est\u00e3o no caminho e isso por si j\u00e1 traz alegria, verdadeira alegria. Quando estas pessoas descobrem as verdadeiras inten\u00e7\u00f5es de Deus nas suas vidas, v\u00e3o muito al\u00e9m at\u00e9 do que est\u00e3o vendo, e v\u00e3o feliz. Deus precisa que n\u00f3s tomemos nosso caminho e coloquemos a\u00e7\u00e3o naquilo que Ele coloca no nosso cora\u00e7\u00e3o.&nbsp; Onde Ele nos colocar, onde tenhamos que ir, n\u00e3o para resolver problema, mas fazer o que nos \u00e9 chamado a fazer. N\u00e3o adianta ir ao Sistema de Sa\u00fade, ao Sistema Pol\u00edtico, ao Sistema Financeiro para resolver os problemas que est\u00e3o l\u00e1, antes de tudo precisamos ir dentro de n\u00f3s e resolver o nosso interior, para depois ir para o exterior. Esta \u00e9 uma grande diferen\u00e7a entre o Ocidente e o Oriente, pois todas as revolu\u00e7\u00f5es feitas no Ocidente foram feitas com Guerra, com atos externos, para mudar o sistema, mudar outras pessoas.<\/p>\n<p><strong><u>No Oriente a revolu\u00e7\u00e3o \u00e9 no interior das pessoas<\/u><\/strong>, os japoneses dizem que a Revolu\u00e7\u00e3o Interior \u00e9 a que mais dar\u00e1 frutos para toda a sociedade. Comece com a revolu\u00e7\u00e3o dentro de voc\u00ea, mudando as coisas que n\u00e3o deveriam estar l\u00e1 dentro. &nbsp;A revolu\u00e7\u00e3o exterior faz com que as pessoas se tornem m\u00e1s, iradas, c\u00ednicas, hip\u00f3critas.<\/p>\n<p>Na d\u00e9cada de 60 houve o Concilio Vaticano II, claro que h\u00e1 uma boa parte positiva nele, e se perguntamos hoje as pessoas que eram muito dedicadas na Igreja naquela \u00e9poca quando aconteceu, e que ficaram muito empolgadas com ele na \u00e9poca, hoje preferem n\u00e3o opinar sobre o assunto ou est\u00e3o muito furiosas com a Igreja. Pois a mensagem da \u00e9poca era de que a Igreja iria mudar para que as pessoas mudassem. Acontece, que a revolu\u00e7\u00e3o exterior e n\u00e3o de cada pessoa n\u00e3o trouxe uma mudan\u00e7a para melhor, pelo contr\u00e1rio as pessoas se tornaram c\u00ednicas, arrogantes, hip\u00f3critas e muitos se foram da Igreja. A diferen\u00e7a na \u00e9poca pois a promessa era de que a Igreja iria mudar, e as pessoas iriam mudar e ningu\u00e9m revelou que quem tinha que mudar eram os cora\u00e7\u00f5es das pessoas que fazem parte da Igreja Universal Cat\u00f3lica Apost\u00f3lica Romana. No Evangelho de Domingo Jesus apontava aos fariseus que tinham o controle de tudo, influenciavam a mudan\u00e7a de tudo no exterior e n\u00e3o o interior. Eles tinham tudo nas m\u00e3os em Israel e desperdi\u00e7aram.<\/p>\n<p>Hoje precisamos buscar uma vida com significado. Ent\u00e3o abramos o nosso cora\u00e7\u00e3o com S\u00e3o Paulo, aos Tessalonicenses, que exorta seu povo a n\u00e3o buscar apenas interesses mundanos, mas o tempo todo fazer a vontade de Deus, e cumprir seus des\u00edgnios para um bem maior. N\u00e3o importa o que fa\u00e7amos, excelente emprego, excelente trabalho n\u00e3o \u00e9 o suficiente, mas que &nbsp;&nbsp;rejeitemos passividade e abracemos nossas responsabilidades, pois Deus no convoca a este salto de qualidade na nossa vida e n\u00e3o uma vidinha, um viver aborrecido constantemente apenas deixando para os outros a chave da nossa felicidade. N\u00e3o e n\u00e3o, pois n\u00e3o \u00e9 assim a vontade de Deus a meu e a seu respeito.<\/p>\n<p>Guido viveu sua vida o tempo todo, rejeitando passividade e abra\u00e7ando a responsabilidade de levar a Palavra de Deus a todos, seja com suas prega\u00e7\u00f5es e ora\u00e7\u00f5es, mas com suas a\u00e7\u00f5es em obra de caridade em t\u00e3o pouco tempo indo para o Senhor t\u00e3o cedo. &nbsp;Quantas vezes Guido ia surfar evangelizando, viajando para outras cidades mais distantes evangelizando, diante de todos que Deus colocava em seu caminho. Andando nas ruas de Copacabana, na Lapa, nos becos, estendendo a m\u00e3o em ora\u00e7\u00f5es e a\u00e7\u00f5es aos miser\u00e1veis. Viver assim \u00e9 viver a vida sem desperdi\u00e7o. N\u00e3o podemos viver nossa vida com este tesouro intoc\u00e1vel. Precisamos viver com PROP\u00d3SITO! Por que do contr\u00e1rio n\u00e3o \u00e9 viver, \u00e9 apenas existir. Mesmo que precisamos viver a partir de hoje somente mais um dia e acabar nossa vida amanh\u00e3, ter\u00edamos feito algo a mais, para evitar em n\u00f3s o desperd\u00edcio. Deus n\u00e3o precisa dessas a\u00e7\u00f5es, n\u00f3s sim!<\/p>\n<p>&nbsp;&nbsp;&nbsp;&nbsp;&nbsp;&nbsp;&nbsp;&nbsp;&nbsp;&nbsp;&nbsp;&nbsp;&nbsp;&nbsp;&nbsp;&nbsp;&nbsp;&nbsp;&nbsp;&nbsp;&nbsp;&nbsp;<\/p>\n<p>&nbsp;<\/p>\n<p>&nbsp;&nbsp;&nbsp;&nbsp;&nbsp;&nbsp;&nbsp;&nbsp;&nbsp;&nbsp;&nbsp;&nbsp;&nbsp;&nbsp;&nbsp;&nbsp;&nbsp;&nbsp;&nbsp;&nbsp;&nbsp;&nbsp;<\/p>\n<p>&nbsp;&nbsp;&nbsp;&nbsp;&nbsp;&nbsp;&nbsp;&nbsp;&nbsp;&nbsp;&nbsp;&nbsp;&nbsp;&nbsp;&nbsp;&nbsp;&nbsp;&nbsp;&nbsp;&nbsp;&nbsp;&nbsp;<\/p>\n<p>&nbsp;&nbsp;&nbsp;&nbsp;&nbsp;&nbsp;&nbsp;&nbsp;&nbsp;&nbsp;&nbsp; <strong><u>Oremos:<\/u><\/strong> Abb\u00e1 (Pai) Amado, hoje eu quero te pedir que Sua Destra venha sobre n\u00f3s, revelando em n\u00f3s todos seus planos em nosso caminho. Senhor afasta de n\u00f3s tudo que em n\u00f3s \u00e9 desperd\u00edcio. Tira de n\u00f3s a Passividade e coloque um desejo cont\u00ednuo de assumir nossas responsabilidades. D\u00e1-nos um cora\u00e7\u00e3o Adorador, da sua Palavra e da sua Eucaristia. Afasta de n\u00f3s toda a tibieza, todo o esmorecimento, o des\u00e2nimo. Enchei nossa Alma com o Esp\u00edrito Santo, o D\u00ednamos que no impele a galgar os mais altos degraus de atitudes concretas na constru\u00e7\u00e3o do Seu Reino, para ao chegar a derradeira hora da nossa partida tenhamos combatido o nosso bom combate e assim alcan\u00e7ar a coroa dos Santos! &nbsp;<\/p>\n<p>Pai em tuas m\u00e3os entrego meu cora\u00e7\u00e3o! Cura-me Senhor, Restaura-me Senhor! &nbsp;Am\u00e9m!<\/p>\n","protected":false},"excerpt":{"rendered":"<p>Forma\u00e7\u00e3o sobre Rejeitar Passividade e assumir Responsabilidade. Vida com Significado. N\u00e3o desperdice sua vida.  <a href=\"https:\/\/blog.cancaonova.com\/drnasser\/2017\/11\/10\/uma-vida-com-significado-nao-desperdice-sua-vida\/\">Continue lendo <span class=\"meta-nav\">&rarr;<\/span><\/a><\/p>\n","protected":false},"author":2501,"featured_media":0,"comment_status":"open","ping_status":"open","sticky":false,"template":"","format":"standard","meta":{"_mi_skip_tracking":false,"_monsterinsights_sitenote_active":false,"_monsterinsights_sitenote_note":"","_monsterinsights_sitenote_category":0,"footnotes":""},"categories":[10601],"tags":[64,5011,19129,189912,189910,134572,1031,189898,189907,189904,19293,17700,189908,189909,189906],"_links":{"self":[{"href":"https:\/\/blog.cancaonova.com\/drnasser\/wp-json\/wp\/v2\/posts\/1227"}],"collection":[{"href":"https:\/\/blog.cancaonova.com\/drnasser\/wp-json\/wp\/v2\/posts"}],"about":[{"href":"https:\/\/blog.cancaonova.com\/drnasser\/wp-json\/wp\/v2\/types\/post"}],"author":[{"embeddable":true,"href":"https:\/\/blog.cancaonova.com\/drnasser\/wp-json\/wp\/v2\/users\/2501"}],"replies":[{"embeddable":true,"href":"https:\/\/blog.cancaonova.com\/drnasser\/wp-json\/wp\/v2\/comments?post=1227"}],"version-history":[{"count":1,"href":"https:\/\/blog.cancaonova.com\/drnasser\/wp-json\/wp\/v2\/posts\/1227\/revisions"}],"predecessor-version":[{"id":1228,"href":"https:\/\/blog.cancaonova.com\/drnasser\/wp-json\/wp\/v2\/posts\/1227\/revisions\/1228"}],"wp:attachment":[{"href":"https:\/\/blog.cancaonova.com\/drnasser\/wp-json\/wp\/v2\/media?parent=1227"}],"wp:term":[{"taxonomy":"category","embeddable":true,"href":"https:\/\/blog.cancaonova.com\/drnasser\/wp-json\/wp\/v2\/categories?post=1227"},{"taxonomy":"post_tag","embeddable":true,"href":"https:\/\/blog.cancaonova.com\/drnasser\/wp-json\/wp\/v2\/tags?post=1227"}],"curies":[{"name":"wp","href":"https:\/\/api.w.org\/{rel}","templated":true}]}}