{"id":1253,"date":"2017-12-21T23:35:30","date_gmt":"2017-12-22T01:35:30","guid":{"rendered":"http:\/\/blog.cancaonova.com\/drnasser\/?p=1253"},"modified":"2017-12-21T23:35:30","modified_gmt":"2017-12-22T01:35:30","slug":"aqui-e-agora-terceira-reflexao-do-advento","status":"publish","type":"post","link":"https:\/\/blog.cancaonova.com\/drnasser\/2017\/12\/21\/aqui-e-agora-terceira-reflexao-do-advento\/","title":{"rendered":"AQUI E AGORA ( TERCEIRA REFLEX\u00c3O DO ADVENTO)"},"content":{"rendered":"<p><a href=\"http:\/\/blog.cancaonova.com\/drnasser\/files\/2017\/08\/semeando_dons_embreve-218x300.jpg\"><img loading=\"lazy\" decoding=\"async\" class=\"aligncenter size-medium wp-image-1185\" src=\"http:\/\/blog.cancaonova.com\/drnasser\/files\/2017\/08\/semeando_dons_embreve-218x300-218x300.jpg\" alt=\"\" width=\"218\" height=\"300\"\/><\/a><\/p>\n<p>&nbsp;<\/p>\n<p>&nbsp;&nbsp;&nbsp;&nbsp;&nbsp;&nbsp;&nbsp;&nbsp; &nbsp;&nbsp;&nbsp;&nbsp;&nbsp;&nbsp;&nbsp;&nbsp;&nbsp;&nbsp;&nbsp;&nbsp;&nbsp;&nbsp;&nbsp;&nbsp;&nbsp;&nbsp;&nbsp;&nbsp; Quando vivemos continuamente de forma distra\u00eddos e incessantemente entretidos com alguma coisa divertida, n\u00f3s nunca vamos nos encontrar onde os divertimentos s\u00e3o sem fim, mas pelo contr\u00e1rio, <strong><u>estaremos perdendo a capacidade de apreciar as coisas, aqui e agora<\/u><\/strong>. N\u00f3s somos interpelados nesta semana a alegrar, orar sem cessar e dar gra\u00e7as, como podemos fazer estas tr\u00eas coisas maravilhosas se n\u00e3o conseguimos apreciar nossos momentos?<\/p>\n<p>&nbsp;&nbsp;&nbsp;&nbsp;&nbsp;&nbsp;&nbsp;&nbsp;&nbsp;&nbsp;&nbsp;&nbsp;&nbsp;&nbsp;&nbsp;&nbsp;&nbsp;&nbsp;&nbsp;&nbsp;&nbsp;&nbsp;&nbsp;&nbsp;&nbsp;&nbsp;&nbsp;&nbsp; Hoje quero refletir com voc\u00eas a respeito do que tem aniquilado muitos dos nossos jovens. Perderam a capacidade de apreciar alguma coisa como preciosa. Antigamente fic\u00e1vamos nesta \u00e9poca esperando o lan\u00e7amento de um tal disco de vinil, de um tal cantor, que quando tiv\u00e9ssemos em nossas m\u00e3os, provavelmente atrav\u00e9s de um presente ou amigo oculto, levar\u00edamos para casa e n\u00e3o cansar\u00edamos de ouvir as can\u00e7\u00f5es t\u00e3o esperadas. Hoje os jovens perderam a capacidade de esperar, de gestar algo que \u00e9 extra do ordin\u00e1rio, que vai al\u00e9m do normal, e, portanto, deveria ser precioso para eles. Mas n\u00e3o, pois tudo hoje \u00e9 disponibilizado de maneira a atender os desejos de todos, ent\u00e3o perdeu-se a gra\u00e7a de sonhar com aquilo.<\/p>\n<p>&nbsp;&nbsp;&nbsp;&nbsp;&nbsp;&nbsp;&nbsp;&nbsp;&nbsp;&nbsp;&nbsp;&nbsp;&nbsp;&nbsp;&nbsp;&nbsp;&nbsp;&nbsp;&nbsp;&nbsp;&nbsp;&nbsp;&nbsp;&nbsp;&nbsp;&nbsp;&nbsp;&nbsp; Antigamente na \u00e9poca do Natal se passavam alguns filmes emblem\u00e1ticos, como o Milagre da Rua 33 ou Rudolph, e era somente nesta \u00e9poca. Hoje qualquer um pode baixar a qualquer hora nas plataformas digitais e assistir quantas vezes quiser.<\/p>\n<p>&nbsp;&nbsp;&nbsp;&nbsp;&nbsp;&nbsp;&nbsp;&nbsp;&nbsp;&nbsp;&nbsp;&nbsp;&nbsp;&nbsp;&nbsp;&nbsp;&nbsp;&nbsp;&nbsp;&nbsp;&nbsp;&nbsp;&nbsp;&nbsp;&nbsp;&nbsp;&nbsp;&nbsp; Alguma coisa que era um Evento passou ser uma coisa ordin\u00e1ria, qualquer coisa, sem ser especial. Tudo virou distra\u00e7\u00e3o. N\u00e3o acho que isso seja uma coisa ruim, mas a mensagem que vem disso \u00e9, <strong><u>n\u00f3s perdemos alguma coisa mais profunda, n\u00f3s perdemos a habilidade de apreciar as coisas.<\/u><\/strong> Qual foi a \u00faltima vez que voc\u00ea disse que iria assistir algo na TV que era superespecial e voc\u00ea apreciou realmente aquilo e n\u00e3o apenas por distra\u00e7\u00e3o. Qual a \u00faltima vez que voc\u00ea ouviu uma m\u00fasica com os ouvidos do cora\u00e7\u00e3o e pode sentir a profundidade de melodia e de onde a m\u00fasica deveria te levar.<\/p>\n<p>&nbsp;&nbsp;&nbsp;&nbsp;&nbsp;&nbsp;&nbsp;&nbsp;&nbsp;&nbsp;&nbsp;&nbsp;&nbsp;&nbsp;&nbsp;&nbsp;&nbsp;&nbsp;&nbsp;&nbsp;&nbsp;&nbsp;&nbsp;&nbsp;&nbsp;&nbsp;&nbsp;&nbsp; Muitos de n\u00f3s hoje, n\u00e3o comemos para saborear o que comemos, mas porque est\u00e1 l\u00e1. Ningu\u00e9m mais assiste nada para apreciar mas para se distrair. Esta cultura atual est\u00e1 se tornando Viciada em Distra\u00e7\u00e3o! Por isso n\u00e3o temos mais espa\u00e7o dentro de n\u00f3s para apreciar uma coisa, pois estamos inundados pelo desejo da distra\u00e7\u00e3o que nos rouba nossos momentos especiais de degusta\u00e7\u00e3o ou aprecia\u00e7\u00e3o. Por isso estamos vivendo um tempo da ANEDONIA! <strong>ANEDONIA \u00e9 a redu\u00e7\u00e3o da capacidade de apreciar as coisas, como s\u00e3o os deprimidos ou viciados em drogas<\/strong>. E de repente estamos presenciando isso na Cultura da Distra\u00e7\u00e3o.<\/p>\n<p>&nbsp;&nbsp;&nbsp;&nbsp;&nbsp;&nbsp;&nbsp;&nbsp;&nbsp;&nbsp;&nbsp;&nbsp;&nbsp;&nbsp;&nbsp;&nbsp;&nbsp;&nbsp;&nbsp;&nbsp;&nbsp;&nbsp;&nbsp;&nbsp;&nbsp;&nbsp;&nbsp;&nbsp; S\u00e3o Paulo nos ensina na Leitura de hoje aos Tessalonicenses que n\u00f3s devemos: Alegrar sempre, orar sem cessar e dar Gra\u00e7as porque esta \u00e9 a vontade de Deus a nosso respeito. Nas tr\u00eas coisas h\u00e1 uma em comum, as tr\u00eas coisas n\u00f3s n\u00e3o precisamos esperar para fazer, pode ser agora.<\/p>\n<p>&nbsp;&nbsp;&nbsp;&nbsp;&nbsp;&nbsp;&nbsp;&nbsp;&nbsp;&nbsp;&nbsp;&nbsp;&nbsp;&nbsp;&nbsp;&nbsp;&nbsp;&nbsp;&nbsp;&nbsp;&nbsp;&nbsp;&nbsp;&nbsp;&nbsp;&nbsp;&nbsp;&nbsp; Eu preciso alegrar neste momento, agora. Reze agora. Imagine dar Gra\u00e7as agora, sempre no agora. N\u00e3o importa o que voc\u00ea esteja passando neste momento, \u00e9 poss\u00edvel fazer as tr\u00eas coisas. O que impede que voc\u00ea e eu fa\u00e7amos as tr\u00eas coisas agora \u00e9: <strong>N\u00f3s n\u00e3o vivemos neste momento presente!<\/strong>&nbsp; N\u00f3s gastamos nosso tempo tentando ir para outro tempo, para outro lugar, eu tenho sempre uma outra coisa para fazer. N\u00f3s estamos tentando estar em outro lugar que este agora. <strong><u>EU NUNCA SEREI CAPAZ DE APRECIAR A VIDA SE EU N\u00c3O APRECIAR O QUE EST\u00c1 AGORA DIANTE DOS MEUS OLHOS!<\/u><\/strong><\/p>\n<p>&nbsp;&nbsp;&nbsp;&nbsp;&nbsp;&nbsp;&nbsp;&nbsp;&nbsp;&nbsp;&nbsp;&nbsp;&nbsp;&nbsp;&nbsp;&nbsp;&nbsp;&nbsp;&nbsp;&nbsp;&nbsp;&nbsp;&nbsp;&nbsp;&nbsp;&nbsp;&nbsp;&nbsp; O que est\u00e1 sendo falado sobre tudo isso \u00e9: Deus est\u00e1 aqui e agora!<\/p>\n<p>&nbsp;&nbsp;&nbsp;&nbsp;&nbsp;&nbsp;&nbsp;&nbsp;&nbsp;&nbsp;&nbsp;&nbsp;&nbsp;&nbsp;&nbsp;&nbsp;&nbsp;&nbsp;&nbsp;&nbsp;&nbsp;&nbsp;&nbsp;&nbsp;&nbsp;&nbsp;&nbsp;&nbsp; Todos n\u00f3s conhecemos no Livro do Genesis a hist\u00f3ria de Esa\u00fa e Jac\u00f3, quando Jac\u00f3 se encontra na situa\u00e7\u00e3o dif\u00edcil onde se ele voltasse para a cada seria morto por Esa\u00fa, e se prosseguisse seria morto pelos inimigos. Ent\u00e3o ele resolve dormir, e no sonho ele visualiza uma escada onde partia da terra em dire\u00e7\u00e3o ao c\u00e9u e ele viu os anjos de Deus descendo e subindo onde ele estava. Ent\u00e3o ele brada; Deus estava neste lugar e eu n\u00e3o o vi!!!<\/p>\n<p>&nbsp;&nbsp;&nbsp;&nbsp;&nbsp;&nbsp;&nbsp;&nbsp;&nbsp;&nbsp;&nbsp;&nbsp;&nbsp;&nbsp;&nbsp;&nbsp;&nbsp;&nbsp;&nbsp;&nbsp;&nbsp;&nbsp;&nbsp;&nbsp;&nbsp;&nbsp;&nbsp;&nbsp; Isaias tamb\u00e9m confirma; Deus est\u00e1 aqui e agora. O problema \u00e9 que n\u00f3s n\u00e3o reconhecemos esta realidade. No Evangelho deste terceiro Domingo do Advento quando os fariseus chegam para Jo\u00e3o Batista e perguntam se ele seria o Messias, Jo\u00e3o responde: &#8211; Ele est\u00e1 no meio de voc\u00eas e voc\u00eas n\u00e3o o reconhecem.<\/p>\n<p>&nbsp;&nbsp;&nbsp;&nbsp;&nbsp;&nbsp;&nbsp;&nbsp;&nbsp;&nbsp;&nbsp;&nbsp;&nbsp;&nbsp;&nbsp;&nbsp;&nbsp;&nbsp;&nbsp;&nbsp;&nbsp;&nbsp;&nbsp;&nbsp;&nbsp;&nbsp;&nbsp;&nbsp; Como n\u00f3s podemos fazer as tr\u00eas coisas que S\u00e3o Paulo pede hoje? &#8211; &nbsp;Simples, vivendo aqui e Agora. Porque Deus est\u00e1 aqui, porque Jesus Cristo est\u00e1 no meio de n\u00f3s!<\/p>\n<p>&nbsp;&nbsp;&nbsp;&nbsp;&nbsp;&nbsp;&nbsp;&nbsp;&nbsp;&nbsp;&nbsp;&nbsp;&nbsp;&nbsp;&nbsp;&nbsp;&nbsp;&nbsp;&nbsp;&nbsp;&nbsp;&nbsp;&nbsp;&nbsp;&nbsp;&nbsp;&nbsp;&nbsp; Hoje eu sugiro a todos que tentem nesta semana, neste tempo favor\u00e1vel, apreciar este dado momento! Pois este momento n\u00e3o <strong>poder\u00e1 ser repetido. Ent\u00e3o aprecie este momento, curta este tempo do jeito<\/strong> certo. Talvez voc\u00ea hoje precise de ficar perto de algu\u00e9m pela \u00faltima vez e n\u00e3o sabe. Quem de n\u00f3s n\u00e3o daria uma fortuna para estar s\u00f3 mais um pouquinho junto daquele que amamos, antes que ele se parta para a eternidade?<\/p>\n<p>&nbsp;&nbsp;&nbsp;&nbsp;&nbsp;&nbsp;&nbsp;&nbsp;&nbsp;&nbsp;&nbsp;&nbsp;&nbsp;&nbsp;&nbsp;&nbsp;&nbsp;&nbsp;&nbsp;&nbsp;&nbsp;&nbsp;&nbsp;&nbsp;&nbsp;&nbsp;&nbsp;&nbsp; <strong><u>APRECIE ESTE MOMENTO AQUI E AGORA.<\/u><\/strong><\/p>\n<p>&nbsp;&nbsp;&nbsp;&nbsp;&nbsp;&nbsp;&nbsp;&nbsp; &nbsp;&nbsp;&nbsp;&nbsp;&nbsp;&nbsp;&nbsp;&nbsp;&nbsp;&nbsp;&nbsp;&nbsp;&nbsp;&nbsp;&nbsp;&nbsp;&nbsp;&nbsp;&nbsp;&nbsp;&nbsp;&nbsp;&nbsp;&nbsp;&nbsp;&nbsp;&nbsp;&nbsp;&nbsp;&nbsp;&nbsp;&nbsp;&nbsp;&nbsp;<\/p>\n<p>&nbsp;&nbsp;&nbsp;&nbsp;&nbsp;&nbsp;&nbsp;&nbsp;&nbsp;&nbsp;&nbsp;&nbsp;&nbsp;&nbsp;&nbsp;&nbsp;&nbsp;&nbsp;&nbsp;&nbsp;&nbsp;&nbsp;&nbsp;&nbsp;&nbsp;&nbsp;&nbsp;&nbsp; <strong><u>Oremos:<\/u><\/strong> Abb\u00e1 (Pai) Amado, eu te pe\u00e7o hoje que retire dos meus pensamentos toda Aned\u00f4nia, toda a incapacidade de apreciar as coisas, e s\u00e3o tantas as coisas que o Senhor me convida hoje a apreciar. Eu quero alegrar-me sempre, em todas as circunst\u00e2ncias, mesmo na tempestade ou mesmo na dor. Ensina-me a orar incessantemente, Senhor mesmo quando \u00e9 t\u00e3o mais dif\u00edcil, mesmo que o mundo venha me requisitar eu preciso orar sem cessar. Ensina-me Senhor a dar gra\u00e7as, porque esta \u00e9 a vontade de Deus a meu e ao vosso respeito!<\/p>\n<p>Pai em tuas m\u00e3os entrego meu cora\u00e7\u00e3o! Cura-me Senhor, Restaura-me Senhor! &nbsp;Am\u00e9m<\/p>\n","protected":false},"excerpt":{"rendered":"<p>\u00a0\u00a0\u00a0 Quando vivemos continuamente de forma distra\u00eddos e incessantemente entretidos com alguma coisa divertida, n\u00f3s nunca vamos nos encontrar onde os divertimentos s\u00e3o sem fim, mas pelo contr\u00e1rio, estaremos perdendo a capacidade de apreciar as coisas, aqui e agora. N\u00f3s somos interpelados nesta semana a alegrar, orar sem cessar e dar gra\u00e7as, como podemos fazer estas tr\u00eas coisas maravilhosas se n\u00e3o conseguimos apreciar nossos momentos?<\/p>\n<p> <a href=\"https:\/\/blog.cancaonova.com\/drnasser\/2017\/12\/21\/aqui-e-agora-terceira-reflexao-do-advento\/\">Continue lendo <span class=\"meta-nav\">&rarr;<\/span><\/a><\/p>\n","protected":false},"author":2501,"featured_media":0,"comment_status":"open","ping_status":"open","sticky":false,"template":"","format":"standard","meta":{"_mi_skip_tracking":false,"_monsterinsights_sitenote_active":false,"_monsterinsights_sitenote_note":"","_monsterinsights_sitenote_category":0,"footnotes":""},"categories":[10601],"tags":[189942,6351,189943,19129,80076],"_links":{"self":[{"href":"https:\/\/blog.cancaonova.com\/drnasser\/wp-json\/wp\/v2\/posts\/1253"}],"collection":[{"href":"https:\/\/blog.cancaonova.com\/drnasser\/wp-json\/wp\/v2\/posts"}],"about":[{"href":"https:\/\/blog.cancaonova.com\/drnasser\/wp-json\/wp\/v2\/types\/post"}],"author":[{"embeddable":true,"href":"https:\/\/blog.cancaonova.com\/drnasser\/wp-json\/wp\/v2\/users\/2501"}],"replies":[{"embeddable":true,"href":"https:\/\/blog.cancaonova.com\/drnasser\/wp-json\/wp\/v2\/comments?post=1253"}],"version-history":[{"count":1,"href":"https:\/\/blog.cancaonova.com\/drnasser\/wp-json\/wp\/v2\/posts\/1253\/revisions"}],"predecessor-version":[{"id":1254,"href":"https:\/\/blog.cancaonova.com\/drnasser\/wp-json\/wp\/v2\/posts\/1253\/revisions\/1254"}],"wp:attachment":[{"href":"https:\/\/blog.cancaonova.com\/drnasser\/wp-json\/wp\/v2\/media?parent=1253"}],"wp:term":[{"taxonomy":"category","embeddable":true,"href":"https:\/\/blog.cancaonova.com\/drnasser\/wp-json\/wp\/v2\/categories?post=1253"},{"taxonomy":"post_tag","embeddable":true,"href":"https:\/\/blog.cancaonova.com\/drnasser\/wp-json\/wp\/v2\/tags?post=1253"}],"curies":[{"name":"wp","href":"https:\/\/api.w.org\/{rel}","templated":true}]}}