{"id":1256,"date":"2017-12-29T15:46:18","date_gmt":"2017-12-29T17:46:18","guid":{"rendered":"http:\/\/blog.cancaonova.com\/drnasser\/?p=1256"},"modified":"2017-12-29T15:46:18","modified_gmt":"2017-12-29T17:46:18","slug":"o-que-voce-anseia-quarta-reflexao-do-advento-natal","status":"publish","type":"post","link":"https:\/\/blog.cancaonova.com\/drnasser\/2017\/12\/29\/o-que-voce-anseia-quarta-reflexao-do-advento-natal\/","title":{"rendered":"O QUE VOC\u00ca ANSEIA?  ( QUARTA REFLEX\u00c3O DO ADVENTO-NATAL)"},"content":{"rendered":"<p><strong><a href=\"http:\/\/blog.cancaonova.com\/drnasser\/files\/2017\/01\/3-aracanjos.jpg\"><img loading=\"lazy\" decoding=\"async\" class=\"aligncenter size-full wp-image-1067\" src=\"http:\/\/blog.cancaonova.com\/drnasser\/files\/2017\/01\/3-aracanjos.jpg\" alt=\"\" width=\"200\" height=\"244\"\/><\/a><\/strong><\/p>\n<p>&nbsp;<\/p>\n<p>&nbsp;<\/p>\n<p>&nbsp;<\/p>\n<p>&nbsp;&nbsp;&nbsp;&nbsp;&nbsp;&nbsp;&nbsp;&nbsp; ALGUMAS pessoas sabem exatamente o que elas querem e exatamente o que elas necessitam. &nbsp;A Maioria de n\u00f3s n\u00e3o! Por isso, me incluo neste grupo. Enquanto eu n\u00e3o necessitar verdadeiramente por um Salvador eu n\u00e3o serei capaz de experimentar a Alegria desta chegada. Mas quando eu sei o que eu espero e o que eu anseio, Natal se torna algo muito maior do que um simples feriado.<\/p>\n<p>&nbsp;&nbsp;&nbsp;&nbsp;&nbsp;&nbsp;&nbsp;&nbsp;&nbsp;&nbsp;&nbsp;&nbsp;&nbsp;&nbsp;&nbsp;&nbsp;&nbsp;&nbsp;&nbsp;&nbsp;&nbsp;&nbsp;&nbsp;&nbsp;&nbsp;&nbsp;&nbsp;&nbsp; Nesta \u00e9poca do ano as pessoas tem a cada ano se transformados numa preocupa\u00e7\u00e3o absurda sobre presentear as outras pessoas. Problema nenhum, se o conv\u00edvio entre estas pessoas fossem no resto do ano, algo que justificasse. Muitas coisas n\u00f3s ganhamos e n\u00e3o gostamos. Mais um trabalho para ter que trocar.<\/p>\n<p>&nbsp;&nbsp;&nbsp;&nbsp;&nbsp;&nbsp;&nbsp;&nbsp;&nbsp;&nbsp;&nbsp;&nbsp;&nbsp;&nbsp;&nbsp;&nbsp;&nbsp;&nbsp;&nbsp;&nbsp;&nbsp;&nbsp;&nbsp;&nbsp;&nbsp;&nbsp;&nbsp;&nbsp; Mas hoje, o Senhor est\u00e1 te perguntando o que voc\u00ea Anseia, o que voc\u00ea quer<strong><u>?<\/u><\/strong><\/p>\n<p>&nbsp;&nbsp;&nbsp;&nbsp;&nbsp;&nbsp;&nbsp;&nbsp;&nbsp;&nbsp;&nbsp;&nbsp;&nbsp;&nbsp;&nbsp;&nbsp;&nbsp;&nbsp;&nbsp;&nbsp;&nbsp;&nbsp;&nbsp;&nbsp;&nbsp;&nbsp;&nbsp;&nbsp; NO Capitulo 7 Isaias, descreve o momento onde Deus revela ao seus filhos de Israel, que Ele iria lutar pelo povo judeu. N\u00e3o somente iria lutar ao lado de Israel mas Ele viria habitar no meio de n\u00f3s e seu nome seria Emanuel ( Deus Conosco). Muitas vezes em nossas vidas n\u00e3o sabemos o que queremos. N\u00e3o sabemos pedir a Deus. Por isso Natal \u00e9 t\u00e3o profundo que nos leva a refletir sobre o nosso cora\u00e7\u00e3o. <strong>A medida que eu Necessito do Natal, da vinda do Senhor maior \u00e9 a minha expectativa da sua chegada<\/strong>.<\/p>\n<p>&nbsp;&nbsp;&nbsp;&nbsp;&nbsp;&nbsp;&nbsp;&nbsp;&nbsp;&nbsp;&nbsp;&nbsp;&nbsp;&nbsp;&nbsp;&nbsp;&nbsp;&nbsp;&nbsp;&nbsp;&nbsp;&nbsp;&nbsp;&nbsp;&nbsp;&nbsp;&nbsp;&nbsp; MUITAS vezes estamos experimentamos estar fazendo as coisas da Igreja &nbsp;de forma superficial e sem compromisso. De repente voc\u00ea se confronta com &nbsp;uma necessidade vital por Cristo. Da\u00ed sua vida muda. NO momento em que voc\u00ea acorda para a realidade do Natal, para a necessidade de um Redentor, de um Salvador, de Jesus, <strong>ent\u00e3o voc\u00ea est\u00e1 diante da realidade de quem sem Ele estaria morto. <\/strong><\/p>\n<p>&nbsp;&nbsp;&nbsp;&nbsp;&nbsp;&nbsp;&nbsp;&nbsp;&nbsp;&nbsp;&nbsp;&nbsp;&nbsp;&nbsp;&nbsp;&nbsp;&nbsp;&nbsp;&nbsp;&nbsp;&nbsp;&nbsp;&nbsp;&nbsp;&nbsp;&nbsp;&nbsp;&nbsp; A Alegria do Natal est\u00e1 diretamente relacionada a verdadeira expectativa daquele que reconhece que precisa de um Salvador. Isso \u00e9 pessoal. E tem que ser. Mais de 40% dos cat\u00f3licos brasileiros n\u00e3o sabem que se podem ter um relacionamento pessoal com Jesus. Ent\u00e3o a Celebra\u00e7\u00e3o do Natal se torna coisa de crian\u00e7a, ou apenas uma festa de fam\u00edlia.<\/p>\n<p>&nbsp;&nbsp;&nbsp;&nbsp;&nbsp;&nbsp;&nbsp;&nbsp;&nbsp;&nbsp;&nbsp;&nbsp;&nbsp;&nbsp;&nbsp;&nbsp;&nbsp;&nbsp;&nbsp;&nbsp;&nbsp;&nbsp;&nbsp;&nbsp;&nbsp;&nbsp;&nbsp;&nbsp; Natal \u00e9 um feriado religioso, no cora\u00e7\u00e3o! Neste dia estamos ent\u00e3o estamos num lugar muito maior do que alegria, m\u00fasica&#8230; Eu n\u00e3o sei se o que eu quero \u00e9 o que Deus quer. Este dia revela o que Deus quer, como Ele responde: &#8211; Eu quero meu povo! Ou seja, Eu quero voc\u00ea, diz o Senhor. Deus sabe exatamente o que Ele quer. Ent\u00e3o diga ao Senhor que voc\u00ea quer saber am\u00e1-lo de volta assim como Ele nos ama. Diga que quer um cora\u00e7\u00e3o que ama a Deus. Assim neste momento abra seu cora\u00e7\u00e3o e Louve o Senhor do jeito que voc\u00ea est\u00e1 agora. E o Natal acontecer\u00e1 em voc\u00ea! Deus nos ama e nos quer imediatamente &nbsp;quando n\u00f3s nos abrimos. Venha ao Pres\u00e9pio ser amado pelo Senhor!<\/p>\n<p>&nbsp;&nbsp;&nbsp;&nbsp;&nbsp;&nbsp;&nbsp;&nbsp;&nbsp;&nbsp;&nbsp;&nbsp;&nbsp;&nbsp;&nbsp;&nbsp;&nbsp;&nbsp;&nbsp;&nbsp;&nbsp;&nbsp;&nbsp;&nbsp;&nbsp;&nbsp;&nbsp;&nbsp;&nbsp;&nbsp;&nbsp;&nbsp;&nbsp;&nbsp;<\/p>\n<p>&nbsp;&nbsp;&nbsp;&nbsp;&nbsp;&nbsp;&nbsp;&nbsp;&nbsp;&nbsp;&nbsp;&nbsp;&nbsp;&nbsp;&nbsp;&nbsp;&nbsp;&nbsp;&nbsp;&nbsp;&nbsp;&nbsp;&nbsp;&nbsp;&nbsp;&nbsp;&nbsp;&nbsp; <strong><u>Oremos:<\/u><\/strong> Abb\u00e1 (Pai) Amado, eu te pe\u00e7o hoje , que venha revelar nos cora\u00e7\u00f5es dos descrentes o verdadeiro sentido do Natal. Senhor, seu povo tem se perdido em meio as preocupa\u00e7\u00f5es do fim de ano, e principalmente em adquirir coisas, presentear coisas que muitas vezes \u00e9 obriga\u00e7\u00e3o. E todas as pessoas foram \u00e0s compras como tem ido a Igreja, simplesmente por obriga\u00e7\u00e3o. Senhor revela nos cora\u00e7\u00f5es o que o verdadeiro sentido do Natal representa. Sim Senhor, os que se reconhecem precisar &nbsp;ou necessitar de um Salvador se alegrar\u00e3o com sua chegada. Ajuda-me nestes dias de Natal a te fazer cont\u00ednua companhia no Pres\u00e9pio, que \u00e9 o mais querido por ti, o meu cora\u00e7\u00e3o! Am\u00e9m.<\/p>\n<p>Pai em tuas m\u00e3os entrego meu cora\u00e7\u00e3o! Cura-me Senhor, Restaura-me Senhor! &nbsp;Am\u00e9m<\/p>\n","protected":false},"excerpt":{"rendered":"<p>\u00a0\u00a0\u00a0\u00a0\u00a0\u00a0\u00a0\u00a0 ALGUMAS pessoas sabem exatamente o que elas querem e exatamente o que elas necessitam. \u00a0A Maioria de n\u00f3s n\u00e3o! Por isso, me incluo neste grupo. Enquanto eu n\u00e3o necessitar verdadeiramente por um Salvador eu n\u00e3o serei capaz de experimentar a Alegria desta chegada. Mas quando eu sei o que eu espero e o que eu anseio, Natal se torna algo muito maior do que um simples feriado. <a href=\"https:\/\/blog.cancaonova.com\/drnasser\/2017\/12\/29\/o-que-voce-anseia-quarta-reflexao-do-advento-natal\/\">Continue lendo <span class=\"meta-nav\">&rarr;<\/span><\/a><\/p>\n","protected":false},"author":2501,"featured_media":0,"comment_status":"open","ping_status":"open","sticky":false,"template":"","format":"standard","meta":{"_mi_skip_tracking":false,"_monsterinsights_sitenote_active":false,"_monsterinsights_sitenote_note":"","_monsterinsights_sitenote_category":0,"footnotes":""},"categories":[10601],"tags":[189860,5011,189946,11671,189947,31,162093,11651],"_links":{"self":[{"href":"https:\/\/blog.cancaonova.com\/drnasser\/wp-json\/wp\/v2\/posts\/1256"}],"collection":[{"href":"https:\/\/blog.cancaonova.com\/drnasser\/wp-json\/wp\/v2\/posts"}],"about":[{"href":"https:\/\/blog.cancaonova.com\/drnasser\/wp-json\/wp\/v2\/types\/post"}],"author":[{"embeddable":true,"href":"https:\/\/blog.cancaonova.com\/drnasser\/wp-json\/wp\/v2\/users\/2501"}],"replies":[{"embeddable":true,"href":"https:\/\/blog.cancaonova.com\/drnasser\/wp-json\/wp\/v2\/comments?post=1256"}],"version-history":[{"count":1,"href":"https:\/\/blog.cancaonova.com\/drnasser\/wp-json\/wp\/v2\/posts\/1256\/revisions"}],"predecessor-version":[{"id":1257,"href":"https:\/\/blog.cancaonova.com\/drnasser\/wp-json\/wp\/v2\/posts\/1256\/revisions\/1257"}],"wp:attachment":[{"href":"https:\/\/blog.cancaonova.com\/drnasser\/wp-json\/wp\/v2\/media?parent=1256"}],"wp:term":[{"taxonomy":"category","embeddable":true,"href":"https:\/\/blog.cancaonova.com\/drnasser\/wp-json\/wp\/v2\/categories?post=1256"},{"taxonomy":"post_tag","embeddable":true,"href":"https:\/\/blog.cancaonova.com\/drnasser\/wp-json\/wp\/v2\/tags?post=1256"}],"curies":[{"name":"wp","href":"https:\/\/api.w.org\/{rel}","templated":true}]}}