{"id":1296,"date":"2018-03-30T14:45:59","date_gmt":"2018-03-30T17:45:59","guid":{"rendered":"http:\/\/blog.cancaonova.com\/drnasser\/?p=1296"},"modified":"2018-03-30T14:45:59","modified_gmt":"2018-03-30T17:45:59","slug":"assine-seu-nome-a-cruz-a-paixao","status":"publish","type":"post","link":"https:\/\/blog.cancaonova.com\/drnasser\/2018\/03\/30\/assine-seu-nome-a-cruz-a-paixao\/","title":{"rendered":"ASSINE SEU NOME \u2013 A CRUZ \u2013 A PAIX\u00c3O"},"content":{"rendered":"<p>&nbsp;<\/p>\n<p><a href=\"http:\/\/blog.cancaonova.com\/drnasser\/files\/2016\/11\/10514627_640836882651254_1558443024961048590_n.jpg\"><img loading=\"lazy\" decoding=\"async\" class=\"aligncenter size-medium wp-image-1045\" src=\"http:\/\/blog.cancaonova.com\/drnasser\/files\/2016\/11\/10514627_640836882651254_1558443024961048590_n-300x277.jpg\" alt=\"\" width=\"300\" height=\"277\" srcset=\"https:\/\/blog.cancaonova.com\/drnasser\/files\/2016\/11\/10514627_640836882651254_1558443024961048590_n-300x277.jpg 300w, https:\/\/blog.cancaonova.com\/drnasser\/files\/2016\/11\/10514627_640836882651254_1558443024961048590_n-768x708.jpg 768w, https:\/\/blog.cancaonova.com\/drnasser\/files\/2016\/11\/10514627_640836882651254_1558443024961048590_n.jpg 960w\" sizes=\"(max-width: 300px) 100vw, 300px\" \/><\/a><\/p>\n<p><strong>ASSINE SEU NOME \u2013 A CRUZ \u2013 A PAIX\u00c3O<\/strong><\/p>\n<p>&nbsp;<\/p>\n<p>&nbsp;&nbsp;&nbsp;&nbsp;&nbsp;&nbsp;&nbsp;&nbsp; Este tempo \u00e9 um tempo de sil\u00eancio, tempo de contemplarmos a Cruz Sagrada, Oh madeiro bendito, como cantavam os antigos Padre e Monges. Oh Santo Madeiro!<\/p>\n<p>&nbsp;&nbsp;&nbsp;&nbsp;&nbsp;&nbsp;&nbsp;&nbsp; A Paix\u00e3o e morte de Jesus Cristo \u00e9 um mist\u00e9rio imenso e \u00e9 t\u00e3o grande e imenso que \u00e0s vezes pode parecer impessoal. <strong>Mas este evento n\u00e3o foi an\u00f4nimo e os sofrimentos de Jesus n\u00e3o foram em v\u00e3o nem t\u00e3o pouco gen\u00e9rico<\/strong>. Cada momento singular tem um nome anexado, impresso nele, e cada golpe \u00e9 espec\u00edfico. Enquanto eu n\u00e3o reconhe\u00e7o que o qu\u00ea Ele fez por fim tornou-se pessoal , o que Ele fez por mim n\u00e3o se torna pessoal, continua sendo impessoal.<\/p>\n<p>&nbsp;&nbsp;&nbsp;&nbsp;&nbsp;&nbsp;&nbsp;&nbsp; Eu quero trazer isso para nossa vida comum! Todos n\u00f3s temos uma hist\u00f3ria onde passamos nossa inf\u00e2ncia, nossa adolesc\u00eancia, nossa vida antes e durante a Universidade. Reparem que para cada tempo mais an\u00f4nimos vamos nos tornando, pois vamos mudando de Institui\u00e7\u00e3o para Institui\u00e7\u00e3o e elas normalmente s\u00e3o maiores do que as anteriores. Quanto isso tem rela\u00e7\u00e3o com Internato, ou viver dentro de um Campus, temos a cada ano talvez que trocar de acomoda\u00e7\u00e3o, mas n\u00e3o gostamos muito disso, e queremos deixar a nossa marca, para um dia outro que vier morar ali ler\u00e1: &#8211; Fulano esteve aqui!&nbsp; N\u00e3o gostamos desta hist\u00f3ria de anonimato ou ser gen\u00e9rico, n\u00f3s vivemos naquele lugar. Como \u00e9 legal quando encontramos algum amigo ou amiga que durante um per\u00edodo fomos pr\u00f3ximos, assim \u00e9 a nossa hist\u00f3ria, queremos deixar nosso nome nos lugares e nas coisas, n\u00e3o ser an\u00f4nimo!<\/p>\n<p>&nbsp;&nbsp;&nbsp;&nbsp;&nbsp;&nbsp;&nbsp;&nbsp; A Paix\u00e3o de Cristo \u00e9 imensa, \u00e9 grande, \u00e9 uma grande verdade e uma grande hist\u00f3ria. Muito f\u00e1cil fazer disso um anonimato. Muitos de n\u00f3s dizemos, que coisa extraordin\u00e1ria que Jesus fez, puxa vida, mas n\u00e3o vejo nenhuma conex\u00e3o entre o que Ele fez e eu! Eu n\u00e3o tenho meu nome nisso, eu n\u00e3o sei se foi por mim!<\/p>\n<p>&nbsp;&nbsp;&nbsp;&nbsp;&nbsp;&nbsp;&nbsp;&nbsp; Olhe para imagem de Jesus Cristo na Cruz, e olhe o nome de Jesus l\u00e1, INRI, eu n\u00e3o sei se isso tem a ver comigo! Deus morreu por MIM? Isso deveria ser algo imenso!!!<\/p>\n<p>&nbsp;&nbsp;&nbsp;&nbsp;&nbsp;&nbsp;&nbsp;&nbsp; O Santo Sud\u00e1rio de Turim (It\u00e1lia) grande legado do Senhor para n\u00f3s. Este Sud\u00e1rio foi usado por Jos\u00e9 de Arimat\u00e9ia que envolveu &nbsp;o corpo de Jesus. N\u00f3s temos isso real, o que foi lido no \u00faltimo Domingo na narrativa da Paix\u00e3o. N\u00f3s temos e est\u00e1 em Turin. A Igreja n\u00e3o diz que voc\u00ea tem que &nbsp;acreditar no Santo Sud\u00e1rio, mas em quem o Sud\u00e1rio envolveu. Minha f\u00e9 n\u00e3o est\u00e1 firmada no Sud\u00e1rio mas em quem Ele envolveu. Eu sou salvo por Jesus Cristo. Pois Ele \u00e9 verdade o caminho e a vida.<\/p>\n<p>&nbsp;&nbsp;&nbsp;&nbsp;&nbsp;&nbsp;&nbsp;&nbsp; Aprofundando no Santo Sud\u00e1rio pertinente neste \u00e9poca do ano, sabemos que no S\u00e9culo XIX, cientistas usando teste do Carbono propuseram &nbsp;que este manto deveria, pelos achados, pertencerem a algu\u00e9m que viveu nos anos de 1300DC. Muitos de n\u00f3s ouvimos isso. Antes de mais nada, o Santo Sud\u00e1rio \u00e9 um tecido de Linho que mede 4,36 metros por 1,10m.&nbsp; Podemos ver que \u00e9 uma pe\u00e7a grande. O erro da avalia\u00e7\u00e3o foi porque h\u00e1 7 raz\u00f5es que a an\u00e1lise de carbono era falsa, pois incorreram numa s\u00e9rie de erros encontrados nessa avalia\u00e7\u00e3o, o que trouxe um vi\u00e9s interferindo no resultado final. Para elucidar isso, a ci\u00eancia moderna convocou na d\u00e9cada de 90, portanto muito recente, &nbsp;2000 cientistas &nbsp;para estudarem o Sud\u00e1rio de Turim. Desses cientistas, agn\u00f3sticos, ateus, estudando o Sud\u00e1rio, 95% deles se tornaram Crist\u00e3os.<\/p>\n<p>&nbsp;&nbsp;&nbsp;&nbsp;&nbsp;&nbsp;&nbsp;&nbsp; Essa \u00e9 uma grande ferramenta para derrubar a tese que F\u00e9 e Ci\u00eancia se op\u00f5em, me desculpem os desinformados, mas a pouca ci\u00eancia nos afasta de Deus e a muita Ci\u00eancia nos Aproxima ( Louis Pasteur). Os primeiros cientistas eram Crist\u00e3os, o m\u00e9todo cientifico foi descoberto por Padre Jesuita, teoria do Big Bang , Teorias do Universo Paralelo, Astronomia, Gen\u00e9tica, todos Padres e Monges reconhecidos pelo mundo todo.<\/p>\n<p>&nbsp;&nbsp;&nbsp;&nbsp;&nbsp;&nbsp;&nbsp;&nbsp; Ci\u00eancia \u00e9 a busca da Verdade, F\u00e9 \u00e9 a busca da Verdade Sobrenatural e Verdade n\u00e3o pode contradizer Verdade. Ci\u00eancia pergunta ao mundo O qu\u00ea e como. e a f\u00e9 Quem e Porqu\u00ea! As respostas n\u00e3o podem se contradizer. Muitas coisas em ci\u00eancia suportam a nossa F\u00e9.<\/p>\n<p>&nbsp;&nbsp;&nbsp;&nbsp;&nbsp;&nbsp;&nbsp;&nbsp; A ci\u00eancia olhando e examinando o Sud\u00e1rio: -N\u00e3o h\u00e1 pigmentos, tintas ou corantes. Ningu\u00e9m sabe como esta imagem est\u00e1 impressa no Linho. N\u00e3o se pode replicar. \u00c9 uma imagem Negativa. Voc\u00ea precisa tirar uma foto e olhar o Negativo para reconhecer a imagem. Nos s\u00e9culos XIII ou mesmo XVIII n\u00e3o existia revela\u00e7\u00e3o em negativo. Eles n\u00e3o podiam reconhecer os detalhes. Eles n\u00e3o tinham como fazer, n\u00e3o tinham tecnologia para isso.<\/p>\n<p>&nbsp;&nbsp;&nbsp;&nbsp;&nbsp;&nbsp;&nbsp;&nbsp; Quando olhamos para a imagem completa, vemos um homem alto, muito castigado. Olhando para as costas. Na lei Judaica s\u00f3 poderia castigar algu\u00e9m com 39 chibatadas, mais do que isso seria considerada flagela\u00e7\u00e3o impr\u00f3pria, excesso de viol\u00eancia e era proibida. Era claro que este homem foi exageradamente flagelado. H\u00e1 marcas neste homem de um instrumento de flagela\u00e7\u00e3o com pontas de vidro, ganchos e &nbsp;de osso, e ferro. Marcas de golpes, 120 golpes, v\u00e1rios deles com m\u00faltiplas ponteiras flageladoras destes materiais que poderiam golpear em at\u00e9 7 vezes simultaneamente, pegando da regi\u00e3o occipital e descendo at\u00e9 o calcanhar, rasgando sua pele, suas f\u00e1scias, suas aponeuroses, seus m\u00fasculos, seus vasos, seus nervos, seus ossos.<\/p>\n<p>&nbsp;&nbsp;&nbsp;&nbsp;&nbsp;&nbsp;&nbsp;&nbsp; Pela an\u00e1lise Forense Francesa, eles viam que tinham dois flageladores um de cada lado. A coroa de espinhos, espinhos grandes, pontiagudos e duros . Os espinhos foram martelados sobre o cr\u00e2nio! Cobrindo toda a sua cabe\u00e7a com os espinhos cravados! O derramamento de sangue era profuso,&nbsp; este sangue cobria&nbsp;&nbsp; todo seu cabelos e face, fruto das feridas cranianas.<\/p>\n<p>&nbsp;&nbsp;&nbsp;&nbsp;&nbsp;&nbsp;&nbsp;&nbsp; A impress\u00e3o desta imagem como muitos podem pensar por tanta flagela\u00e7\u00e3o, quando em contato com o corpo deveria ser apenas sangue, realmente h\u00e1 sangue, mas n\u00e3o \u00e9 o configura ser. A imagem foi impressa por luz, &nbsp;radia\u00e7\u00e3o e t\u00e9rmica, comparada segundo a NASA , como uma explos\u00e3o at\u00f4mica, e eles conclu\u00edram, deve ser no momento da Ressurrei\u00e7\u00e3o. \u00c9 apenas 6micron de profundidade. <strong>Este corpo foi envolvido com todo o sangue no momento da morte, mas a imagem \u00e9 impressa no momento da Ressurrei\u00e7\u00e3o<\/strong>.<\/p>\n<p>&nbsp;&nbsp;&nbsp;&nbsp;&nbsp;&nbsp;&nbsp;&nbsp; Sobre a o que est\u00e1 impresso, pela an\u00e1lise Forense francesa, revela-se que a Face do Senhor, foi extremamente golpeado em sua face! Haviam dois homens neste momento um a direita e outro a esquerda. O homem que golpeava \u00e0 direita era mais agressivo. Batia com uma vara, que tinha poder de mutilar. Com a vara ele golpeou o nariz e a cartilagem do nariz foi deslocada da espinha nasal. A ferida do olho direito com golpe de baixo para cima aumenta a fratura no teto da orbita, luxando o olho direito. Esta ferida traz uma dor insuport\u00e1vel para um ser humano.<\/p>\n<p>&nbsp;&nbsp;&nbsp;&nbsp;&nbsp;&nbsp;&nbsp;&nbsp; Quando os dois mutiladores torturando Jesus na face, j\u00e1 quase cego, v\u00e3o&nbsp; dizer: Profetiza! Quem te bateu? Pare um momento por aqui! Quando os mutiladores pergunta quem havia batido Nele, pense: Ele sabia! E continua sabendo at\u00e9 hoje quem o flagela. Ele n\u00e3o sabia apenas quem tinha batido nele, mas toda a vida daquela pessoa, desde a eternidade! Jesus sabia o nome, a fam\u00edlia, a gera\u00e7\u00e3o daquele que o flagelava. Jesus rodeado por uma multid\u00e3o, n\u00e3o via a multid\u00e3o via cada um dos seus seguidores e o via por inteiro. Assim Ele n\u00e3o era flagelado e golpeado por estranhos, nenhum deles era an\u00f4nimo para Ele. Cada um dos flageladores tinha um nome em anexo e era claro para Ele quem era cada um! A verdade que importa \u00e9 que isso tudo \u00e9 muito Pessoal! Pois&nbsp; eu fiz isso! Eu flagelei Jesus! Eu olho para sua face no Sud\u00e1rio e vejo meu nome impresso nas suas chagas. Esta ferida no seu nariz e no olho, eu me lembro de ter feito isso, e ainda mais eu n\u00e3o me importo porque &nbsp;eu fiz. Eu pus meu nome nisso! Eu assino meu nome nas flagela\u00e7\u00f5es do Senhor!&nbsp; Tudo isso pode ser grande e imenso mas n\u00e3o \u00e9 an\u00f4nimo! E o que eu e voc\u00ea temos com isso? TUDO, somos n\u00f3s os algozes do Senhor!<\/p>\n<p>&nbsp;&nbsp;&nbsp;&nbsp;&nbsp;&nbsp;&nbsp;&nbsp; Enquanto eu n\u00e3o assumo que tudo isso \u00e9 pessoal eu n\u00e3o tomo parte na Reden\u00e7\u00e3o do Senhor! O que Ele fez por mim quando eu assumo se torna pessoal na minha vida, minha Salva\u00e7\u00e3o! Quando eu assumo, Ele me repsonde eu fiz isso por voc\u00ea! Jesus eu fiz isso pelo Senhor e n\u00e3o me importa, e Ele responde Eu fiz isso por voc\u00ea e porque isso me importa!<\/p>\n<p>&nbsp;&nbsp;&nbsp;&nbsp;&nbsp;&nbsp;&nbsp;&nbsp; A Confiss\u00e3o \u00e9 a resposta a tudo isso! Jesus eu sinto muito, eu vejo que eu cuspi em voc\u00ea, eu sinto muito, eu n\u00e3o sei porque eu fiz, eu sou s\u00e3o est\u00fapido! Eu sinto muito mesmo! Eu te machuquei com tanta for\u00e7a Senhor, eu sinto muito. Eu sou est\u00fapido, est\u00fapido, est\u00fapido. Eu tenho feito tanta coisa ruim, eu tenho me metido em tanta coisa errada, tenho machucado o Senhor e aos outros, sou t\u00e3o est\u00fapido. Eu tenho tra\u00eddo tanto e machucado o seu cora\u00e7\u00e3o traindo as pessoas que eu amo, sou t\u00e3o est\u00fapido. Eu me rendo! Meus pecados n\u00e3o s\u00e3o an\u00f4nimos! Tem meu nome nisso. Eu clamo pela minha Salva\u00e7\u00e3o!<\/p>\n<p>&nbsp;&nbsp;&nbsp;&nbsp;&nbsp;&nbsp;&nbsp;&nbsp; Jesus sempre deseja que tudo isso seja purificado em mim e em voc\u00ea, mas precisamos de Confiss\u00e3o! Com todos os meus pecados na m\u00e3o Jesus diz: Tudo isso \u00e9 meu! Eu assino meu nome nos meus pecados e Jesus assina o nome Dele em MIM!<\/p>\n<p>&nbsp;&nbsp;&nbsp;&nbsp;&nbsp;&nbsp;&nbsp;&nbsp; Jesus est\u00e1 dizendo para voc\u00ea e para mim agora: Voc\u00ea \u00e9 meu! Seu nome est\u00e1 gravado em minhas m\u00e3os! Jesus escreve neste momento o Nome Dele em seu Cora\u00e7\u00e3o! No altar do cora\u00e7\u00e3o arrependido est\u00e1 o Senhor te justificando e te Salvando!<\/p>\n<p>&nbsp;&nbsp;&nbsp;&nbsp;&nbsp;&nbsp;&nbsp;&nbsp; Renda-se ao Amor que se fez um de n\u00f3s para nos Salvar por inteiro! Este \u00e9 o dia, o dia onde a Morte de Cruz redefine a nossa Morte, para uma Vida Eterna!<\/p>\n<p>&nbsp;<\/p>\n<p>&nbsp;<\/p>\n<p>&nbsp;<\/p>\n<p>&nbsp;<\/p>\n<p>&nbsp;<\/p>\n<p>&nbsp;<\/p>\n<p><strong><u>Oremos:<\/u><\/strong> Abb\u00e1 (Pai) Amado, em tuas m\u00e3os entrego o meu Espirito! Pai em tuas m\u00e3os eu entrego a minha vida, o meu cora\u00e7\u00e3o como um vaso despeda\u00e7ado, recebe tudo aquilo que sou, tudo aquilo que sinto! Pai em tuas m\u00e3os entrego o meu espirito! Entrego meus sonhos, minhas dores, me derramo cheio de confian\u00e7a! Tuas m\u00e3os est\u00e3o perto de mim, elas me amparam, me tocam para me curar! Pai eu aben\u00e7oo as horas dif\u00edceis da vida em que pude cair, cair nas tuas m\u00e3os, sentindo o seu consolo. Bendita as vezes eu que eu ca\u00ed em tuas m\u00e3os. Ca\u00ed fr\u00e1gil, ferido e pecador, mas me mergulhei em tuas m\u00e3os, no teu cora\u00e7\u00e3o na tua infinita Miseric\u00f3rdia. Eu aben\u00e7oo todas \u00e0s m\u00e3os que passaram por esta vida me machucando, me ferindo, me molestando e me destruindo. Pois o Senhor veio em todas as situa\u00e7\u00f5es e vem agora me levantando com suas m\u00e3os e assim do alto da Cruz estou crucificado contigo e o que posso ver s\u00e3o apenas as suas m\u00e3os, pois nada me importa a n\u00e3o ser suas m\u00e3os a me Sustentar, a me restaurar a me Salvar! Suas m\u00e3os est\u00e3o sempre abertas a me amparar, a me cuidar, a me resgatar. &nbsp;<\/p>\n<p>&nbsp;<\/p>\n<p><strong>Pai em tuas m\u00e3os entrego meu cora\u00e7\u00e3o! Cura-me Senhor, Liberta-me, Restaura-me Senhor! &nbsp;Am\u00e9m <\/strong><\/p>\n<p><strong>Gl\u00f3ria a ti Senhor nos mais alto dos C\u00e9us agora e para sempre, por todos os s\u00e9culos dos S\u00e9culos. Am\u00e9m!<\/strong><\/p>\n","protected":false},"excerpt":{"rendered":"<p>\u00a0\u00a0\u00a0\u00a0\u00a0\u00a0\u00a0\u00a0 A Paix\u00e3o e morte de Jesus Cristo \u00e9 um mist\u00e9rio imenso e \u00e9 t\u00e3o grande e imenso que \u00e0s vezes pode parecer impessoal. Mas este evento n\u00e3o foi an\u00f4nimo e os sofrimentos de Jesus n\u00e3o foram em v\u00e3o nem t\u00e3o pouco gen\u00e9rico. Cada momento singular tem um nome anexado, impresso nele, e cada golpe \u00e9 espec\u00edfico. Enquanto eu n\u00e3o reconhe\u00e7o que o qu\u00ea Ele fez por fim tornou-se pessoal , o que Ele fez por mim n\u00e3o se torna pessoal, continua sendo impessoal. <a href=\"https:\/\/blog.cancaonova.com\/drnasser\/2018\/03\/30\/assine-seu-nome-a-cruz-a-paixao\/\">Continue lendo <span class=\"meta-nav\">&rarr;<\/span><\/a><\/p>\n","protected":false},"author":2501,"featured_media":0,"comment_status":"open","ping_status":"open","sticky":false,"template":"","format":"standard","meta":{"_mi_skip_tracking":false,"_monsterinsights_sitenote_active":false,"_monsterinsights_sitenote_note":"","_monsterinsights_sitenote_category":0,"footnotes":""},"categories":[10601],"tags":[189922,6351,26947,24650,1901],"_links":{"self":[{"href":"https:\/\/blog.cancaonova.com\/drnasser\/wp-json\/wp\/v2\/posts\/1296"}],"collection":[{"href":"https:\/\/blog.cancaonova.com\/drnasser\/wp-json\/wp\/v2\/posts"}],"about":[{"href":"https:\/\/blog.cancaonova.com\/drnasser\/wp-json\/wp\/v2\/types\/post"}],"author":[{"embeddable":true,"href":"https:\/\/blog.cancaonova.com\/drnasser\/wp-json\/wp\/v2\/users\/2501"}],"replies":[{"embeddable":true,"href":"https:\/\/blog.cancaonova.com\/drnasser\/wp-json\/wp\/v2\/comments?post=1296"}],"version-history":[{"count":1,"href":"https:\/\/blog.cancaonova.com\/drnasser\/wp-json\/wp\/v2\/posts\/1296\/revisions"}],"predecessor-version":[{"id":1297,"href":"https:\/\/blog.cancaonova.com\/drnasser\/wp-json\/wp\/v2\/posts\/1296\/revisions\/1297"}],"wp:attachment":[{"href":"https:\/\/blog.cancaonova.com\/drnasser\/wp-json\/wp\/v2\/media?parent=1296"}],"wp:term":[{"taxonomy":"category","embeddable":true,"href":"https:\/\/blog.cancaonova.com\/drnasser\/wp-json\/wp\/v2\/categories?post=1296"},{"taxonomy":"post_tag","embeddable":true,"href":"https:\/\/blog.cancaonova.com\/drnasser\/wp-json\/wp\/v2\/tags?post=1296"}],"curies":[{"name":"wp","href":"https:\/\/api.w.org\/{rel}","templated":true}]}}