{"id":1307,"date":"2018-04-11T21:19:22","date_gmt":"2018-04-12T00:19:22","guid":{"rendered":"http:\/\/blog.cancaonova.com\/drnasser\/?p=1307"},"modified":"2018-04-11T22:16:55","modified_gmt":"2018-04-12T01:16:55","slug":"qual-o-proximo-passo-algo-maior-do-que-meu-controle","status":"publish","type":"post","link":"https:\/\/blog.cancaonova.com\/drnasser\/2018\/04\/11\/qual-o-proximo-passo-algo-maior-do-que-meu-controle\/","title":{"rendered":"Qual o Pr\u00f3ximo Passo? (Fora Do Controle)"},"content":{"rendered":"<p>&nbsp;<\/p>\n<p><strong><a href=\"http:\/\/blog.cancaonova.com\/drnasser\/files\/2017\/08\/semeando_dons_embreve-218x300.jpg\"><img loading=\"lazy\" decoding=\"async\" class=\"aligncenter size-medium wp-image-1185\" src=\"http:\/\/blog.cancaonova.com\/drnasser\/files\/2017\/08\/semeando_dons_embreve-218x300-218x300.jpg\" alt=\"\" width=\"218\" height=\"300\"\/><\/a>&nbsp;<\/strong><\/p>\n<p><strong>&nbsp;<\/strong><\/p>\n<p><strong>&nbsp;<\/strong><\/p>\n<p>&nbsp;<\/p>\n<p><strong>&nbsp;<\/strong><\/p>\n<p><strong>&nbsp;<\/strong><\/p>\n<p><strong>&nbsp;<\/strong><\/p>\n<p><strong>Para caminharmos com alegria, necessitamos algo mais poderoso do que controle<\/strong><\/p>\n<p><strong>&nbsp;<\/strong><\/p>\n<p><strong>&nbsp;&nbsp;&nbsp;&nbsp;&nbsp;&nbsp;&nbsp;&nbsp; <\/strong><em>Os primeiros crist\u00e3os eram homens e mulheres que viviam na incerteza. Os crist\u00e3os de hoje s\u00e3o homens e mulheres que vivem na incerteza. A diferen\u00e7a chave \u00e9 que eles tinham algo muito maior do que seguran\u00e7a, eles tinham convic\u00e7\u00e3o. Mais do que controle eles tinham <strong>CONVIC\u00c7\u00c3O.<\/strong><\/em><\/p>\n<p>&nbsp;&nbsp;&nbsp;&nbsp;&nbsp;&nbsp;&nbsp;&nbsp; A pergunta que todos voc\u00eas hoje est\u00e3o na cabe\u00e7a \u00e9: &#8211; O que vem a seguir? Qual o pr\u00f3ximo passo a dar? Voc\u00ea que hoje est\u00e1 na Universidade, optou por sua carreira ou ainda no in\u00edcio ainda anda muito confuso com esta escolha, isto est\u00e1 pesando em todos os seus momentos de recolhimento, esta pergunta anda te assombrando? O que vem a seguir? Qual o caminho que eu preciso tomar agora? Urgente e t\u00e3o delicada essa quest\u00e3o. Posso ver nas mentes de voc\u00eas meus filhos, meus alunos, que isso est\u00e1 bastante fervilhante e poderia dizer preocupante em suas mentes, e por ser um assunto t\u00e3o atual, escolhi trazer \u00e0 tona para&nbsp; clarear um pouco e ajud\u00e1-los a entender e assim prosseguir no caminho da luz, quando falamos como crist\u00e3os em Luz, estamos falando da Pessoa de Jesus Cristo Ressuscitado, pois Ele disse: Eu sou a luz do mundo, quem me segue n\u00e3o anda nas trevas mas tem a Luz da vida! Andar na verdade \u00e9 seguir a Luz, pois Ele tamb\u00e9m disse, Eu sou o caminho, a Verdade e a Vida!<\/p>\n<p>&nbsp;&nbsp;&nbsp;&nbsp;&nbsp;&nbsp;&nbsp;&nbsp; Estou falando para os jovens, mas acho que isso vale para todas as idades, quando confrontamos com este questionamento.<\/p>\n<p>&nbsp;&nbsp;&nbsp;&nbsp;&nbsp;&nbsp;&nbsp;&nbsp; Muitos de n\u00f3s passamos a vida nos preparando para o que vamos decidir hoje, nos preparando para o que vem a seguir. J\u00e1 falamos um pouco sobre esse assunto algumas semanas atr\u00e1s. Vivemos numa sequencia vital, do ensino fundamental \u00e0 vida acad\u00eamica.&nbsp; Educar \u00e9 ensinar os filhos o que vem a seguir, o pr\u00f3ximo passo. Quando vamos para a Universidade vamos para sermos preparados para o que h\u00e1 de vir!&nbsp; Isso as vezes nos d\u00e1 a ideia, quando estamos vivendo a vida universit\u00e1ria de que teremos o Controle do que vir\u00e1!<\/p>\n<p>&nbsp;&nbsp;&nbsp;&nbsp;&nbsp;&nbsp;&nbsp;&nbsp; Prepara\u00e7\u00e3o \u00e9 bom, pois prepara\u00e7\u00e3o nos capacita para o futuro, mas uma certeza precisamos ter, por mais que nos preparemos, n\u00e3o poderemos controlar nosso futuro!<\/p>\n<p>&nbsp;&nbsp;&nbsp;&nbsp;&nbsp;&nbsp;&nbsp;&nbsp; Muitas pessoas s\u00e3o controladoras e vivem se frustrando e se decepcionando com os outros, pois \u00e9 muito f\u00e1cil perder o controle. O controle das coisas \u00e9 uma ilus\u00e3o. Muitos deixam de se alegrar, de aproveitar certos momentos saud\u00e1veis da vida, tentando controlar as coisas e as pessoas. Ningu\u00e9m sabe o que vem no futuro.<\/p>\n<p>&nbsp;&nbsp;&nbsp;&nbsp;&nbsp;&nbsp;&nbsp;&nbsp; Para come\u00e7ar, aproveito este tempo pascal e convido voc\u00eas para observar as leituras, onde os ap\u00f3stolos ap\u00f3s Jesus ter sido preso, torturado, mutilado, esfacelado, crucificado e ressuscitado, todos sem exce\u00e7\u00e3o, todos est\u00e3o sem poder, sem controle, sem certeza de nada! Todos est\u00e3o deste modo com medo! Isso, muito medo. Quando n\u00e3o temos as coisas nas nossas m\u00e3os ca\u00edmos no abismo do medo. O medo nos paralisa, nos acorrenta, nos aprisiona. Jesus se apresenta no meio deles, traz para eles a seguran\u00e7a de um Poder que n\u00f3s n\u00e3o temos, que dependemos desta for\u00e7a do Alto para sobreviver e disso nasce a Convic\u00e7\u00e3o.<\/p>\n<p>&nbsp;&nbsp;&nbsp;&nbsp;&nbsp;&nbsp;&nbsp;&nbsp; Outra passagem nos narra que os primeiros crist\u00e3os vendiam todos os seus bens e partilhavam entre si. Viviam em comunidade e hoje algu\u00e9m de n\u00f3s poderia imaginar pessoas vivendo assim? Claro, quem j\u00e1 ouviu falar da Can\u00e7\u00e3o Nova ou &nbsp;nas Novas Comunidades &nbsp;que vivem assim., Mas na nossa vida secular, imaginamos algo desta propor\u00e7\u00e3o? Que lindo que todos venderam tudo o que tinham e n\u00e3o se preocuparam com o que vinha depois.<\/p>\n<p>&nbsp;&nbsp;&nbsp;&nbsp;&nbsp;&nbsp;&nbsp;&nbsp; N\u00e3o sei se lembram mas os primeiros 31 papas da hist\u00f3ria foram M\u00e1rtires, todos foram mortos! Trezentos anos na sequencia de papas mortos por serem Crist\u00e3os e imagina o 32\u00ba que n\u00e3o o foi, ser\u00e1 que pensaria que era inferior, por n\u00e3o ter entregue sua vida por Cristo?<\/p>\n<p>&nbsp;&nbsp;&nbsp;&nbsp;&nbsp;&nbsp;&nbsp;&nbsp; Eles viviam em tamanha incerteza, que todos seriam a qualquer momento martirizados. O que vemos ent\u00e3o \u00e9 que parte do DNA do Crist\u00e3o \u00e9 n\u00e3o ter senso de controle sobre as coisas, ou seja, viver na incerteza! A certeza que temos como Crist\u00e3o \u00e9 que seremos rejeitados por sermos Crist\u00e3os! Este assunto \u00e9 totalmente atual! Pense n\u00e3o somente no mundo, mas na sua casa, voc\u00ea se converteu e de repente todos da sua casa rejeitam esta ideia, voc\u00ea vai escutar coisas do tipo: &#8211; Pense com sua cabe\u00e7a!<\/p>\n<p>&nbsp;&nbsp;&nbsp;&nbsp;&nbsp;&nbsp;&nbsp;&nbsp; Jesus entra no Cen\u00e1culo, e mostra no primeiro momento Suas chagas: &#8211; E ap\u00f3s mostrar as chagas diz: &#8211; O Pai me mandou e assim eu vos envio neste mundo. Voc\u00eas ser\u00e3o rejeitados, olhem para as Minhas Chagas, sinal da Rejei\u00e7\u00e3o do mundo! O mundo vos odeia porque Me odiou por primeiro! N\u00f3s n\u00e3o aceitamos muito estas Palavras at\u00e9 sermos n\u00f3s os interrogados! Por isso que a Igreja necessita algo muito maior do que Controle! Eu preciso algo maior que controle, muito mais do que saber o que vem a seguir! Tom\u00e9 \u00e9 o cara deste caminho! Ele fica muito furioso, quando seus amigos narram que Jesus apareceu no meio deles, e disse: &#8211; Se eu n\u00e3o tocar em suas Chagas n\u00e3o acreditarei, pois Eu o vi ser Crucificado, morto, impass\u00edvel! Algu\u00e9m j\u00e1 pensou porque Tom\u00e9 quis colocar seu dedo nas chagas? Que ideia estranha! Quando Ele o v\u00ea, Ele cai no ch\u00e3o e diz: Meu Senhor e meu Deus! Naquele momento ele recebe algo maior que o controle! Ele recebeu a convic\u00e7\u00e3o!!!! Tom\u00e9 n\u00e3o apenas acreditou, mas se CONVENCEU! Convencer \u00e9 vencer junto! \u00c9 tomar parte de uma Vit\u00f3ria memor\u00e1vel! \u00c9 Ser um com o vencedor!<\/p>\n<p>&nbsp;&nbsp;&nbsp;&nbsp;&nbsp;&nbsp;&nbsp;&nbsp; Quando tomamos conhecimento e abrimos nossas mentes com a experi\u00eancia de Jesus vivo e ressuscitado, sentimos seu Poder e sua for\u00e7a, nos convencemos! Este convencimento nos d\u00e1 o sustento para nossas batalhas di\u00e1rias sabendo que Ele \u00e9 Guerreiro em n\u00f3s! Nossa for\u00e7a vem Dele e tomamos como realidade algo que nos garante que Algu\u00e9m muito maior do que n\u00f3s, em cada um de n\u00f3s, Tem o controle de Tudo! Einstein dizia que Deus n\u00e3o joga dados! Nada \u00e9 a ao acaso! Jesus est\u00e1 no controle, tudo em n\u00f3s muda pela Raiz, mudando nosso paradigma! Somos agora Um com Ele!<\/p>\n<p>&nbsp;&nbsp;&nbsp;&nbsp;&nbsp;&nbsp;&nbsp;&nbsp; N\u00e3o sei se voc\u00eas sabem, mas as \u00faltimas estat\u00edsticas mostram que a cada ano desde o ano 2000, Cem Mil Crist\u00e3os s\u00e3o mortos\/ano.<\/p>\n<p>&nbsp;&nbsp;&nbsp;&nbsp;&nbsp;&nbsp;&nbsp;&nbsp; H\u00e1 20 anos atr\u00e1s quando voc\u00ea se apresentava na Universidade ou numa entrevista de emprego como Cat\u00f3lico ou Crist\u00e3o, voc\u00ea era imediatamente reconhecido como uma pessoa honesta, s\u00e9ria, proclamadora e defensora da verdade! Isso era muito positivo. E hoje, o quanto mudou! As \u00faltimas estat\u00edsticas mostram que quando os jovens se identificam como Cat\u00f3licos, s\u00e3o na mesma hora rejeitados, pois v\u00e3o dizendo que n\u00f3s somos intolerantes, homof\u00f3bicos, hip\u00f3critas. O que antes era uma pessoa trabalhadora, boa e cuidadora agora \u00e9 um grosso, intolerante, arrogante, homof\u00f3bico. O antidoto para superar tudo isso \u00e9 ser Convicto de que isso \u00e9 a realidade que no rejeita.<\/p>\n<p>&nbsp;&nbsp;&nbsp;&nbsp;&nbsp;&nbsp;&nbsp;&nbsp; Exemplo simples para hoje \u00e9 fazer parte de um grupo de alunos em qualquer &nbsp;Universidade, mundo ocidental, em que sua bandeira \u00e9 ser PROVIDA ( PROLIFE). Ande com uma campanha na Universidade com este tema e veja como os outros estudantes ir\u00e3o te tratar. Aqui no Rio a pouco tempo houve um ato de intoler\u00e2ncia com algo parecido! Ent\u00e3o, o que \u00e9 claro \u00e9 que no momento que voc\u00eas jovens tomam um tema dentro da sua f\u00e9 para apresentar ao mundo, vem a contracorrente! Nadamos contra a mar\u00e9. Quando tomamos nossa f\u00e9 a s\u00e9rio, n\u00e3o importa n\u00e3o sabermos o que vir\u00e1, qual ser\u00e1 o pr\u00f3ximo passo, mais ter a &nbsp;convic\u00e7\u00e3o no que cremos e defendemos, pois Ele \u00e9 a nossa for\u00e7a! \u00c9 Sempre bom lembrar a \u00faltima frase de toda Missa: &#8211; A Alegria do Senhor seja a vossa For\u00e7a! Preste aten\u00e7\u00e3o numa coisa: &#8211; Quando o assunto \u00e9 f\u00e9, e somos tratados desta forma t\u00e3o grosseria, n\u00e3o \u00e9 motivo para ficarmos com raiva, e sim para lembrarmos dos nossos irm\u00e3os nesses dois mil anos de caminhada, que se rejubilavam, ao poder testemunhar para quem estavam servindo.<\/p>\n<p>&nbsp;&nbsp;&nbsp;&nbsp;&nbsp;&nbsp;&nbsp;&nbsp; Saindo deste cen\u00e1rio do nosso mundinho e transpondo para o Vaticano. Quando um Papa \u00e9 escolhido no Conclave, dentro da Capela Sistina h\u00e1 uma Capela a qual&nbsp; ele se dirige ,conhecida como a &nbsp;sala das L\u00e1grimas! O escolhido se recolhe nesta sala, logo ap\u00f3s ter sido eleito, para chorar! Por que? Porque todos, desde os primeiros sabem que este oficio \u00e9 maior do que eles, e que muitos de seus precursores foram MORTOS e que ele pode ser martirizado tamb\u00e9m! &nbsp;Papa Bento XVI, quando eleito, entrou na sala, se cobriu de l\u00e1grimas, mas quando apareceu na sacada estava com um sorriso maravilhoso, e vem logo a seguir esta explica\u00e7\u00e3o: &nbsp;Ele sabia que n\u00e3o tinha controle nenhum sobre tudo aquilo, mas tinha a total e implac\u00e1vel CONVIC\u00c7\u00c3O Apost\u00f3lica! Pois o Espirito Santo o capacitou e Nele est\u00e1 o Controle!<\/p>\n<p>&nbsp;&nbsp;&nbsp;&nbsp;&nbsp;&nbsp;&nbsp;&nbsp; Ent\u00e3o pense algo comigo que muito te ajudar\u00e1 em sua caminhada. Quando voc\u00ea consegue um emprego, uma posi\u00e7\u00e3o, algo que chega a ser amedrontador para voc\u00ea, saiba que se o Espirito Santo o escolheu para aquele lugar, aquela fun\u00e7\u00e3o que voc\u00ea tem hoje, n\u00e3o \u00e9 porque voc\u00ea \u00e9 perfeito ou perfeita, ou porque voc\u00ea \u00e9 o m\u00e1ximo, mas porque Ele tem a absoluta certeza de que voc\u00ea n\u00e3o vai comprometer aquele lugar! O trabalho \u00e9 seu mas o controle \u00e9 Dele!<\/p>\n<p>&nbsp;&nbsp;&nbsp;&nbsp;&nbsp;&nbsp;&nbsp;&nbsp; O que vem a seguir! Eu n\u00e3o sei mas eu sou Convicto de que o que me espera \u00e9 o melhor! Eu n\u00e3o tenho o controle mas sou convicto. Jesus quando vence a morte, ele se torna o Vencedor de todas as coisas, por isso, eu e voc\u00ea participamos desta Vit\u00f3ria continuamente, mesmo que para isso tenhamos que perder a nossa vida, pois Ele prometeu, e se&nbsp; Ele \u00e9 o que Ele disse que era, eu sou o que Ele disse que eu sou, ent\u00e3o &nbsp;quem perder a sua vida por causa Dele, ter\u00e1 a Vida Eterna!<\/p>\n<p>&nbsp;&nbsp;&nbsp;&nbsp;&nbsp;&nbsp;&nbsp;&nbsp;<\/p>\n<p><strong><u>Oremos:<\/u><\/strong> Abb\u00e1 (Pai) Amado, hoje estou aqui diante de Ti! Pois s\u00f3 tu tens Palavras de Vida Eterna. Hoje venho entregar em suas m\u00e3os todo o controle da minha vida, das minhas escolhas e do meu futuro! Sim, Senhor eu sei que s\u00f3 Tu tens Poder para atrav\u00e9s das minhas m\u00e3os fazer crescer os frutos do meu trabalho, esta \u00e9 sua grande promessa! Pai eu preciso vencer toda raiz de perfeccionismo gestada em meu cora\u00e7\u00e3o, toda a esp\u00e9cie de comportamento controlador, que em segundos as vezes, me faz me decepcionar com as coisas, com as pessoas e culpar o Senhor! Tira de mim Senhor tudo o que me afasta de Ti e &nbsp;a partir de hoje permanecer Convicto, e levar meus irm\u00e3os a alcan\u00e7ar essa Convic\u00e7\u00e3o e assim poder, mesmo diante de todo desafio, n\u00e3o negar a minha F\u00e9!<\/p>\n<p><strong>Pai em tuas m\u00e3os entrego meu cora\u00e7\u00e3o! Cura-me Senhor, Liberta-me, Restaura-me Senhor! &nbsp;Am\u00e9m <\/strong><\/p>\n<p><strong>Gl\u00f3ria a ti Senhor nos mais alto dos C\u00e9us agora e para sempre, por todos os s\u00e9culos dos S\u00e9culos. Am\u00e9m!<\/strong><\/p>\n","protected":false},"excerpt":{"rendered":"<p>\u00a0\u00a0\u00a0\u00a0\u00a0\u00a0\u00a0\u00a0 Os primeiros crist\u00e3os eram homens e mulheres que viviam na incerteza. Os crist\u00e3os de hoje s\u00e3o homens e mulheres que vivem na incerteza. A diferen\u00e7a chave \u00e9 que eles tinham algo muito maior do que seguran\u00e7a, eles tinham convic\u00e7\u00e3o. Mais do que controle eles tinham CONVIC\u00c7\u00c3O.<\/p>\n<p> <a href=\"https:\/\/blog.cancaonova.com\/drnasser\/2018\/04\/11\/qual-o-proximo-passo-algo-maior-do-que-meu-controle\/\">Continue lendo <span class=\"meta-nav\">&rarr;<\/span><\/a><\/p>\n","protected":false},"author":2501,"featured_media":0,"comment_status":"open","ping_status":"open","sticky":false,"template":"","format":"standard","meta":{"_mi_skip_tracking":false,"_monsterinsights_sitenote_active":false,"_monsterinsights_sitenote_note":"","_monsterinsights_sitenote_category":0,"footnotes":""},"categories":[10601],"tags":[189922,190879,23052,27895,34711,7821,80076,1031,17234,34317],"_links":{"self":[{"href":"https:\/\/blog.cancaonova.com\/drnasser\/wp-json\/wp\/v2\/posts\/1307"}],"collection":[{"href":"https:\/\/blog.cancaonova.com\/drnasser\/wp-json\/wp\/v2\/posts"}],"about":[{"href":"https:\/\/blog.cancaonova.com\/drnasser\/wp-json\/wp\/v2\/types\/post"}],"author":[{"embeddable":true,"href":"https:\/\/blog.cancaonova.com\/drnasser\/wp-json\/wp\/v2\/users\/2501"}],"replies":[{"embeddable":true,"href":"https:\/\/blog.cancaonova.com\/drnasser\/wp-json\/wp\/v2\/comments?post=1307"}],"version-history":[{"count":4,"href":"https:\/\/blog.cancaonova.com\/drnasser\/wp-json\/wp\/v2\/posts\/1307\/revisions"}],"predecessor-version":[{"id":1311,"href":"https:\/\/blog.cancaonova.com\/drnasser\/wp-json\/wp\/v2\/posts\/1307\/revisions\/1311"}],"wp:attachment":[{"href":"https:\/\/blog.cancaonova.com\/drnasser\/wp-json\/wp\/v2\/media?parent=1307"}],"wp:term":[{"taxonomy":"category","embeddable":true,"href":"https:\/\/blog.cancaonova.com\/drnasser\/wp-json\/wp\/v2\/categories?post=1307"},{"taxonomy":"post_tag","embeddable":true,"href":"https:\/\/blog.cancaonova.com\/drnasser\/wp-json\/wp\/v2\/tags?post=1307"}],"curies":[{"name":"wp","href":"https:\/\/api.w.org\/{rel}","templated":true}]}}