{"id":1468,"date":"2019-02-17T15:18:42","date_gmt":"2019-02-17T18:18:42","guid":{"rendered":"http:\/\/blog.cancaonova.com\/drnasser\/?p=1468"},"modified":"2019-02-17T15:18:42","modified_gmt":"2019-02-17T18:18:42","slug":"desqualificado-impedido-ou-preparado","status":"publish","type":"post","link":"https:\/\/blog.cancaonova.com\/drnasser\/2019\/02\/17\/desqualificado-impedido-ou-preparado\/","title":{"rendered":"\u00a0DESQUALIFICADO IMPEDIDO OU PREPARADO"},"content":{"rendered":"<p><a href=\"http:\/\/blog.cancaonova.com\/drnasser\/files\/2017\/01\/capa-do-livro-ecos-do-silencio.jpg\"><img loading=\"lazy\" decoding=\"async\" class=\"aligncenter size-medium wp-image-1064\" src=\"http:\/\/blog.cancaonova.com\/drnasser\/files\/2017\/01\/capa-do-livro-ecos-do-silencio-199x300.jpg\" alt=\"\" width=\"199\" height=\"300\" srcset=\"https:\/\/blog.cancaonova.com\/drnasser\/files\/2017\/01\/capa-do-livro-ecos-do-silencio-199x300.jpg 199w, https:\/\/blog.cancaonova.com\/drnasser\/files\/2017\/01\/capa-do-livro-ecos-do-silencio.jpg 636w\" sizes=\"(max-width: 199px) 100vw, 199px\" \/><\/a><\/p>\n<p><strong>&nbsp;<\/strong><\/p>\n<p><strong>&nbsp;&nbsp;&nbsp;&nbsp;&nbsp;&nbsp;&nbsp;&nbsp; &nbsp;&nbsp;&nbsp;&nbsp;&nbsp;&nbsp;&nbsp;&nbsp; <em>EM CRISTO, seu passado poderia n\u00e3o ser aquilo que impediria voc\u00ea de fazer parte do Reino de Deus&#8230;Na verdade seria o que&nbsp; tem preparado voc\u00ea!<\/em><\/strong><\/p>\n<p><strong>&nbsp;&nbsp;&nbsp;&nbsp;&nbsp;&nbsp;&nbsp;&nbsp;&nbsp;&nbsp;&nbsp;&nbsp;&nbsp;&nbsp;&nbsp;&nbsp;&nbsp; <\/strong>Quando falamos sobre desqualifica\u00e7\u00e3o me chama mais &nbsp;\u00e0 aten\u00e7\u00e3o s\u00e3o os atletas de nata\u00e7\u00e3o. Esses atletas se preparam a vida toda para esse grande dia. NO momento da largada, por um descuido caem na \u00e1gua antes dos outros e imediatamente s\u00e3o desqualificados. S\u00e3o eliminados antes mesmo de terem tentado. N\u00e3o tiveram a chance de tentar.<\/p>\n<p>&nbsp;&nbsp;&nbsp;&nbsp;&nbsp;&nbsp;&nbsp;&nbsp;&nbsp;&nbsp;&nbsp; Quantas vezes n\u00f3s fazemos isso com nossa pr\u00f3pria vida. Muitos domingos vamos \u00e0 Missa, ouvimos do Sacerdote falando sobre o grande plano de Deus para nossas vidas, e o primeiro pensamento que vem na nossa cabe\u00e7a \u00e9: &nbsp;&#8211; Eu n\u00e3o tenho chance, eu n\u00e3o sou qualificado, ou melhor ,<strong> eu sou desqualificado<\/strong>. Quando o assunto \u00e9 vida em Deus, a primeira palavra que vem na nossa mente e no nosso cora\u00e7\u00e3o \u00e9: &#8211; &nbsp;Eu sou desqualificado por que meu passado me condena. Isso \u00e9 muito comum.<\/p>\n<p>&nbsp;&nbsp;&nbsp;&nbsp;&nbsp;&nbsp;&nbsp;&nbsp;&nbsp;&nbsp;&nbsp; Porque tudo isso \u00e9 muito comum, ou seja, eu me sentir desqualificado, por meu passado me condenar. Por que eu n\u00e3o me sinto com chance para desenvolver nada, tanto na Igreja quanto na minha vida? &nbsp;Vamos discutir um pouco sobre isso nessa s\u00e9rie que se inicia hoje. <strong>DESQUALIFICADO!<\/strong><\/p>\n<p>&nbsp;&nbsp;&nbsp;&nbsp;&nbsp;&nbsp;&nbsp;&nbsp;&nbsp;&nbsp;&nbsp; Come\u00e7amos com Neemias que era um dos profetas do Exilio na BABILONIA. NEEMIAS Capitulo 8. O povo havia perdido o Templo, o local de adora\u00e7\u00e3o a Deus, como tamb\u00e9m o local para as coisas Sagradas. O povo estava sem rumo, sem ch\u00e3o, sem saber at\u00e9 quem eles eram. Nesse Cap\u00edtulo o Profeta levanta seu povo com Palavras para que pudessem saber que n\u00e3o eram Desqualificados. Esdras e Neemias s\u00e3o os mensageiros para levar e elevar o &nbsp;seu povo.<\/p>\n<p>&nbsp;&nbsp;&nbsp;&nbsp;&nbsp;&nbsp;&nbsp;&nbsp;&nbsp;&nbsp;&nbsp; Esdras era descendente de Aar\u00e3o, Sumo sacerdote. Ele como Sacerdote, nunca havia feito um Sacrif\u00edcio! O Sacrif\u00edcio era o mais importante quando se \u00e9 Sacerdote. Ele passou a vida toda sem nunca ter vindo a Jerusal\u00e9m. Imagine algu\u00e9m que nasceu para ser um Sacerdote e nunca o fez porque nunca houve para ele a presen\u00e7a do Templo . O Templo havia sido destru\u00eddo. E o Templo era o \u00fanico local do Sacrif\u00edcio.<\/p>\n<p>&nbsp;&nbsp;&nbsp;&nbsp;&nbsp;&nbsp;&nbsp;&nbsp;&nbsp;&nbsp;&nbsp; Ao inv\u00e9s de exercerem o papel que Deus os havia ungido, serviam ao Rei da Babil\u00f4nia, longe das coisas sagradas de Israel. Esdras era o estudioso e vivia com seu povo na escravid\u00e3o. Dedicava sua vida a Torah, ler, meditar e ensinar. O Rei chama Esdras e o presenteia com a noticia de voltar a Jerusal\u00e9m, para elevar o Templo.<\/p>\n<p>&nbsp;&nbsp;&nbsp;&nbsp;&nbsp;&nbsp;&nbsp;&nbsp;&nbsp;&nbsp;&nbsp; Esdras passa sete dias ensinando e ensinando dia e noite seu povo, em frente as 40 mil pessoas. Pense agora algu\u00e9m que poderia se sentir desqualificado pelo seu passado de escravid\u00e3o, mas seu passado o preparou para sua grande Miss\u00e3o de reconstru\u00e7\u00e3o. Assim, quando Esdras e Neemias foram para a Terra Santa, &nbsp;chegaram \u00e0 Jerusal\u00e9m e viram tudo em ru\u00ednas. Ao voltar para o Rei Neemias pediram para que o Rei desse a &nbsp;chance de elevar a cidade, a cidade de Deus, Jerusal\u00e9m. Neemias volta para reconstruir, e ao inv\u00e9s de ter o apoio do povo, tem oposi\u00e7\u00e3o, pessoas querendo mat\u00e1-lo.<\/p>\n<p>&nbsp;&nbsp;&nbsp;&nbsp;&nbsp;&nbsp;&nbsp;&nbsp;&nbsp;&nbsp;&nbsp; Deus preparou esse dois homens para a grande miss\u00e3o de reconstruir a cidade de Deus. Imagina se eles tivessem olhado suas vidas e pensado que o passado os desqualificassem. O veneno desse momento \u00e9 a compara\u00e7\u00e3o. Quando eu me comparo com outras pessoas eu me diminuo, e porque eles n\u00e3o conseguiram, talvez eu os ache mais inteligentes, mais brilhantes, mais capazes, mais sagazes do que eu! Ent\u00e3o, eu me desqualifico.<\/p>\n<p>&nbsp;&nbsp;&nbsp;&nbsp;&nbsp;&nbsp;&nbsp;&nbsp;&nbsp;&nbsp;&nbsp; Esdras era o cara da Palavra e do&nbsp; Sacerd\u00f3cio, e Neemias o cara preparado com o Rei para ser um grande empreendedor. Esdras jejuou e orou a Deus, e ele n\u00e3o solicitou guarda armada na sua jornada pois, pensou que se &nbsp;tivesse pedido n\u00e3o estaria confiando na prote\u00e7\u00e3o do Deus ou do Guarda de Israel. Neemias pelo contr\u00e1rio, pediu guarda pois confiava em Deus mas tamb\u00e9m na sua ast\u00facia.<\/p>\n<p>&nbsp;&nbsp;&nbsp;&nbsp;&nbsp;&nbsp;&nbsp;&nbsp;&nbsp;&nbsp;&nbsp; As diferen\u00e7as s\u00e3o na verdade armas poderosas quando usadas em harmonia. Diversidade \u00e9 uma grande coisa se usada por um bem maior. Diversidade que n\u00e3o \u00e9 unida por algo maior, \u00e9 apenas uma parte de um todo com fim em si mesmo, um peda\u00e7o do corpo e n\u00e3o o corpo em si.<\/p>\n<p>&nbsp;&nbsp;&nbsp;&nbsp;&nbsp;&nbsp;&nbsp;&nbsp;&nbsp;&nbsp;&nbsp; O Espirito comum que muda o mundo . Isso que mostra que n\u00e3o podemos vencer sozinhos. Deus nos prepara para uma grande obra. Penso sempre quando esse assunto vem em meu cora\u00e7\u00e3o penso na Obra de Madre Teresa de Calcut\u00e1. Penso como sua dedica\u00e7\u00e3o a Caridade pode e ainda hoje pode tocar os cora\u00e7\u00f5es de pessoas de todas as \u00e1reas do mundo e faz\u00ea-las servir a Cristo na figura do Miser\u00e1vel.<\/p>\n<p>&nbsp;&nbsp;&nbsp;&nbsp;&nbsp;&nbsp;&nbsp;&nbsp;&nbsp;&nbsp;&nbsp; Outra obra que todos n\u00f3s n\u00e3o cansamos de anunciar s\u00e3o as Novas Comunidades, tantos Carismas servindo ao grande Corpo M\u00edstico que \u00e9 a Santa Igreja. Quantos jovens nos \u00faltimos cinquenta anos deixaram tudo e foram seguir Jesus. A Can\u00e7\u00e3o Nova, obra nascida no cora\u00e7\u00e3o de um Sacerdote, nosso Amado Padre Jonas Abib, e que hoje se tornou algo muito grande no Brasil e em outros pa\u00edses.<\/p>\n<p>&nbsp;&nbsp;&nbsp;&nbsp;&nbsp;&nbsp;&nbsp;&nbsp;&nbsp;&nbsp;&nbsp; Por fim, vem a hist\u00f3ria de um padre Americano, que conta essa grande hist\u00f3ria. Um dia esse Padre tinha uma audi\u00eancia com o Papa Jo\u00e3o II. No caminho para a Audi\u00eancia, passou por um grupo de irm\u00e3os de rua que habitam as ruas de Roma. Mas no meio daqueles homens viu algu\u00e9m que lhe pareceu familiar. Ao seu aproximar, viu que era um Sacerdote que havia estudado com ele no Semin\u00e1rio. Um Sacerdote entre os homens de Rua, condenado pelo seu passado e afastado de todos. Como o tempo era curto, o Sacerdote ouviu essa hist\u00f3ria do homem que agora mendigava, mas que ainda tinha as m\u00e3os ungidas para consagrar o Corpo e o Sangue Precioso de Nosso Senhor Jesus Cristo, e seguiu seu caminho at\u00e9 a Sala de Audi\u00eancias. Ao encontrar com o Santo Padre, viu que o Papa Jo\u00e3o Paulo II os observava e em poucos minutos perguntou: &#8211; O que est\u00e1 acontecendo com voc\u00ea meu filho? Sem jeito, &nbsp;o Sacerdote pediu desculpas e contou o que havia presenciado. Ent\u00e3o ouviu do Papa; &#8211; Amanh\u00e3 traga esse Padre aqui as 15hs, eu estarei esperando voc\u00eas dois em audi\u00eancia privada.<\/p>\n<p>&nbsp;&nbsp;&nbsp;&nbsp;&nbsp;&nbsp;&nbsp;&nbsp;&nbsp;&nbsp;&nbsp; Bem, no outro dia, o Padre Americano trouxe seu amigo padre (mendigo) &nbsp;para a audi\u00eancia e ao chegar ouviu do Santo Padre que o esperasse do lado &nbsp;de fora. Tomando o padre (mendigo) pela m\u00e3o o levou para sua Capela privada. Ao final, os dois vieram para fora. O rosto do Santo Padre reluzia de alegria e o do Padre mais ainda. NO caminho de volta, foi contando, sentiu uma vontade enorme de se confessar e &nbsp;que tudo o que tinha em seu cora\u00e7\u00e3o foi confessado e sendo aconselhado pelo Santo Padre que ao final da Confiss\u00e3o e absolvi\u00e7\u00e3o pediu para se Confessar com o Padre(mendigo) tamb\u00e9m. Antes de se despedir &nbsp;disse: &#8211; Eu te envio para que como Jesus &nbsp;que se fez como cada um de n\u00f3s, que voc\u00ea seja meu enviado para evangelizar as ruas de Roma, levando os Sacramentos a todos os que Jesus te colocar. Seu passado passou a ser a for\u00e7a que o guiaria para a Grande obra de Deus. Porque para Deus voc\u00ea sempre ser\u00e1 um grande Sacerdote do Senhor. Seu passado n\u00e3o te desqualifica!<\/p>\n<p>&nbsp;&nbsp;&nbsp;&nbsp;&nbsp;&nbsp;&nbsp;&nbsp;&nbsp;&nbsp;&nbsp; Deus nesse momento est\u00e1 te preparando para um grande trabalho. Voc\u00ea n\u00e3o \u00e9 desqualificado, voc\u00ea est\u00e1 sendo preparado.<\/p>\n<p>&nbsp;&nbsp;&nbsp;&nbsp;&nbsp;&nbsp;&nbsp;&nbsp;&nbsp;&nbsp;&nbsp; &nbsp;&nbsp;&nbsp;&nbsp;&nbsp;&nbsp;&nbsp;&nbsp;&nbsp;&nbsp;&nbsp;<\/p>\n<p>&nbsp;&nbsp;&nbsp;&nbsp;&nbsp;&nbsp;&nbsp;&nbsp; &nbsp;&nbsp;&nbsp;&nbsp;&nbsp;&nbsp;&nbsp;&nbsp; &nbsp;&nbsp;&nbsp;&nbsp;&nbsp;&nbsp;&nbsp;&nbsp; <strong><u>Oremos:<\/u><\/strong> Abb\u00e1 (Pai) Amado, Muitas vezes n\u00f3s nos sentimos despreparados e Desqualificados. Somos assim porque somos tentados dia e noite pelo tentador para nos compararmos aos outros. Ao inv\u00e9s de fitarmos no Senhor, de colocarmos nossa total e cont\u00ednua confian\u00e7a no Senhor que confia em n\u00f3s para Seu plano. Senhor retire de mim toda a esp\u00e9cie de confian\u00e7a nos homens e coloque-a em suas m\u00e3os, pois por ela eu posso ser modelado como o barro nas m\u00e3os do oleiro e atingir em plenitude os planos que o Senhor tem para a minha vida! Am\u00e9m!<\/p>\n<p>Pai em tuas m\u00e3os entrego meu cora\u00e7\u00e3o! Cura-me Senhor, Restaura-me Senhor! &nbsp;Am\u00e9m<\/p>\n","protected":false},"excerpt":{"rendered":"<p>\u00a0\u00a0\u00a0\u00a0\u00a0\u00a0\u00a0\u00a0 \u00a0\u00a0\u00a0\u00a0\u00a0\u00a0\u00a0\u00a0 EM CRISTO, seu passado poderia n\u00e3o ser aquilo que impediria voc\u00ea de fazer parte do Reino de Deus&#8230;Na verdade seria o que\u00a0 tem preparado voc\u00ea! <a href=\"https:\/\/blog.cancaonova.com\/drnasser\/2019\/02\/17\/desqualificado-impedido-ou-preparado\/\">Continue lendo <span class=\"meta-nav\">&rarr;<\/span><\/a><\/p>\n","protected":false},"author":2501,"featured_media":0,"comment_status":"open","ping_status":"open","sticky":false,"template":"","format":"standard","meta":{"_mi_skip_tracking":false,"_monsterinsights_sitenote_active":false,"_monsterinsights_sitenote_note":"","_monsterinsights_sitenote_category":0,"footnotes":""},"categories":[10601],"tags":[189860,5011,190982,190985,80076,7941,150457,16909,40279],"_links":{"self":[{"href":"https:\/\/blog.cancaonova.com\/drnasser\/wp-json\/wp\/v2\/posts\/1468"}],"collection":[{"href":"https:\/\/blog.cancaonova.com\/drnasser\/wp-json\/wp\/v2\/posts"}],"about":[{"href":"https:\/\/blog.cancaonova.com\/drnasser\/wp-json\/wp\/v2\/types\/post"}],"author":[{"embeddable":true,"href":"https:\/\/blog.cancaonova.com\/drnasser\/wp-json\/wp\/v2\/users\/2501"}],"replies":[{"embeddable":true,"href":"https:\/\/blog.cancaonova.com\/drnasser\/wp-json\/wp\/v2\/comments?post=1468"}],"version-history":[{"count":1,"href":"https:\/\/blog.cancaonova.com\/drnasser\/wp-json\/wp\/v2\/posts\/1468\/revisions"}],"predecessor-version":[{"id":1469,"href":"https:\/\/blog.cancaonova.com\/drnasser\/wp-json\/wp\/v2\/posts\/1468\/revisions\/1469"}],"wp:attachment":[{"href":"https:\/\/blog.cancaonova.com\/drnasser\/wp-json\/wp\/v2\/media?parent=1468"}],"wp:term":[{"taxonomy":"category","embeddable":true,"href":"https:\/\/blog.cancaonova.com\/drnasser\/wp-json\/wp\/v2\/categories?post=1468"},{"taxonomy":"post_tag","embeddable":true,"href":"https:\/\/blog.cancaonova.com\/drnasser\/wp-json\/wp\/v2\/tags?post=1468"}],"curies":[{"name":"wp","href":"https:\/\/api.w.org\/{rel}","templated":true}]}}