{"id":1477,"date":"2019-02-23T17:29:51","date_gmt":"2019-02-23T20:29:51","guid":{"rendered":"http:\/\/blog.cancaonova.com\/drnasser\/?p=1477"},"modified":"2019-02-23T17:29:51","modified_gmt":"2019-02-23T20:29:51","slug":"da-serie-desqualificado-esperanca-virtude-da-luta","status":"publish","type":"post","link":"https:\/\/blog.cancaonova.com\/drnasser\/2019\/02\/23\/da-serie-desqualificado-esperanca-virtude-da-luta\/","title":{"rendered":"DA \u00a0S\u00c9RIE DESQUALIFICADO: ESPERAN\u00c7A A VIRTUDE DA LUTA"},"content":{"rendered":"<p><a href=\"http:\/\/blog.cancaonova.com\/drnasser\/files\/2016\/11\/10514627_640836882651254_1558443024961048590_n.jpg\"><img loading=\"lazy\" decoding=\"async\" class=\"aligncenter size-medium wp-image-1045\" src=\"http:\/\/blog.cancaonova.com\/drnasser\/files\/2016\/11\/10514627_640836882651254_1558443024961048590_n-300x277.jpg\" alt=\"\" width=\"300\" height=\"277\" srcset=\"https:\/\/blog.cancaonova.com\/drnasser\/files\/2016\/11\/10514627_640836882651254_1558443024961048590_n-300x277.jpg 300w, https:\/\/blog.cancaonova.com\/drnasser\/files\/2016\/11\/10514627_640836882651254_1558443024961048590_n-768x708.jpg 768w, https:\/\/blog.cancaonova.com\/drnasser\/files\/2016\/11\/10514627_640836882651254_1558443024961048590_n.jpg 960w\" sizes=\"(max-width: 300px) 100vw, 300px\" \/><\/a><\/p>\n<p><strong>&nbsp;<\/strong><\/p>\n<p><strong><em>ESPERAN\u00c7A n\u00e3o \u00e9 uma Virtude f\u00e1cil. Esperan\u00e7a \u00e9 uma Virtude que remete ao verbo &nbsp;LUTAR. Temos &nbsp;que lutar e lutar para valer quando o assunto \u00e9 Esperan\u00e7a. Esperan\u00e7a \u00e9 a Virtude que nos capacita a viver no presente com For\u00e7a e Convic\u00e7\u00e3o. \u00c9 preciso Esperan\u00e7a para que tenhamos A\u00e7\u00e3o.<\/em><\/strong><\/p>\n<p><strong>&nbsp;&nbsp;&nbsp;&nbsp;&nbsp;&nbsp;&nbsp;&nbsp;&nbsp;&nbsp;&nbsp; <\/strong>Qual \u00e9 idade m\u00e1xima que voc\u00ea pensa em viver? Fa\u00e7a essa pergunta aos seus e veja que interessante, qu\u00e3o vari\u00e1veis s\u00e3o as proje\u00e7\u00f5es de idade, aproveitando at\u00e9 essa discuss\u00e3o a respeito da reforma da previd\u00eancia. Pois bem, estamos num tempo de fazer esse tipo de pergunta. Muitas pessoas querem viver muito, proje\u00e7\u00f5es exageradas, cem anos, outros dizem:- J\u00e1 estou passando da hora! Outros ainda projetam para setenta anos. &nbsp;O que nos faz fazer essa proje\u00e7\u00e3o? As pessoas dizem que enquanto tiverem sa\u00fade, outros dinheiro &nbsp;e outros dizem, enquanto eu tiver ao meu redor parentes e amigos, pois se chega a uma idade em que todos os seus amigos se foram. Qual \u00e9 ponto de viver? Todos iremos morrer! Muitos ent\u00e3o argumentam, que se n\u00e3o tiverem sa\u00fade, com sofrimento cr\u00f4nico \u00e9 melhor morrer, outros a respeito dos amigos. N\u00f3s todos buscamos em nossas vidas &nbsp;coisas &nbsp;que se evaporam: sucesso, dinheiro, sa\u00fade e mobilidade. Tudo isso j\u00e1 era. Duas coisas acontecem, ou nossa esperan\u00e7a se foi, ou foi muito desmotivada .<\/p>\n<p>&nbsp;&nbsp;&nbsp;&nbsp;&nbsp;&nbsp;&nbsp;&nbsp;&nbsp;&nbsp;&nbsp; Esperan\u00e7a n\u00e3o \u00e9&nbsp; uma virtude f\u00e1cil, \u00e9 uma virtude de luta. \u00c9 a virtude que move, que requer a\u00e7\u00e3o. \u00c9 necess\u00e1ria esperan\u00e7a para levantar de manh\u00e3, para ir \u00e0 Missa, para tomar uma a\u00e7\u00e3o que nos desafia. <strong>Esperan\u00e7a \u00e9 uma virtude que abra\u00e7a uma realidade que vem na sua dire\u00e7\u00e3o. N\u00e3o \u00e9 um desejo. N\u00e3o \u00e9 um evitar a realidade e sim enfrent\u00e1-la. N\u00e3o \u00e9 ficar sentado esperando alguma coisa acontecer, isso \u00e9 desejo. Esperan\u00e7a \u00e9 ir ao encontro dela sem temer. Esperan\u00e7a \u00e9 se levantar e enfrentar a neve, a lama, a tempestade, tudo que nos desafia com a\u00e7\u00e3o, com atitude. <\/strong><\/p>\n<p>&nbsp;&nbsp;&nbsp;&nbsp;&nbsp;&nbsp;&nbsp;&nbsp;&nbsp;&nbsp;&nbsp; A pessoa esperan\u00e7osa \u00e9 aquela que cr\u00ea que h\u00e1 um futuro. E que o futuro ter\u00e1 valor. Ser\u00e1 v\u00e1lido. Eu preciso agir agora e hoje para o futuro. Todos voc\u00eas hoje que est\u00e3o cursando uma Escola, uma&nbsp; Universidade, um Curso Superior, Curso T\u00e9cnico, um Mestrado ou Doutorado ou o que for nessa dire\u00e7\u00e3o, o fazem porque acreditam num futuro, em algo novo dentro da ci\u00eancia e do conhecimento. Um dia, o que eu fa\u00e7o hoje, ter\u00e1 uma continuidade no que estou fazendo, ter\u00e1 valido \u00e0 pena.<\/p>\n<p>&nbsp;&nbsp;&nbsp;&nbsp;&nbsp;&nbsp;&nbsp;&nbsp;&nbsp;&nbsp;&nbsp; Voc\u00ea \u00e9 uma pessoa de Esperan\u00e7a, por isso sai da cama todos os dias.<\/p>\n<p>&nbsp;&nbsp;&nbsp;&nbsp;&nbsp;&nbsp;&nbsp;&nbsp;&nbsp;&nbsp;&nbsp; Nossa vida \u00e9 cheia de Pequenas Esperan\u00e7as, ou seja, que o relacionamento se torne s\u00e9rio e se encaminhe para o Matrim\u00f4nio. Que eu fa\u00e7a esse Est\u00e1gio e termine sendo efetivado no trabalho. Que eu treine rigorosamente para a competi\u00e7\u00e3o e obtenha sucesso, seja l\u00e1 qual for a competi\u00e7\u00e3o, esportiva, de neg\u00f3cios, de conhecimento, de rob\u00f3tica.<\/p>\n<p><strong><em>&nbsp;&nbsp;&nbsp;&nbsp;&nbsp;&nbsp;&nbsp;&nbsp;&nbsp;&nbsp;&nbsp; As <u>pequenas esperan\u00e7as<\/u> s\u00e3o boas. O problema \u00e9 quando uma ou v\u00e1rias das pequenas esperan\u00e7as se realizam. O problema \u00e9 que quando isso acontece, para a maioria de n\u00f3s, isso nos tira a ra\u00e7a para as grandes esperan\u00e7as.<\/em><\/strong><\/p>\n<p><strong>&nbsp;&nbsp;&nbsp;&nbsp;&nbsp;&nbsp;&nbsp;&nbsp;&nbsp;&nbsp;&nbsp; <\/strong>Jeremias nas Escrituras essa semana narra que: &#8211; <strong><u>Infeliz do homem que acredita e espera em outro homem<\/u><\/strong>. Claro, pois isso \u00e9 ilus\u00e3o. O Livro do Eclesiastes escrito por Salom\u00e3o \u00e9 um dos poucos Livros Sagrados que n\u00e3o \u00e9 Deus quem Diz \u00e9 o homem, no caso Salom\u00e3o o Rei, ent\u00e3o o Rei escreve, disse que tudo na vida que n\u00f3s pensamos ter valor, \u00e9 Vaidade. Vaidade das vaidades. Nos faz sermos tolos. Isso tudo \u00e9 miragem. Miragem \u00e9 algo que quando nos aproximamos nos damos conta de que n\u00e3o existe. Mirage \u00e9 nome de um dos maiores Cassinos de Las Vegas. Interessante falar sobre isso, pois Cassino \u00e9 o local onde voc\u00ea \u00e9 enganado do momento que chega at\u00e9 o momento que sai em seu sistema sensorial, pois voc\u00ea acredita que ainda n\u00e3o chegou o suficiente, e porque voc\u00ea n\u00e3o atingiu o suficiente sensorial voc\u00ea acaba perdendo sempre para o Cassino. Por isso Cassino n\u00e3o tem janelas, contato com exterior, nada que te tire os olhos do que est\u00e1 acontecendo, voc\u00ea fica sempre tendo a sensa\u00e7\u00e3o de que sempre \u00e9 noite, pois n\u00e3o h\u00e1 rel\u00f3gios nas paredes, nada que desperte a aten\u00e7\u00e3o para fora do que te hipnotiza.<\/p>\n<p>&nbsp;&nbsp;&nbsp;&nbsp;&nbsp;&nbsp;&nbsp;&nbsp;&nbsp;&nbsp;&nbsp; Voltando as nossas pequenas esperan\u00e7as, quando voc\u00ea consegue ganhar todas elas e ao final descobre que falta algo maior. Um dos maiores exemplos disso \u00e9 Tomas Brady. Como j\u00e1 mencionei v\u00e1rias vezes, esse \u00e9 o tipo do cara que deve ter realizado todas as suas pequenas esperan\u00e7as: &#8211; Agora Seis An\u00e9is do Superbowl do Futebol Americano, inigual\u00e1vel, tudo o que algu\u00e9m deseja na vida pessoal ele tem. Tudo tudo tudo, contudo em um programa de TV ele foi perguntado o que &nbsp;faltava para ele, pois ele muito idolatrada, querido, odiado pelos advers\u00e1rios, reconhecido no mundo todo. Ele respondeu \u2013 Eu ainda tenho a certeza dentro de mim de que algo maior ainda est\u00e1 para acontecer comigo l\u00e1 fora e isso me leva a lutar todos os dias. O entrevistador perguntou: Voc\u00ea sabe o que \u00e9? Ele respondeu: &#8211; Eu queria muito saber. Essa resposta \u00e9 meio triste para algu\u00e9m que foi educado na f\u00e9 Cat\u00f3lica, ele deveria saber.<\/p>\n<p><strong>&nbsp;&nbsp;&nbsp;&nbsp;&nbsp;&nbsp;&nbsp;&nbsp;&nbsp;&nbsp;&nbsp; Jimmy Carey uma vez disse algo interessante: Que todo mundo na vida deveria pelo menos por um tempo ser Rico e Famoso, para entender que isso n\u00e3o o faz Feliz!<\/strong><\/p>\n<p><strong>&nbsp;&nbsp;&nbsp;&nbsp;&nbsp;&nbsp;&nbsp;&nbsp;&nbsp;&nbsp;&nbsp; <u>Duas coisas podem acontecer contigo: Voc\u00ea realizou todos os seus sonhos(pequenas esperan\u00e7as) ou n\u00e3o realizou nada. Voc\u00ea vai chegar no mesmo ponto, nada \u00e9 suficiente.<\/u><\/strong><\/p>\n<p><strong>&nbsp;&nbsp;&nbsp;&nbsp;&nbsp;&nbsp;&nbsp;&nbsp;&nbsp;&nbsp;&nbsp; <\/strong>Dentro desse contexto S\u00e3o Lucas nos narra no Serm\u00e3o das Bem aventuran\u00e7as. Em Mateus \u00e9 muito mais suave. Em Lucas n\u00e3o, <strong><em><u>Lucas chama a aten\u00e7\u00e3o para os desafios<\/u><\/em><\/strong>, para todos n\u00f3s que saberemos que Feliz seremos quando passarmos fome, doen\u00e7as, dificuldades, pois saberemos ent\u00e3o o valor da for\u00e7a do Senhor em n\u00f3s. Pobre de quem tem tudo e fica adormecido com o que se flagela ao lado. <strong>Toda vez que n\u00f3s temos tudo, n\u00f3s ficamos adormecidos e Jesus nos quer Acordados.<\/strong><\/p>\n<p><strong>&nbsp;&nbsp;&nbsp;&nbsp;&nbsp;&nbsp;&nbsp;&nbsp;&nbsp;&nbsp;&nbsp; <\/strong><strong><em><u>Qual \u00e9 o objetivo da vida? Viver muito? Ter tudo? Que nada, o objetivo da vida \u00e9 a Vida Eterna.&nbsp;&nbsp;&nbsp; <\/u><\/em><\/strong><\/p>\n<p><strong>&nbsp;&nbsp;&nbsp;&nbsp;&nbsp;&nbsp;&nbsp;&nbsp;&nbsp;&nbsp;&nbsp; <\/strong>N\u00f3s temos a imagem de Deus desenhada pela imagem dos nossos pais. Falando sobre isso n\u00f3s vem os termos atuais para isso<strong>. Pais helic\u00f3pteros. <\/strong>S\u00e3o aqueles dispon\u00edveis 24hs por dia, 365 dias por anos para suprir e proteger os filhos. Nunca aconteceu antes na hist\u00f3ria da humanidade. Os pais agora, que amam, segundo esses conceitos, s\u00e3o os pais que &nbsp;vem na necessidade, no apuro, no sofrimento e tira os filhos do problema. Os pais ainda mais radicalmente ainda v\u00e3o a frente dos filhos tornando o caminho suave para eles passarem. O que estamos gerando \u00e9 uma gera\u00e7\u00e3o de filhos mornos, filhos sem esperan\u00e7a.<strong> Deus nunca faz isso com a gente. Ele nunca tira o sofrimento do nosso caminho. <\/strong><\/p>\n<p><strong>&nbsp;&nbsp;&nbsp;&nbsp;&nbsp;&nbsp;&nbsp;&nbsp;&nbsp;&nbsp;&nbsp; <\/strong><strong><u>O Verdadeiro bom pai ou m\u00e3e, n\u00e3o \u00e9 aquele que protege seus filhos, mas aquele que os torna Corajosos!<\/u><\/strong><strong> Sim, a vida \u00e9 uma luta, eles precisam ser fortes. Caso contr\u00e1rio a vida vai vencer quem \u00e9 fraco. O objetivo dos pais \u00e9 fazer os filhos semelhantes a eles. <\/strong>Mesmo sendo rejeitados e ainda amar, passar fome e ainda serem felizes, e por a\u00ed vai.<\/p>\n<p><strong>&nbsp;&nbsp;&nbsp;&nbsp;&nbsp;&nbsp;&nbsp;&nbsp;&nbsp;&nbsp;&nbsp; <\/strong>Ningu\u00e9m passou tanta necessidade em vida do que Jesus Cristo at\u00e9 a morte e morte de Cruz. Por isso precisamos pedir a Jesus, D\u00e1 -me um cora\u00e7\u00e3o igual ao seu. Eu preciso colocar a minha esperan\u00e7a em ti Jesus. Jesus eu confio em ti.<\/p>\n<p><strong>&nbsp;&nbsp;&nbsp;&nbsp;&nbsp;&nbsp;&nbsp;&nbsp;&nbsp;&nbsp;&nbsp; <\/strong>As Escrituras v\u00e3o ensinar que Quem a gente confia \u00e9 o Senhor! Semana passada falamos sobre Mark Ji, com toda sua fam\u00edlia no caminho na morte, de um lado Ji com idade avan\u00e7ada mas e seus netos! Como aquele momento onde todos j\u00e1 sabiam que iriam morrer, o que pensar, que coisa horr\u00edvel. Mas quando voc\u00ea tem a certeza no seu cora\u00e7\u00e3o de que viver muitos anos n\u00e3o \u00e9 nada comparada a vida eterna tudo muda. S\u00e3o Paulo disse, se fosse somente nessa vida que seguimos Jesus, dever\u00edamos ser os mais dignos de pena.<\/p>\n<p><strong>&nbsp;&nbsp;&nbsp;&nbsp;&nbsp;&nbsp;&nbsp;&nbsp;&nbsp;&nbsp;&nbsp; <\/strong><strong><em><u>Vida n\u00e3o \u00e9 sobre viver para sempre, mas viver eternamente para Ele<\/u><\/em><\/strong><strong>. <\/strong>A vida vai nos testar, vai nos machucar, mas temos ESPERAN\u00c7A! N\u00f3s devemos abra\u00e7ar a realidade que chega, sabemos em quem confiamos. Louvo a Deus as realidades &nbsp;que chegam porque sem em quem eu confio. Em tudo repito Jesus eu confio em v\u00f3s!<\/p>\n<p>&nbsp;&nbsp;&nbsp;&nbsp;&nbsp;&nbsp;&nbsp;&nbsp;&nbsp;&nbsp;&nbsp; Santo In\u00e1cio de Loyola o fundador da Ordem do nosso Papa Francisco ( Jesu\u00edtas) entre tantas coisas maravilhosas que ele nos deixou, uma dessas p\u00e9rolas \u00e9 a Ora\u00e7\u00e3o da Ordem sobre a Confian\u00e7a que todos deveriam recitar:<\/p>\n<p><strong>A ora\u00e7\u00e3o da confian\u00e7a:&nbsp; Senhor eu n\u00e3o te pe\u00e7o por riqueza ou pobreza, doen\u00e7a ou sa\u00fade, vida breve ou longa, boa reputa\u00e7\u00e3o ou m\u00e1, Eu somente quero o Senhor!<\/strong><\/p>\n<p>&nbsp;&nbsp;&nbsp;&nbsp;&nbsp;&nbsp;&nbsp;&nbsp;&nbsp;&nbsp;&nbsp; Muitos irm\u00e3os chegavam e se queixavam que n\u00e3o conseguiam rezar a ora\u00e7\u00e3o. In\u00e1cio ent\u00e3o dizia OK, ent\u00e3o vamos rezar para que voc\u00ea consiga. Semana seguinte vinha o irm\u00e3o de novo e dizia que n\u00e3o tinha vontade &nbsp;de rezar a ora\u00e7\u00e3o. In\u00e1cio ent\u00e3o dizia, ok ent\u00e3o rezar para que voc\u00ea tenha vontade de querer e rezar a ora\u00e7\u00e3o. Ent\u00e3o a li\u00e7\u00e3o era nunca desistir do que \u00e9 necess\u00e1rio.<\/p>\n<p><strong>&nbsp;&nbsp;&nbsp;&nbsp;&nbsp;&nbsp;&nbsp;&nbsp;&nbsp;&nbsp;&nbsp; A vida nos machuca sem cessar e n\u00f3s precisamos renovar a Esperan\u00e7a dia ap\u00f3s dia! Esse mundo necessita de verdadeiros lutadores. N\u00f3s Nascemos para Lutar. Eu n\u00e3o estou sozinho. Em quem eu realmente Confio renovo minhas for\u00e7as. ( Isaias 40).<\/strong><\/p>\n<p><strong>Assim Seja.<\/strong><\/p>\n<p><strong>&nbsp;&nbsp;&nbsp;&nbsp;&nbsp;&nbsp;&nbsp;&nbsp;&nbsp;&nbsp;&nbsp; <u>Oremos:<\/u><\/strong> Abb\u00e1 (Pai) Amado, nesse dia eu te rogo a Virtude da Esperan\u00e7a. Senhor me fa\u00e7a um lutador, como o Senhor sonha em mim. Senhor me renove a cada dia o desejo interior pela Vida Eterna, o pr\u00eamio dos perseverantes. O c\u00e9u \u00e9 dos violentos Senhor, me fa\u00e7a violento nas batalhas dessa vida, principalmente nos momentos em que ela me atingir no peito, no rosto, na reputa\u00e7\u00e3o, no corpo e na mente, que eu saiba golpear com as virtudes infundidas no meu cora\u00e7\u00e3o pelo Senhor! D\u00e1 me sempre a Esperan\u00e7a, pois quem Espera que espere no Senhor ( Salmo 15).<\/p>\n<p>Pai em tuas m\u00e3os entrego meu cora\u00e7\u00e3o! Cura-me Senhor, Restaura-me Senhor! &nbsp;Am\u00e9m<\/p>\n<p><iframe loading=\"lazy\" title=\"Tu \u00c3\u00a9s o Centro | Frei Gilson\/Carmelitas\" width=\"600\" height=\"338\" src=\"https:\/\/www.youtube.com\/embed\/hPLyYDXskt4?feature=oembed&amp;rel=0\" frameborder=\"0\" allow=\"accelerometer; autoplay; clipboard-write; encrypted-media; gyroscope; picture-in-picture; web-share\" referrerpolicy=\"strict-origin-when-cross-origin\" allowfullscreen><\/iframe><\/p>\n","protected":false},"excerpt":{"rendered":"<p>ESPERAN\u00c7A n\u00e3o \u00e9 uma Virtude f\u00e1cil. Esperan\u00e7a \u00e9 uma Virtude que remete ao verbo \u00a0LUTAR. Temos \u00a0que lutar e lutar para valer quando o assunto \u00e9 Esperan\u00e7a. Esperan\u00e7a \u00e9 a Virtude que nos capacita a viver no presente com For\u00e7a e Convic\u00e7\u00e3o. \u00c9 preciso Esperan\u00e7a para que tenhamos A\u00e7\u00e3o.<\/p>\n<p> <a href=\"https:\/\/blog.cancaonova.com\/drnasser\/2019\/02\/23\/da-serie-desqualificado-esperanca-virtude-da-luta\/\">Continue lendo <span class=\"meta-nav\">&rarr;<\/span><\/a><\/p>\n","protected":false},"author":2501,"featured_media":0,"comment_status":"open","ping_status":"open","sticky":false,"template":"","format":"standard","meta":{"_mi_skip_tracking":false,"_monsterinsights_sitenote_active":false,"_monsterinsights_sitenote_note":"","_monsterinsights_sitenote_category":0,"footnotes":""},"categories":[10601],"tags":[189860,190982,10251,129955,190997,190989,18570],"_links":{"self":[{"href":"https:\/\/blog.cancaonova.com\/drnasser\/wp-json\/wp\/v2\/posts\/1477"}],"collection":[{"href":"https:\/\/blog.cancaonova.com\/drnasser\/wp-json\/wp\/v2\/posts"}],"about":[{"href":"https:\/\/blog.cancaonova.com\/drnasser\/wp-json\/wp\/v2\/types\/post"}],"author":[{"embeddable":true,"href":"https:\/\/blog.cancaonova.com\/drnasser\/wp-json\/wp\/v2\/users\/2501"}],"replies":[{"embeddable":true,"href":"https:\/\/blog.cancaonova.com\/drnasser\/wp-json\/wp\/v2\/comments?post=1477"}],"version-history":[{"count":1,"href":"https:\/\/blog.cancaonova.com\/drnasser\/wp-json\/wp\/v2\/posts\/1477\/revisions"}],"predecessor-version":[{"id":1478,"href":"https:\/\/blog.cancaonova.com\/drnasser\/wp-json\/wp\/v2\/posts\/1477\/revisions\/1478"}],"wp:attachment":[{"href":"https:\/\/blog.cancaonova.com\/drnasser\/wp-json\/wp\/v2\/media?parent=1477"}],"wp:term":[{"taxonomy":"category","embeddable":true,"href":"https:\/\/blog.cancaonova.com\/drnasser\/wp-json\/wp\/v2\/categories?post=1477"},{"taxonomy":"post_tag","embeddable":true,"href":"https:\/\/blog.cancaonova.com\/drnasser\/wp-json\/wp\/v2\/tags?post=1477"}],"curies":[{"name":"wp","href":"https:\/\/api.w.org\/{rel}","templated":true}]}}