{"id":1487,"date":"2019-03-15T11:07:51","date_gmt":"2019-03-15T14:07:51","guid":{"rendered":"http:\/\/blog.cancaonova.com\/drnasser\/?p=1487"},"modified":"2019-03-15T11:07:51","modified_gmt":"2019-03-15T14:07:51","slug":"atras-das-linhas-inimigas-isolado-e-desorientado","status":"publish","type":"post","link":"https:\/\/blog.cancaonova.com\/drnasser\/2019\/03\/15\/atras-das-linhas-inimigas-isolado-e-desorientado\/","title":{"rendered":"ATR\u00c1S DAS LINHAS INIMIGAS : ISOLADO E DESORIENTADO"},"content":{"rendered":"<p>&nbsp;<\/p>\n<p><strong>&nbsp;<a href=\"http:\/\/blog.cancaonova.com\/drnasser\/files\/2016\/11\/10514627_640836882651254_1558443024961048590_n.jpg\"><img loading=\"lazy\" decoding=\"async\" class=\"aligncenter size-medium wp-image-1045\" src=\"http:\/\/blog.cancaonova.com\/drnasser\/files\/2016\/11\/10514627_640836882651254_1558443024961048590_n-300x277.jpg\" alt=\"\" width=\"300\" height=\"277\" srcset=\"https:\/\/blog.cancaonova.com\/drnasser\/files\/2016\/11\/10514627_640836882651254_1558443024961048590_n-300x277.jpg 300w, https:\/\/blog.cancaonova.com\/drnasser\/files\/2016\/11\/10514627_640836882651254_1558443024961048590_n-768x708.jpg 768w, https:\/\/blog.cancaonova.com\/drnasser\/files\/2016\/11\/10514627_640836882651254_1558443024961048590_n.jpg 960w\" sizes=\"(max-width: 300px) 100vw, 300px\" \/><\/a><\/strong><\/p>\n<p><strong>&nbsp;<\/strong><\/p>\n<p><strong>&nbsp;&nbsp;&nbsp;&nbsp;&nbsp;&nbsp;&nbsp;&nbsp;&nbsp;&nbsp;&nbsp; <em>Hoje n\u00f3s iniciamos um novo tempo de reflex\u00e3o, especialmente para esse tempo t\u00e3o prop\u00edcio, que s\u00e3o os quarenta dias de deserto, o tempo quaresmal. Nessa primeira forma\u00e7\u00e3o gostaria introduzir o tema atr\u00e1s das linhas inimigas. O que vem a ser isso<\/em><\/strong>?<strong><em> Pois bem, estamos&nbsp; num tempo onde a maioria de n\u00f3s gosta da frase clich\u00ea:- Est\u00e1 \u00f3timo, ou Est\u00e1 tudo bem! Mesmo quando as coisas est\u00e3o claramente destru\u00eddas, corro\u00eddas e necessita de que algo seja feito, mesmo assim n\u00f3s fingimos que elas se resolver\u00e3o por elas mesmas! <\/em><\/strong><\/p>\n<p><strong><em>&nbsp;&nbsp;&nbsp;&nbsp;&nbsp;&nbsp;&nbsp;&nbsp;&nbsp;&nbsp;&nbsp; Uma pena que n\u00e3o \u00e9 dessa maneira que as coisas funcionam. Nesse tempo de reflex\u00e3o sobre nossas vidas, a quaresma nos lembra de que todos n\u00f3s estamos em uma batalha e que n\u00e3o ser\u00e1 vencida a menos que n\u00f3s nos prontifiquemos a enfrentar o inimigo que nos ataca e&nbsp; nos atacar\u00e1 como fez com Nosso Senhor que foi atacado no meio do deserto e selvagem&#8230;Atr\u00e1s das linhas Inimigas!<\/em><\/strong><\/p>\n<p><strong>&nbsp;&nbsp;&nbsp;&nbsp;&nbsp;&nbsp;&nbsp;&nbsp;&nbsp;&nbsp;&nbsp; <\/strong><\/p>\n<p>&nbsp;&nbsp;&nbsp;&nbsp;&nbsp;&nbsp;&nbsp;&nbsp;&nbsp;&nbsp;&nbsp; H\u00e1 alguns dias atr\u00e1s me deparei com um problema no meu carro, que tem um dispositivo moderno que se chama Start Stop, quando o computador do carro entende que voc\u00ea est\u00e1 parado ele automaticamente desliga o motor e logo que voc\u00ea tira o p\u00e9 do freio ele aciona o motor automaticamente. O problema \u00e9 que nada \u00e9 perfeito. Eu estacionei e tente desligar o carro e mostrava no painel que ele j\u00e1 estava ligado ,mas o motor n\u00e3o estava ligado. Depois de um certo tempo tudo voltou normalmente, inclusive os alertas do painel. O &nbsp;que significa dizer que podem haver coisas que se auto solucionam. Mas a vida n\u00e3o \u00e9 assim. Quantas pessoas assumem a vida com se tudo fosse \u00f3timo. N\u00e3o se incomoda com as coisas que n\u00e3o est\u00e3o funcionamento de maneira correta.<\/p>\n<p>&nbsp;&nbsp;&nbsp;&nbsp;&nbsp;&nbsp;&nbsp;&nbsp;&nbsp;&nbsp;&nbsp; O oposto s\u00e3o pessoas que vivem a vida procurando problemas. Pense na profiss\u00e3o de policial. Tente passar um dia acompanhando um policial em uma patrulha. O dia inteiro ele vai jogando placas dos carros no computador de bordo, procurando problemas. Claro que essa \u00e9 &nbsp;a profiss\u00e3o dele. Mas isso n\u00e3o \u00e9 a vida. H\u00e1 de haver um equil\u00edbrio nisso, ou seja, se incomodar quando certas coisas parecem bem mas n\u00e3o s\u00e3o. As batalhas acontecem o tempo todo e n\u00f3s estamos no meio delas. A Palavra de Deus sempre nos alerta sobre estarmos em batalha. S\u00e3o Paulo vai dizer: -Vigiai e Orai! Armadura do Crist\u00e3o, ent\u00e3o para que servem as armaduras se n\u00e3o para as guerras?<\/p>\n<p>&nbsp;&nbsp;&nbsp;&nbsp;&nbsp;&nbsp;&nbsp;&nbsp;&nbsp;&nbsp;&nbsp; Seguir Jesus \u00e9 estar em constante batalha, Batalha Espiritual. Muitos agora v\u00e3o questionar e dizer: &#8211; N\u00f3s estamos vivendo um momento de muita paz, nada nos incomoda, n\u00e3o podemos estar em batalhas, como assim? Pois \u00e9, estando voc\u00ea consciente ou n\u00e3o do que est\u00e1 acontecendo, estamos em batalha.<\/p>\n<p>&nbsp;&nbsp;&nbsp;&nbsp;&nbsp;&nbsp;&nbsp;&nbsp;&nbsp;&nbsp;&nbsp; Nesse \u00faltimo Domingo Jesus \u00e9 batizado &nbsp;e a Palavra vai dizer que Ele foi levado pelo Esp\u00edrito para o deserto, imediatamente, para ser tentado. Jesus ent\u00e3o deixa sua zona de conforto e vai atr\u00e1s de problemas, ou melhor, Ele vai confrontar o Inimigo, Ele vai \u00e0 Batalha, numa Guerra que iria vencer na Cruz? Jesus n\u00e3o foi ao deserto, ao lado selvagem para descansar, ou para respirar ar puro, Ele foi duelar com o Inimigo. Ele foi at\u00e9 atr\u00e1s das linhas inimigas por quarenta dias.<\/p>\n<p>&nbsp;&nbsp;&nbsp;&nbsp;&nbsp;&nbsp;&nbsp;&nbsp;&nbsp;&nbsp;&nbsp; Jesus est\u00e1 nos mostrando nesses dias onde \u00e9 que n\u00f3s vivemos. N\u00f3s vivemos atr\u00e1s das linhas Inimigas. Quantos de n\u00f3s hoje n\u00e3o estamos querendo saber disso, quanto est\u00e3o dizendo, mas Senhor eu estou exausto, estou sem combust\u00edvel, eu n\u00e3o poderia ficar nesses dias fora de combate? Outros diriam, Senhor est\u00e1 tudo bem, para que se importar, se as coisas se auto solucionam! Eu estou cansado, n\u00e3o aguento mais combater, s\u00f3 de pensar j\u00e1 estou sem ar.<\/p>\n<p>&nbsp;&nbsp;&nbsp;&nbsp;&nbsp;&nbsp;&nbsp;&nbsp;&nbsp;&nbsp;&nbsp; Nesse tempo, a resposta n\u00e3o \u00e9 ficar para tr\u00e1s, achar uma zona de conforto e n\u00e3o combater. O que precisamos nesse tempo \u00e9 de algu\u00e9m que chegue para n\u00f3s, com o filme TAKEN, e diga com calma: &#8211; Preste bem aten\u00e7\u00e3o no que vai acontecer a partir de agora. Eles v\u00e3o&nbsp; te levar, v\u00e3o tentar te destruir, mas eu os vencerei.&nbsp;<\/p>\n<p>&nbsp;&nbsp;&nbsp;&nbsp;&nbsp;&nbsp;&nbsp;&nbsp;&nbsp;&nbsp;&nbsp; Deixe-me esclarecer sobre tomar consci\u00eancia. Quando n\u00f3s sabemos o que est\u00e1 acontecendo, saberemos o que Acontecer\u00e1, e isso \u00e9 muito importante para todos e para cada um de n\u00f3s! A vida \u00e9 um Navio de Batalha e n\u00e3o um Cruzeiro.<\/p>\n<p>&nbsp;&nbsp;&nbsp;&nbsp;&nbsp;&nbsp;&nbsp;&nbsp;&nbsp;&nbsp;&nbsp; <strong><u>O que ir\u00e1 acontecer \u00e9: Ele vai te isolar e te desorientar. Vai fazer voc\u00ea se sentir Sozinho e Desconhecido! Assim ele te dominar\u00e1! Assim ele te tirar\u00e1 da batalha. &nbsp;<\/u><\/strong><\/p>\n<p><strong><u>&nbsp;<\/u><\/strong>&nbsp;&nbsp;&nbsp;&nbsp;&nbsp;&nbsp;&nbsp;&nbsp;&nbsp;&nbsp; OU\u00c7A A VOZ DE DEUS AGORA: <strong><u>O INIMIGO VAI TENTAR TE DEIXAR SOZINHO E DESCONHECIDO. <\/u><\/strong><\/p>\n<p>&nbsp;&nbsp;&nbsp;&nbsp;&nbsp;&nbsp;&nbsp;&nbsp;&nbsp;&nbsp;&nbsp; A tenta\u00e7\u00e3o tenta te deixar sozinho, pense nisso. Jesus disse que n\u00f3s n\u00e3o dever\u00edamos &nbsp;ficar fingindo na Quaresma sobre nossos prop\u00f3sitos, que n\u00e3o dever\u00edamos fazer cara de sofrimento, que tiv\u00e9ssemos essa experi\u00eancia da expia\u00e7\u00e3o com o Senhor, mas Ele n\u00e3o falou para ficarmos sozinhos, pois qu\u00e3o \u00e9 importante numa fam\u00edlia cada um saber o que o outro est\u00e1 fazendo de prop\u00f3sito e poder ajudar. Estamos numa batalha e Juntos Somos fortes, sozinhos somos fracos. O isolamento nos enfraquece. Tente seguir com duas ou tr\u00eas pessoas do seu intimo para dividir um prop\u00f3sito firme.<\/p>\n<p>&nbsp;&nbsp;&nbsp;&nbsp;&nbsp;&nbsp;&nbsp;&nbsp;&nbsp;&nbsp;&nbsp; Na \u00c1frica existe algumas tribos que tem o costume de sair em tr\u00eas guerreiros e v\u00e3o a um local que nenhum de n\u00f3s iria dessa maneira. Eles v\u00e3o com suas lan\u00e7as, tr\u00eas a tr\u00eas na Savana, onde os le\u00f5es est\u00e3o ca\u00e7ando, eles v\u00e3o ca\u00e7ar exatamente os que os le\u00f5es querem, um ant\u00edlope ou outro animal qualquer. Pois bem estando unidos em tr\u00eas, ombro a ombro, &nbsp;e n\u00e3o se separando eles cumprem a miss\u00e3o, e nenhum le\u00e3o os ataca, sabe por que? Por que o Le\u00e3o s\u00f3 ataca um animal por vez? Eles s\u00e3o tr\u00eas. Juntos somos fortes, sozinhos somos fracos.<\/p>\n<p>&nbsp;&nbsp;&nbsp;&nbsp;&nbsp;&nbsp;&nbsp;&nbsp;&nbsp;&nbsp;&nbsp; O le\u00e3o (inimigo) quer que voc\u00ea ande sozinho, ele quer fazer voc\u00ea sozinho e te fazer ficar desorientado. No Evangelho do &nbsp;\u00faltimo Domingo o INIMIGO ataca os talentos de Jesus e os nossos, nossa Identidade, pergunta: &#8211; Se voc\u00ea realmente \u00e9 o Filho de Deus, ent\u00e3o&#8230; Ele nos ataca sem d\u00f3, sem miseric\u00f3rdia, com o \u00f3dio em seus olhos, para ver a cada um n\u00f3s no ch\u00e3o. Ele faz voc\u00ea se sentir desconhecido, que voc\u00ea n\u00e3o tem ningu\u00e9m e que voc\u00ea n\u00e3o \u00e9 ningu\u00e9m.<\/p>\n<p>&nbsp;&nbsp;&nbsp;&nbsp;&nbsp;&nbsp;&nbsp;&nbsp;&nbsp;&nbsp;&nbsp; Eu convido a cada um de voc\u00eas que me seguem, tente nesses dias de Quaresma fazer um prop\u00f3sito seguro de participar da Santa Eucaristia todos os dias, se n\u00e3o o maior n\u00famero poss\u00edvel de dias, e quando n\u00e3o foi poss\u00edvel gaste alguns minutos diante do Sant\u00edssimo, pois tenho certeza que suas muni\u00e7\u00f5es ser\u00e3o recarregadas, sua armadura reparada, sua for\u00e7a restabelecida. Ao ouvir da boca do Senhor: &#8211; Foi por voc\u00ea, ou Eu te amo, ou Eu sou quem guerreia por ti, Eu venci o mundo, eu e voc\u00ea sairemos revestidos do que nos fortalece!<\/p>\n<p>&nbsp;&nbsp;&nbsp;&nbsp;&nbsp;&nbsp;&nbsp;&nbsp;&nbsp;&nbsp;&nbsp; Jesus venceu toda a Guerra, mas eu ainda estou em batalha. Por isso arrependa e creia no Evangelho! A for\u00e7a do Senhor nos reveste e sua Gl\u00f3ria resplandece diante do nossos olhos! Deus nos conhece e nos chama pelo nosso nome, n\u00e3o somos desconhecidos, somos de DEUS! N\u00f3s n\u00e3o estamos sozinhos, pois Ele diz: &#8211; EU ESTOU COM VOC\u00caS AT\u00c9 O FIM! N\u00c3O TENHAIS MEDO, EU VENCI O MUNDO!<\/p>\n<p>&nbsp;&nbsp;&nbsp;&nbsp;&nbsp;&nbsp;&nbsp;&nbsp;&nbsp;&nbsp;&nbsp; Assim agora j\u00e1 tomamos consci\u00eancia de que vivemos atr\u00e1s das linhas inimigas, mas redimidos por Cristo, amados por Ele e fortalecidos pelos seus Sacramentos!<\/p>\n<p>&nbsp;&nbsp;&nbsp;&nbsp;&nbsp;&nbsp;&nbsp;&nbsp;&nbsp;&nbsp;&nbsp;<\/p>\n<p><strong>&nbsp;&nbsp;&nbsp;&nbsp;&nbsp;&nbsp;&nbsp;&nbsp;&nbsp;&nbsp;&nbsp; <\/strong><\/p>\n<p><strong>&nbsp;&nbsp;&nbsp;&nbsp;&nbsp;&nbsp;&nbsp;&nbsp;&nbsp;&nbsp;&nbsp; <u>Oremos:<\/u><\/strong> Abb\u00e1 (Pai) Amado, hoje eu preciso tomar consci\u00eancia de que para Deus eu sou conhecido e amado por Ele, como filho. Em todos os momentos eu tomo posse de estar unido aos meus irm\u00e3os para n\u00e3o me deixar ser isolado e desconhecido. Meus olhos est\u00e3o voltados para ti de onde vem sempre o meu socorro. Obrigado Senhor por n\u00e3o me deixar sucumbir mesmo diante de tantas batalhas continuas, mas perseverarei at\u00e9 o fim!<\/p>\n<p>Pai em tuas m\u00e3os entrego meu cora\u00e7\u00e3o! Cura-me Senhor, Restaura-me Senhor! &nbsp;Am\u00e9m<\/p>\n<p>&nbsp;<\/p>\n<p>&nbsp;<\/p>\n","protected":false},"excerpt":{"rendered":"<p>Hoje n\u00f3s iniciamos um novo tempo de reflex\u00e3o, especialmente para esse tempo t\u00e3o prop\u00edcio, que s\u00e3o os quarenta dias de deserto, o tempo quaresmal. Nessa primeira forma\u00e7\u00e3o gostaria introduzir o tema atr\u00e1s das linhas inimigas. O que vem a ser isso? Pois bem, estamos\u00a0 num tempo onde a maioria de n\u00f3s gosta da frase clich\u00ea:- Est\u00e1 \u00f3timo, ou Est\u00e1 tudo bem! Mesmo quando as coisas est\u00e3o claramente destru\u00eddas, corro\u00eddas e necessita de que algo seja feito, mesmo assim n\u00f3s fingimos que elas se resolver\u00e3o por elas mesmas!<\/p>\n<p>\u00a0\u00a0\u00a0\u00a0\u00a0\u00a0\u00a0\u00a0\u00a0\u00a0\u00a0 Uma pena que n\u00e3o \u00e9 dessa maneira que as coisas funcionam. Nesse tempo de reflex\u00e3o sobre nossas vidas, a quaresma nos lembra de que todos n\u00f3s estamos em uma batalha e que n\u00e3o ser\u00e1 vencida a menos que n\u00f3s nos prontifiquemos a enfrentar o inimigo que nos ataca e\u00a0 nos atacar\u00e1 como fez com Nosso Senhor que foi atacado no meio do deserto e selvagem&#8230;Atr\u00e1s das linhas Inimigas!<\/p>\n<p>\u00a0\u00a0\u00a0\u00a0\u00a0\u00a0\u00a0\u00a0\u00a0\u00a0\u00a0 <a href=\"https:\/\/blog.cancaonova.com\/drnasser\/2019\/03\/15\/atras-das-linhas-inimigas-isolado-e-desorientado\/\">Continue lendo <span class=\"meta-nav\">&rarr;<\/span><\/a><\/p>\n","protected":false},"author":2501,"featured_media":0,"comment_status":"open","ping_status":"open","sticky":false,"template":"","format":"standard","meta":{"_mi_skip_tracking":false,"_monsterinsights_sitenote_active":false,"_monsterinsights_sitenote_note":"","_monsterinsights_sitenote_category":0,"footnotes":""},"categories":[10601],"tags":[191005,189860,5011,80076],"_links":{"self":[{"href":"https:\/\/blog.cancaonova.com\/drnasser\/wp-json\/wp\/v2\/posts\/1487"}],"collection":[{"href":"https:\/\/blog.cancaonova.com\/drnasser\/wp-json\/wp\/v2\/posts"}],"about":[{"href":"https:\/\/blog.cancaonova.com\/drnasser\/wp-json\/wp\/v2\/types\/post"}],"author":[{"embeddable":true,"href":"https:\/\/blog.cancaonova.com\/drnasser\/wp-json\/wp\/v2\/users\/2501"}],"replies":[{"embeddable":true,"href":"https:\/\/blog.cancaonova.com\/drnasser\/wp-json\/wp\/v2\/comments?post=1487"}],"version-history":[{"count":1,"href":"https:\/\/blog.cancaonova.com\/drnasser\/wp-json\/wp\/v2\/posts\/1487\/revisions"}],"predecessor-version":[{"id":1488,"href":"https:\/\/blog.cancaonova.com\/drnasser\/wp-json\/wp\/v2\/posts\/1487\/revisions\/1488"}],"wp:attachment":[{"href":"https:\/\/blog.cancaonova.com\/drnasser\/wp-json\/wp\/v2\/media?parent=1487"}],"wp:term":[{"taxonomy":"category","embeddable":true,"href":"https:\/\/blog.cancaonova.com\/drnasser\/wp-json\/wp\/v2\/categories?post=1487"},{"taxonomy":"post_tag","embeddable":true,"href":"https:\/\/blog.cancaonova.com\/drnasser\/wp-json\/wp\/v2\/tags?post=1487"}],"curies":[{"name":"wp","href":"https:\/\/api.w.org\/{rel}","templated":true}]}}