{"id":1531,"date":"2019-12-25T14:57:45","date_gmt":"2019-12-25T16:57:45","guid":{"rendered":"http:\/\/blog.cancaonova.com\/drnasser\/?p=1531"},"modified":"2019-12-25T14:57:45","modified_gmt":"2019-12-25T16:57:45","slug":"jose-exemplo-de-ser-disponivel-e-capaz","status":"publish","type":"post","link":"https:\/\/blog.cancaonova.com\/drnasser\/2019\/12\/25\/jose-exemplo-de-ser-disponivel-e-capaz\/","title":{"rendered":"JOS\u00c9 : EXEMPLO DE SER DISPON\u00cdVEL E CAPAZ"},"content":{"rendered":"<p>&nbsp;<\/p>\n<p><strong>&nbsp;<a href=\"http:\/\/blog.cancaonova.com\/drnasser\/files\/2017\/01\/3-aracanjos.jpg\"><img loading=\"lazy\" decoding=\"async\" class=\"aligncenter size-full wp-image-1067\" src=\"http:\/\/blog.cancaonova.com\/drnasser\/files\/2017\/01\/3-aracanjos.jpg\" alt=\"\" width=\"200\" height=\"244\"\/><\/a><\/strong><\/p>\n<p><strong>&nbsp;<\/strong><\/p>\n<p><em>&nbsp;<\/em><\/p>\n<p><em>&nbsp;&nbsp;&nbsp;&nbsp;&nbsp;&nbsp;&nbsp;&nbsp;&nbsp;&nbsp;&nbsp; DEUS N\u00c3O PRECISA DE N\u00d3S. CONTUDO ELE TEM DEMONSTRADO QUE &nbsp;N\u00c3O QUER CURAR, TRANSFORMAR OU SALVAR O MUNDO SEM A NOSSA AJUDA. ELE PRECISA DE PESSOAS QUE SEJAM DISPONIVEIS E CAPAZES PARA SEU SERVI\u00c7O.<\/em><\/p>\n<p>&nbsp;&nbsp;&nbsp;&nbsp;&nbsp;&nbsp;&nbsp;&nbsp;&nbsp;&nbsp;&nbsp; Para come\u00e7armos a reflex\u00e3o de hoje, a pergunta que se segue \u00e9: &#8211; Deus ainda necessita de nossa ajuda hoje? Neste exato momento? &nbsp;Neste tempo em que estamos vivendo? Ser\u00e1 que Deus ainda se importa conosco? &nbsp;Voc\u00ea cr\u00ea nisso?<\/p>\n<p>&nbsp;&nbsp;&nbsp;&nbsp;&nbsp;&nbsp;&nbsp;&nbsp;&nbsp;&nbsp;&nbsp; Eu Creio n\u00e3o somente que Deus se importa conosco, que ele ainda age no mundo em todo momento , e sim, necessita da nossa ajuda neste exato momento!<\/p>\n<p>&nbsp;&nbsp;&nbsp;&nbsp;&nbsp;&nbsp;&nbsp;&nbsp;&nbsp;&nbsp;&nbsp; Desde a cria\u00e7\u00e3o onde Deus realiza e cria tudo at\u00e9 a cria\u00e7\u00e3o do homem, Ele o fez por si. Ap\u00f3s nos fazer a Sua imagem e semelhan\u00e7a, tudo, tudo o que Ele decidiu fazer foi com a nossa colabora\u00e7\u00e3o. Abra a B\u00edblia em qualquer livro que n\u00e3o seja o in\u00edcio do G\u00eanesis e voc\u00ea ir\u00e1 encontrar Deus agindo atrav\u00e9s do ser humano.<\/p>\n<p>&nbsp;&nbsp;&nbsp;&nbsp;&nbsp;&nbsp;&nbsp;&nbsp;&nbsp;&nbsp;&nbsp; Deus est\u00e1 sempre dizendo:- Escuta Israel, eu quero fazer uma coisa, mas n\u00e3o quero faz\u00ea-lo por mim mesmo, Eu quero fazer contigo.<\/p>\n<p>&nbsp;&nbsp;&nbsp;&nbsp;&nbsp;&nbsp;&nbsp;&nbsp;&nbsp;&nbsp;&nbsp; A \u00fanica quest\u00e3o \u00e9 : &#8211; Eu quero fazer com Deus? &nbsp;Emanuel \u00e9 Deus conosco. Anjo Gabriel, Lucas 1, aparece \u00e0 Maria e anuncia: &#8211; Voc\u00ea ser\u00e1 a M\u00e3e do Salvador! Deus n\u00e3o diz que aparecer\u00e1 um ser adulto ao lado de Maria, mas O Esp\u00edrito do Senhor descer\u00e1 sobre voc\u00ea Maria e em voc\u00ea se dar\u00e1 a Concep\u00e7\u00e3o do Filho do Homem. O Verbo de Deus se fez carne e habitou entre n\u00f3s atrav\u00e9s do Sim de Maria. Nada que Ele faz deixa de passar &nbsp;pela nossa concord\u00e2ncia.<\/p>\n<p>&nbsp;&nbsp;&nbsp;&nbsp;&nbsp;&nbsp;&nbsp;&nbsp;&nbsp;&nbsp;&nbsp; Olhe para Jos\u00e9, S\u00e3o Jos\u00e9. Jos\u00e9 \u00e9 chamado a ser pai, mas n\u00e3o um pai ap\u00f3s uma rela\u00e7\u00e3o intima com sua esposa Maria. Jos\u00e9 tomar\u00e1 Jesus como seu filho crendo que Maria foi concebida pelo Esp\u00edrito Santo ( Deus ).&nbsp; Inicialmente ele n\u00e3o entende, tenta fugir, tenta proteger Maria de um esc\u00e2ndalo. Por\u00e9m ao ser interceptado por um Anjo em sonho, v\u00ea a realidade da Gl\u00f3ria de Deus que chega e anuncia diante de seus olhos. Jos\u00e9 volta e retoma a hist\u00f3ria junto ao desejo de Deus. Para que algu\u00e9m possa servir a Deus, duas coisas precisam estar juntas, DISPONIBILIDADE E CAPACIDADE. Quando Deus o chama e nos chama, precisamos estar dispon\u00edveis para nos mover na dire\u00e7\u00e3o que Ele apontar e sermos capazes de realizar sua tarefa, como a Palavra diz, n\u00e3o escolhe os capacitados, mas capacita os escolhidos.<\/p>\n<p>&nbsp;&nbsp;&nbsp;&nbsp;&nbsp;&nbsp;&nbsp;&nbsp;&nbsp;&nbsp;&nbsp; A FOR\u00c7A &nbsp;vem dessas duas virtudes acima e delas Jos\u00e9 era um ser cheio dessas virtudes, n\u00e3o era perfeito, pois n\u00e3o era livre do pecado como Maria, mas era virtuoso, tanto que a Palavra de Deus dir\u00e1 sobre Jos\u00e9 poucas coisas &nbsp;e a maior delas : &#8211; Jos\u00e9 era um homem BOM!<\/p>\n<p>&nbsp;&nbsp;&nbsp;&nbsp;&nbsp;&nbsp;&nbsp;&nbsp;&nbsp;&nbsp;&nbsp; Padre Joseph F. Callahan, escreveu muitas coisas sobre o bravura e o homem. Muitos de seus escritos versam sobre a personalidade de S\u00e3o Jos\u00e9 , inclusive a Consagra\u00e7\u00e3o a S\u00e3o Jos\u00e9. Em momento nenhum na hist\u00f3ria de S\u00e3o Jos\u00e9 vamos ver algo que os Ocidentais sempre tentaram fazer com S\u00e3o Jos\u00e9, que seria faz\u00ea-lo velho. Jos\u00e9 n\u00e3o era velho, nem tampouco fraco. Jos\u00e9 era um homem viril, por\u00e9m em todo tempo soube controlar sua virilidade. Que ser humano teria tido a coragem de voltar quando o Anjo lhe apresentou a miss\u00e3o? &nbsp;Jos\u00e9 voltou, e tomou o seu lugar na hist\u00f3ria da Salva\u00e7\u00e3o. Jos\u00e9 era descendente de Davi e tinha o sangue de Davi, o grande Rei em suas veias. Jos\u00e9 sabia lutar e como lutar, sabia trabalhar, sabia prover, sabia defender , sabia se guiar pelos caminhos das decis\u00f5es. Jos\u00e9 era um homem de f\u00e9, pois somente assim reconheceria a a\u00e7\u00e3o transcendental de Deus em seus atos. Jos\u00e9 era um homem de ora\u00e7\u00e3o, &nbsp;sabia se relacionar com Deus e se por a caminho, Jos\u00e9 era um homem Dispon\u00edvel e Capaz.<\/p>\n<p>&nbsp;&nbsp;&nbsp;&nbsp;&nbsp;&nbsp;&nbsp;&nbsp;&nbsp;&nbsp;&nbsp; Beato Fulton Shean descreve a respeito do que as ideologias &nbsp;recentes vem fazendo ao ser Homem, como uma forma antinatural de fazer os homens, antes dominadores, desbravadores, guerreiros em v\u00e1rias conota\u00e7\u00f5es, em pessoas fracas, porque assim todos estariam mais seguros. Fazendo os homens fracos, estes n\u00e3o seriam mais perigosos. ERRADO, voc\u00ea pai e m\u00e3e , se voc\u00eas est\u00e3o criando homens para as batalhas que temos hoje e as que vir\u00e3o, que fa\u00e7am dos mesmos meninos perigosos! Que palavra forte. Jamais tente domesticar um ser que nasceu para ser guerreiro. Precisamos filhos que se tornem guerreiros para o futuro. O que \u00e9 melhor, ser um menino homem legal ou BOM! Lembre-se de algu\u00e9m em sua faculdade, em sua vida como homem, que quando voc\u00ea fazia algo de errado ele te fazia concertar, n\u00e3o somente com palavras mas tamb\u00e9m com atos! Sim, o que voc\u00ea pensa desta pessoa? &nbsp;Que &nbsp;este cara \u00e9 um cara legal, ou que este cara \u00e9 um cara perigoso, que por ser bom no sentido correto da palavra, ele sabe te trazer para o caminho certo!<\/p>\n<p>&nbsp;&nbsp;&nbsp;&nbsp;&nbsp;&nbsp;&nbsp;&nbsp;&nbsp;&nbsp;&nbsp; A virtude verdadeira da For\u00e7a \u00e9 que eu tenho for\u00e7a suficiente para fazer o que eu quero, mas eu a uso para fazer o que \u00e9 CERTO, ou melhor, ao que eu sou chamado a fazer de forma correta, e se algu\u00e9m do meu conv\u00edvio est\u00e1 se desvirtuando, eu sei traz\u00ea-lo de volta com moral ao cominho da retid\u00e3o.<\/p>\n<p>&nbsp;&nbsp;&nbsp;&nbsp;&nbsp;&nbsp;&nbsp;&nbsp;&nbsp;&nbsp;&nbsp; Leonard Sax em seu Livro Boys Adrift ( 5 conversas que voc\u00ea deve ter com seu filho) aborda a crise dos jovens meninos em nossa cultura. Nossa cultura tem criado duas formas de meninos na atualidade, a primeira \u00e9 o Bruto, o que tem for\u00e7a e &nbsp;abusa dos outros, o menino \u00e9 o CARA. A &nbsp;a segunda \u00e9 o cara Pregui\u00e7oso. Ele \u00e9 capaz desperdi\u00e7ar sua for\u00e7a, ou seja, passa o tempo da sua vida em v\u00eddeo games, media social de forma compulsiva ou dormindo, n\u00e3o faz nada perigoso, mas n\u00e3o faz nada &nbsp;&nbsp;de bom. Ambos usam suas for\u00e7as de forma errada! A alternativa \u00e9 cultivar sua for\u00e7a para colocar a servi\u00e7o dos outros. Usar a for\u00e7a para servir os outros.<\/p>\n<p>&nbsp;&nbsp;&nbsp;&nbsp;&nbsp;&nbsp;&nbsp;&nbsp;&nbsp;&nbsp;&nbsp; Voltando para nossa reflex\u00e3o de hoje sobre a figura de S\u00e3o Jos\u00e9, podemos afirmar que Deus escolheu um cara Perigoso para uma Miss\u00e3o Perigosa. Jos\u00e9 &nbsp;tamb\u00e9m foi &nbsp;o escolhido. Jos\u00e9 tinha que proteger o Filho de Deus, o menino Jesus do Rei Herodes. Ele tinha que ser destemido, ser perigoso, ser bravo e ser valente.<\/p>\n<p>&nbsp;&nbsp;&nbsp;&nbsp;&nbsp;&nbsp;&nbsp;&nbsp;&nbsp;&nbsp;&nbsp; Na Evangelho, Jesus descreve suas caracter\u00edsticas pessoais : -Eu sou manso e humilde de cora\u00e7\u00e3o. Bem, aqui temos um termo MANSO que merece toda a nossa aten\u00e7\u00e3o para n\u00e3o nos confundirmos, manso com ser fraco. Jesus n\u00e3o era nem um pouco fraco e em todos os momentos que foi necess\u00e1rio usou sua for\u00e7a com total controle de tudo. Manso, podemos referir a um cavalo selvagem, que ap\u00f3s a doma, passa a ser o mesmo cavalo anterior, com toda sua for\u00e7a, com todo o seu poder, mas que agora est\u00e1 sobre controle, isso \u00e9 ser Manso, totalmente diverso de fraco.<\/p>\n<p>&nbsp;&nbsp;&nbsp;&nbsp;&nbsp;&nbsp;&nbsp;&nbsp;&nbsp;&nbsp;&nbsp; Jesus ao dizer manso, diz que todo o seu poder divino est\u00e1 sob controle, para ser usado quando fosse necess\u00e1rio.<\/p>\n<p>&nbsp;&nbsp;&nbsp;&nbsp;&nbsp;&nbsp;&nbsp;&nbsp;&nbsp;&nbsp;&nbsp; Lembremos do nosso pai quando n\u00f3s \u00e9ramos crian\u00e7as? &nbsp;Nosso pai era o cara, o forte, o nosso tudo, o mais inteligente. Quando chegamos a adolesc\u00eancia j\u00e1 come\u00e7amos a ach\u00e1-lo est\u00fapido. O que muda \u00e9 que os Pais gastam as suas energias e for\u00e7as com seus filhos por serem mais jovens, mas o tempo passa e os tra\u00e7os da idade come\u00e7am a pesar. Gastaram suas energias com seus filhos e agora o tempo pesa. Mas outros pais gastam suas energias com o trabalho, com seus hobbies, com h\u00e1bitos errados que enfraquecem o homem.<\/p>\n<p>&nbsp;&nbsp;&nbsp;&nbsp;&nbsp;&nbsp;&nbsp;&nbsp;&nbsp;&nbsp;&nbsp; O Mal odeia a paternidade. Todos os homens neste mundo s\u00e3o a imagem e semelhan\u00e7a de Deus Pai, por isso o tentador quer denegrir a figura paterna de alguma maneira, seja fazendo com que &nbsp;os filhos comparem seus pais, seja fazendo com que os filhos de alguma forma guardem ressentimentos dos seus pais, sempre come\u00e7ando com coisas pequenas e cultivando-as para torna-las maiores e at\u00e9 mortais. O Pai \u00e9 para os filhos o rumo da vida e o rumo da f\u00e9. Tantos filhos desejam a carreira do pai. Pai significa tamb\u00e9m Prote\u00e7\u00e3o. Como \u00e9 bom estar perto do Pai, e poder abra\u00e7\u00e1-lo quando tantos n\u00e3o o tem mais.<\/p>\n<p>&nbsp;&nbsp;&nbsp;&nbsp;&nbsp;&nbsp;&nbsp;&nbsp;&nbsp;&nbsp;&nbsp; O dem\u00f4nio \u00e9 como o Le\u00e3o que ronda pelo mundo para devorar as almas e quando as encontra desprevenidas, as devora. Exemplo : O le\u00e3o mais jovem quando decide tomar o lugar de um le\u00e3o mais velho, ele se aproxima da alcateia e desafia o mais velho, n\u00e3o se mostrando apenas, mas trazendo para uma luta onde o objetivo \u00e9 triturar os \u00f3rg\u00e3os&nbsp; genitais do outro, pois se o fizer, j\u00e1 o tirou daquele lugar para sempre. Assim o Mal vem nos retirar da nossa comunh\u00e3o com Deus e assim nos fazer vagar pelo mundo com a morte nos assolando, pois o sal\u00e1rio do pecado \u00e9 a morte, n\u00e3o \u00e9 Deus que se afasta de n\u00f3s, mas somos n\u00f3s que decidimos nos afastar pela a\u00e7\u00e3o do Mal, que \u00e9 uma pessoa.<\/p>\n<p>&nbsp;&nbsp;&nbsp;&nbsp;&nbsp;&nbsp;&nbsp;&nbsp;&nbsp;&nbsp;&nbsp; Muitos pais hoje est\u00e3o perdendo suas for\u00e7as buscando as coisas sugeridas pelo que vem aos seus olhos. Muitos perdendo suas for\u00e7as sendo castrados pela pornografia, principalmente pelos computadores e telefones e tablets. Como estes homens estar\u00e3o Dispon\u00edveis e Capazes para a miss\u00e3o do Senhor se est\u00e3o distra\u00eddos pelos desejos pervertidos mundanos? &nbsp;Por isso pais, pe\u00e7am a intercess\u00e3o, se consagrem a S\u00e3o Jos\u00e9, que um dos seus t\u00edtulos \u00e9 : &#8211; Terror dos dem\u00f4nios!&nbsp; A Tradi\u00e7\u00e3o da Igreja nos ensina que S\u00e3o Jos\u00e9 era carpinteiro ou oper\u00e1rio. Todas as vezes que se punha a trabalhar os dem\u00f4nios jogavam suas ferramentas no ch\u00e3o e Jos\u00e9 &nbsp;as recolhia &nbsp;cantando Salmos e louvando ao Senhor!<\/p>\n<p>&nbsp;&nbsp;&nbsp;&nbsp;&nbsp;&nbsp;&nbsp;&nbsp;&nbsp;&nbsp;&nbsp; Qu\u00e3o fant\u00e1stico \u00e9 S\u00e3o Jos\u00e9. Ele \u00e9 o \u00fanico ser humano que Jesus chamou de Pai! S\u00e3o Jos\u00e9 \u00e9 o modelo de paternidade. Ele era perfeito? &nbsp;N\u00e3o , ele era capaz e dispon\u00edvel. Ele ensinou com Maria o seu filho &nbsp;Jesus rezar.&nbsp; Ele educou Jesus desde sua inf\u00e2ncia. Ensinou o Verbo Divino.&nbsp; Por isso Deus realizou junto com S\u00e3o Jos\u00e9 o que ele quer fazer hoje comigo e com voc\u00ea, desde que estejamos DISPON\u00cdVEIS E CAPAZES.<\/p>\n<p>&nbsp;&nbsp;&nbsp;&nbsp;&nbsp;&nbsp;&nbsp;&nbsp;&nbsp;&nbsp;&nbsp;<\/p>\n<p>&nbsp;&nbsp;&nbsp;&nbsp;&nbsp;&nbsp;&nbsp;&nbsp;&nbsp;&nbsp;&nbsp;<\/p>\n<p>&nbsp;&nbsp;&nbsp;&nbsp;&nbsp;&nbsp;&nbsp;&nbsp;&nbsp;&nbsp;&nbsp;<\/p>\n<p>&nbsp;&nbsp;&nbsp;&nbsp;&nbsp;&nbsp;&nbsp;&nbsp;&nbsp;&nbsp;&nbsp;<\/p>\n<p>&nbsp;&nbsp;&nbsp;&nbsp;&nbsp;&nbsp;&nbsp;&nbsp;&nbsp;&nbsp;&nbsp;<\/p>\n<p><strong>&nbsp;<\/strong><\/p>\n<p><strong><u>Oremos:<\/u><\/strong> Abb\u00e1 (Pai) Amado, hoje eu quero Senhor me colocar inteiramente a disposi\u00e7\u00e3o da Sua vontade. Quero entregar tudo o que eu sou capaz hoje ( diga sua profiss\u00e3o e seus talentos) a toda Miss\u00e3o que o Senhor hoje deseja me confiar. Senhor eu pe\u00e7o como Pai, que me fa\u00e7a consagrar \u00e0 S\u00e3o Jos\u00e9 , aquele que te protegeu de todos os perigos vis\u00edveis e invis\u00edveis. Aquele que n\u00e3o mediu for\u00e7as para te fazer crescer na F\u00e9 no Senhor!<\/p>\n<p>Am\u00e9m<\/p>\n<p>&nbsp;<\/p>\n<p>&nbsp;<\/p>\n","protected":false},"excerpt":{"rendered":"<p>\u00a0\u00a0\u00a0\u00a0\u00a0\u00a0\u00a0\u00a0\u00a0\u00a0\u00a0 DEUS N\u00c3O PRECISA DE N\u00d3S. CONTUDO ELE TEM DEMONSTRADO QUE \u00a0N\u00c3O QUER CURAR, TRANSFORMAR OU SALVAR O MUNDO SEM A NOSSA AJUDA. ELE PRECISA DE PESSOAS QUE SEJAM DISPONIVEIS E CAPAZES PARA SEU SERVI\u00c7O. <a href=\"https:\/\/blog.cancaonova.com\/drnasser\/2019\/12\/25\/jose-exemplo-de-ser-disponivel-e-capaz\/\">Continue lendo <span class=\"meta-nav\">&rarr;<\/span><\/a><\/p>\n","protected":false},"author":2501,"featured_media":0,"comment_status":"open","ping_status":"open","sticky":false,"template":"","format":"standard","meta":{"_mi_skip_tracking":false,"_monsterinsights_sitenote_active":false,"_monsterinsights_sitenote_note":"","_monsterinsights_sitenote_category":0,"footnotes":""},"categories":[10601],"tags":[18454,191041,191037,200285,112597,31,11511,191039],"_links":{"self":[{"href":"https:\/\/blog.cancaonova.com\/drnasser\/wp-json\/wp\/v2\/posts\/1531"}],"collection":[{"href":"https:\/\/blog.cancaonova.com\/drnasser\/wp-json\/wp\/v2\/posts"}],"about":[{"href":"https:\/\/blog.cancaonova.com\/drnasser\/wp-json\/wp\/v2\/types\/post"}],"author":[{"embeddable":true,"href":"https:\/\/blog.cancaonova.com\/drnasser\/wp-json\/wp\/v2\/users\/2501"}],"replies":[{"embeddable":true,"href":"https:\/\/blog.cancaonova.com\/drnasser\/wp-json\/wp\/v2\/comments?post=1531"}],"version-history":[{"count":1,"href":"https:\/\/blog.cancaonova.com\/drnasser\/wp-json\/wp\/v2\/posts\/1531\/revisions"}],"predecessor-version":[{"id":1532,"href":"https:\/\/blog.cancaonova.com\/drnasser\/wp-json\/wp\/v2\/posts\/1531\/revisions\/1532"}],"wp:attachment":[{"href":"https:\/\/blog.cancaonova.com\/drnasser\/wp-json\/wp\/v2\/media?parent=1531"}],"wp:term":[{"taxonomy":"category","embeddable":true,"href":"https:\/\/blog.cancaonova.com\/drnasser\/wp-json\/wp\/v2\/categories?post=1531"},{"taxonomy":"post_tag","embeddable":true,"href":"https:\/\/blog.cancaonova.com\/drnasser\/wp-json\/wp\/v2\/tags?post=1531"}],"curies":[{"name":"wp","href":"https:\/\/api.w.org\/{rel}","templated":true}]}}