{"id":1568,"date":"2020-03-28T13:55:06","date_gmt":"2020-03-28T16:55:06","guid":{"rendered":"http:\/\/blog.cancaonova.com\/drnasser\/?p=1568"},"modified":"2020-03-28T13:55:06","modified_gmt":"2020-03-28T16:55:06","slug":"onde-esta-o-nosso-refugio","status":"publish","type":"post","link":"https:\/\/blog.cancaonova.com\/drnasser\/2020\/03\/28\/onde-esta-o-nosso-refugio\/","title":{"rendered":"ONDE EST\u00c1 O NOSSO REF\u00daGIO?"},"content":{"rendered":"<p>&nbsp;<a href=\"http:\/\/blog.cancaonova.com\/drnasser\/files\/2016\/11\/10514627_640836882651254_1558443024961048590_n.jpg\"><img loading=\"lazy\" decoding=\"async\" class=\"aligncenter size-medium wp-image-1045\" src=\"http:\/\/blog.cancaonova.com\/drnasser\/files\/2016\/11\/10514627_640836882651254_1558443024961048590_n-300x277.jpg\" alt=\"\" width=\"300\" height=\"277\" srcset=\"https:\/\/blog.cancaonova.com\/drnasser\/files\/2016\/11\/10514627_640836882651254_1558443024961048590_n-300x277.jpg 300w, https:\/\/blog.cancaonova.com\/drnasser\/files\/2016\/11\/10514627_640836882651254_1558443024961048590_n-768x708.jpg 768w, https:\/\/blog.cancaonova.com\/drnasser\/files\/2016\/11\/10514627_640836882651254_1558443024961048590_n.jpg 960w\" sizes=\"(max-width: 300px) 100vw, 300px\" \/><\/a><\/p>\n<p>&nbsp;<\/p>\n<p>Ontem pudemos ver Persona Cristi, o Santo Padre Papa Francisco,&nbsp; fazendo sua Via Sacra, sob seus ombros todo o peso da humanidade aterrorizada pois o Inimigo assola os continentes e pelo mundo a morte, o choro, o medo e as l\u00e1grimas. Vimos o Sucessor de Pedro abrir as portas do C\u00e9u ao&nbsp; tra\u00e7ar o sinal de Cruz sobre a Humanidade e todos n\u00f3s pudemos com ele falar, chorar, ouvir e ser refugiar nos bra\u00e7os de Maria e junto de Jesus Cristo o Salvador na Cruz Sagrada. Ouvimos o Evangelho segundo S\u00e3o Marcos quando Jesus acalma a tempestade e o vento e pergunta: &#8211; Por que temais? Homens de pouca f\u00e9!&nbsp; E neste momento o mundo est\u00e1 procurando um <strong>Ref\u00fagio<\/strong>, para se defender de algo que n\u00e3o enxergam. Olham para todos os lados e buscam a ci\u00eancia. Como entender? Olham para os governantes, qu\u00e3o dif\u00edcil suas a\u00e7\u00f5es em momentos t\u00e3o nebulosos, e lembram desta Palavra: Por que temais? Homens de pouca F\u00e9! O meu e o seu lugar \u00e9 no Senhor. O Senhor \u00e9 o meu Ref\u00fagio, de quem temerei?&nbsp;<\/p>\n<p>No momento seguinte o Santo Padre acompanhado de longe pelo seu acessor se dirige para o interior da Basilica e al\u00ed traz <strong>Jesus Sacramentado<\/strong> aos seus olhos e os do mundo inteiro. O tempo em pudemos nos refugiar no C\u00e9u foi indescrit\u00edvel, quantas pessoas no mundo voltaram para o Senhor por aquele momento! Acharam o Ref\u00fagio. Em meio a toda esp\u00e9cie de desespero, o Senhor ontem foi Esperan\u00e7a aos abatidos e ref\u00fagio aos possu\u00eddos pelo medo e desespero. O tempo foi eterno,<\/p>\n<p>Recebemos a Ben\u00e7\u00e3o do Pr\u00f3prio Jesus Cristo, nosso Salvador e Redentor que anunciava ali naquele momento, Eu venci o mundo!&nbsp;<\/p>\n<p>Os efeitos da ben\u00e7\u00e3o Ubi et Orbi de ontem, todos n\u00f3s veremos com nosso pr\u00f3prios olhos a partir daquele momento na It\u00e1lia e no mundo todo. O olhar de Jesus de Amor ao mundo que o profana, que o ofende , que o viola, que o persegue, que promove sacril\u00e9gios abomin\u00e1veis, que o humilha, que o nega, que o renega, que o despreza. Deus \u00e9 fiel. Jesus na Cruz toma todo o pecado do mundo e diz ao Pai, foi por cada um deles, e tamb\u00e9m :- Perdoa pois eles n\u00e3o sabem o que fazem!&nbsp;<\/p>\n<p>O NOSSO REF\u00daGIO EST\u00c1 EM DEUS QUE FEZ O C\u00c9U E A TERRA! A chuva aumentou ap\u00f3s a ben\u00e7\u00e3o pois a natureza obedece o seu Criador e fomos lavados, com o Espirito Santo sendo derramado em todos os cantos da terra, mais ainda na China onde Igrejas foram destru\u00eddas em nome de sua ideologia anti-crist\u00e3. Em todos os rinc\u00f5es da Terra ouvi-se a Palavra de Jesus no Evangelho: &#8211; Por que temais? Jesus em sua ben\u00e7\u00e3o nos disse aos brados e quando Eu for elevado atrairei todos a mim!&nbsp;<\/p>\n<p>E depois de muito tempo ontem as 15hs, hora da Miseric\u00f3rdia experimentamos a<strong> Verdadeira Paz que \u00e9 Jesus! Nosso \u00fanico Ref\u00fagio!<\/strong> Am\u00e9m<\/p>\n<p>&nbsp;<\/p>\n<p>&nbsp;<\/p>\n<p>&nbsp;<\/p>\n<p>&nbsp;<\/p>\n","protected":false},"excerpt":{"rendered":"<p>BEN\u00c7A\u00d5 DO PAPA UBI ET ORBI ONDE EST\u00c1 O NOSSO REF\u00daGIO? <a href=\"https:\/\/blog.cancaonova.com\/drnasser\/2020\/03\/28\/onde-esta-o-nosso-refugio\/\">Continue lendo <span class=\"meta-nav\">&rarr;<\/span><\/a><\/p>\n","protected":false},"author":2501,"featured_media":0,"comment_status":"open","ping_status":"open","sticky":false,"template":"","format":"standard","meta":{"_mi_skip_tracking":false,"_monsterinsights_sitenote_active":false,"_monsterinsights_sitenote_note":"","_monsterinsights_sitenote_category":0,"footnotes":""},"categories":[10601,1],"tags":[200306,189860,5011,183441,16336,28638,200307],"_links":{"self":[{"href":"https:\/\/blog.cancaonova.com\/drnasser\/wp-json\/wp\/v2\/posts\/1568"}],"collection":[{"href":"https:\/\/blog.cancaonova.com\/drnasser\/wp-json\/wp\/v2\/posts"}],"about":[{"href":"https:\/\/blog.cancaonova.com\/drnasser\/wp-json\/wp\/v2\/types\/post"}],"author":[{"embeddable":true,"href":"https:\/\/blog.cancaonova.com\/drnasser\/wp-json\/wp\/v2\/users\/2501"}],"replies":[{"embeddable":true,"href":"https:\/\/blog.cancaonova.com\/drnasser\/wp-json\/wp\/v2\/comments?post=1568"}],"version-history":[{"count":2,"href":"https:\/\/blog.cancaonova.com\/drnasser\/wp-json\/wp\/v2\/posts\/1568\/revisions"}],"predecessor-version":[{"id":1570,"href":"https:\/\/blog.cancaonova.com\/drnasser\/wp-json\/wp\/v2\/posts\/1568\/revisions\/1570"}],"wp:attachment":[{"href":"https:\/\/blog.cancaonova.com\/drnasser\/wp-json\/wp\/v2\/media?parent=1568"}],"wp:term":[{"taxonomy":"category","embeddable":true,"href":"https:\/\/blog.cancaonova.com\/drnasser\/wp-json\/wp\/v2\/categories?post=1568"},{"taxonomy":"post_tag","embeddable":true,"href":"https:\/\/blog.cancaonova.com\/drnasser\/wp-json\/wp\/v2\/tags?post=1568"}],"curies":[{"name":"wp","href":"https:\/\/api.w.org\/{rel}","templated":true}]}}