{"id":1607,"date":"2020-05-03T19:39:54","date_gmt":"2020-05-03T22:39:54","guid":{"rendered":"http:\/\/blog.cancaonova.com\/drnasser\/?p=1607"},"modified":"2020-05-03T19:39:54","modified_gmt":"2020-05-03T22:39:54","slug":"inseguro-mas-sei-onde-ponho-minha-esperanca","status":"publish","type":"post","link":"https:\/\/blog.cancaonova.com\/drnasser\/2020\/05\/03\/inseguro-mas-sei-onde-ponho-minha-esperanca\/","title":{"rendered":"INSEGURO: MAS SEI ONDE PONHO MINHA ESPERAN\u00c7A"},"content":{"rendered":"<p>&nbsp;<\/p>\n<p><strong><a href=\"http:\/\/blog.cancaonova.com\/drnasser\/files\/2016\/11\/10514627_640836882651254_1558443024961048590_n.jpg\"><img loading=\"lazy\" decoding=\"async\" class=\"aligncenter size-medium wp-image-1045\" src=\"http:\/\/blog.cancaonova.com\/drnasser\/files\/2016\/11\/10514627_640836882651254_1558443024961048590_n-300x277.jpg\" alt=\"\" width=\"300\" height=\"277\" srcset=\"https:\/\/blog.cancaonova.com\/drnasser\/files\/2016\/11\/10514627_640836882651254_1558443024961048590_n-300x277.jpg 300w, https:\/\/blog.cancaonova.com\/drnasser\/files\/2016\/11\/10514627_640836882651254_1558443024961048590_n-768x708.jpg 768w, https:\/\/blog.cancaonova.com\/drnasser\/files\/2016\/11\/10514627_640836882651254_1558443024961048590_n.jpg 960w\" sizes=\"(max-width: 300px) 100vw, 300px\" \/><\/a>&nbsp;<\/strong><\/p>\n<p><strong>&nbsp;&nbsp;&nbsp;&nbsp;&nbsp;&nbsp;&nbsp;&nbsp;&nbsp;&nbsp;&nbsp;&nbsp;&nbsp;&nbsp;&nbsp;&nbsp;&nbsp;&nbsp;&nbsp;&nbsp;&nbsp;&nbsp;&nbsp;&nbsp;&nbsp;&nbsp;&nbsp;&nbsp;&nbsp;&nbsp;&nbsp;&nbsp;&nbsp;&nbsp;&nbsp;&nbsp;&nbsp;&nbsp;&nbsp;&nbsp;&nbsp;&nbsp;&nbsp;&nbsp;&nbsp;&nbsp;&nbsp;&nbsp;&nbsp;&nbsp;&nbsp;&nbsp;&nbsp;&nbsp;&nbsp;&nbsp;&nbsp;&nbsp; &nbsp;&nbsp;&nbsp;&nbsp;&nbsp;&nbsp;&nbsp;&nbsp;&nbsp;&nbsp;&nbsp; &nbsp;&nbsp;&nbsp;&nbsp;&nbsp;&nbsp;&nbsp;&nbsp;&nbsp;&nbsp;&nbsp; <\/strong><\/p>\n<p>&nbsp;&nbsp;&nbsp;&nbsp;&nbsp;&nbsp;&nbsp;&nbsp;&nbsp;&nbsp;&nbsp; Muitas coisas nestes dias est\u00e3o vindo \u00e0 tona, nossas mentes est\u00e3o aflitas e a pergunta que n\u00e3o quer calar: &#8211; Eu gostaria de saber quando tudo isso ir\u00e1 terminar? Quando eu voltarei ao trabalho? Quando eu poderei terminar meus estudos? Quando finalmente eu poderei fazer uma entrevista que foi adiada pela pandemia? Quando finalmente eu serei batizado, ou quando ser\u00e1 meu matrim\u00f4nio? Quando ser\u00e1 minha formatura? Eu s\u00f3 queria saber , quando isto tudo ir\u00e1 acontecer!<\/p>\n<p>&nbsp;&nbsp;&nbsp;&nbsp;&nbsp;&nbsp;&nbsp;&nbsp;&nbsp;&nbsp;&nbsp; Porque que n\u00f3s queremos saber? Muitos responder\u00e3o, eu n\u00e3o sei , eu s\u00f3 queria saber! Mas porque se eu souber, eu n\u00e3o ficarei mais preocupado. Mas a quest\u00e3o \u00e9 , <strong><u>voc\u00ea n\u00e3o precisa se preocupar! <\/u><\/strong><\/p>\n<p>&nbsp;&nbsp;&nbsp;&nbsp;&nbsp;&nbsp;&nbsp;&nbsp;&nbsp;&nbsp;&nbsp; O fato de querermos saber continuamente, gera em todos algo muito s\u00e9rio, do ponto de vista mental que \u00e9 <strong><u>ANSIEDADE<\/u><\/strong>! A preocupa\u00e7\u00e3o que passa dominar nossas vidas. Recentemente v\u00e1rios estudantes demonstraram nesta epidemia que necessitaram de ajuda de profissionais de sa\u00fade mental, ou seja, &nbsp;psic\u00f3logos e psiquiatras. <strong><u>Ansiedade \u00e9 a supervaloriza\u00e7\u00e3o do perigo e subvaloriza\u00e7\u00e3o da esperan\u00e7a por ajuda neste perigo<\/u><\/strong>. Dentro desta pergunta sobre o que ir\u00e1 acontecer, vem as duas vertentes a supervaloriza\u00e7\u00e3o do perigo e a subvaloriza\u00e7\u00e3o da ajuda, assim se manifesta a ANSIEDADE GENERALIZADA.<\/p>\n<p>&nbsp;&nbsp;&nbsp;&nbsp;&nbsp;&nbsp;&nbsp;&nbsp;&nbsp;&nbsp;&nbsp; Dentro deste contexto preciso esclarecer um mito que existe, que criamos: &#8211; Saber igual a &nbsp;seguran\u00e7a. Tem a sensa\u00e7\u00e3o que isso nos traz paz. Estamos falando de Inseguran\u00e7a. Claro que n\u00f3s precisamos saber das coisas para nos planejarmos melhor. Eu preciso saber qual a quantidade de pessoas que vir\u00e3o para uma festa, por exemplo, para que todos possam usufruir da festa e serem bem servidos.&nbsp; Profissionais de esportes precisar\u00e3o das datas de forma correta, pois seus treinamentos estar\u00e3o ligados a quanto tempo lhes restam para ser prepararem de forma adequada.<\/p>\n<p>&nbsp;&nbsp;&nbsp;&nbsp;&nbsp;&nbsp;&nbsp;&nbsp;&nbsp;&nbsp;&nbsp; Saber \u00e9 algo muito importante, mas eu preciso me planejar para realizar algo de forma adequada. Eu n\u00e3o preciso saber para ter paz, pois saber n\u00e3o \u00e9 igual a seguran\u00e7a, <strong><u>pois este mundo n\u00e3o \u00e9 seguro.<\/u><\/strong><\/p>\n<p>&nbsp;&nbsp;&nbsp;&nbsp;&nbsp;&nbsp;&nbsp;&nbsp;&nbsp;&nbsp;&nbsp; Crist\u00e3os, nosso chamado n\u00e3o \u00e9 para vivermos sem estresse, mas estarmos em meio a tantos combates podendo estar em paz, pois temos em quem confiar. Por isso n\u00f3s somos chamados a n\u00e3o permitir que as coisas nos perturbem, mesmo que n\u00f3s n\u00e3o conhe\u00e7amos. O desconhecido n\u00e3o \u00e9 para o cat\u00f3lico uma amea\u00e7a. Para isso, n\u00f3s precisamos de duas coisas: <strong>SERMOS CORAJOSOS E CONFIANTES.<\/strong><\/p>\n<p><strong>&nbsp;&nbsp;&nbsp;&nbsp;&nbsp;&nbsp;&nbsp;&nbsp;&nbsp;&nbsp;&nbsp; <em>Uma coisa muito importante para n\u00f3s pais nestes tempos modernos \u00e9: N\u00e3o protegermos nossos filhos do mundo, mas tornarmos nossos filhos corajosos para enfrentarem o mundo! N\u00e3o vamos fazer do mundo um lugar seguro, mas temos que fazer nossos filhos mais fortes e corajosos para enfrentar o mundo, que n\u00e3o \u00e9 um lugar seguro.<\/em><\/strong><\/p>\n<p><strong><em>&nbsp;&nbsp;&nbsp;&nbsp;&nbsp;&nbsp;&nbsp;&nbsp;&nbsp;&nbsp;&nbsp; <\/em><\/strong>Deus fez a mesma coisa por n\u00f3s. Ele criou este mundo bom mas n\u00e3o inquebr\u00e1vel. O mundo se tornou corrompido e inseguro. N\u00e3o podendo mais fazer este mundo seguro, nos fez mais corajosos , fortes e destemidos. &nbsp;A B\u00edblia inteira \u00e9 cheia de exemplo de pessoas corajosas, destemidas que ouviram a Voz de Deus e foram \u00e0 luta. Dentre todas estas figuras, algu\u00e9m muito especial ouviu o chamado e se p\u00f4s em a\u00e7\u00e3o, Maria a Virgem Sant\u00edssima. Pense Maria ouvindo o Anjo. A pergunta que ela faz :- Como isso se dar\u00e1? O Anjo explica: &#8211; O Espirito de Deus vir\u00e1 sobre voc\u00ea&nbsp; e voc\u00ea conceber\u00e1 e dar\u00e1 a luz a um filho e ser\u00e1 chamado Jesus. Maria simplesmente se coloca a servi\u00e7o do Pai e da hist\u00f3ria de Salva\u00e7\u00e3o. FIAT, fa\u00e7a-se em mim conforme a Vossa Vontade! Maria \u00e9 uma mulher cheia de coragem, cheia de confian\u00e7a em Deus. Mesmo sabendo de tudo o que iria acontecer com Ela, jamais temeu! Maria n\u00e3o agiu com um de n\u00f3s que iria perguntar tudo que iria acontecer, para responder. Ela simplesmente disse SIM! Isso foi o suficiente. Ela n\u00e3o se perturbava com o desconhecido porque ela era corajosa e confiante ( &nbsp;do grego com f\u00e9).<\/p>\n<p><strong><em>&nbsp;&nbsp;&nbsp;&nbsp;&nbsp;&nbsp;&nbsp;&nbsp;&nbsp;&nbsp;&nbsp; <\/em><\/strong>Hoje Jesus diz: &#8211; Eu sou o BOM PASTOR! Eu conhe\u00e7o as minhas ovelhas e elas me conhecem, elas ouvem a minha voz e me seguem! Ser\u00e1 que eu e voc\u00ea ouvimos a voz do Pastor todos os dias e fazemos o que Ele est\u00e1 nos pedindo? Quantas vezes n\u00f3s ca\u00edmos nesta armadilha de querer saber para ter seguran\u00e7a e Deus est\u00e1 nos chamando para caminharmos com confian\u00e7a mesmo naquilo que n\u00e3o conhecemos bem ou nada.<\/p>\n<p>&nbsp;&nbsp;&nbsp;&nbsp;&nbsp;&nbsp;&nbsp;&nbsp;&nbsp;&nbsp;&nbsp; Crist\u00e3o n\u00e3o precisa saber onde eu te colocarei diz o Senhor, mas Eu estarei contigo at\u00e9 o fim e isso \u00e9 o suficiente!<\/p>\n<p>&nbsp;&nbsp;&nbsp;&nbsp;&nbsp;&nbsp;&nbsp;&nbsp;&nbsp;&nbsp;&nbsp; Deus nos deu a voz pela Igreja e pela Palavra, Ele j\u00e1 falou muito para n\u00f3s sabermos o que fazer e ainda ficamos ansiosos para saber. A gente pode n\u00e3o saber o que vir\u00e1 mas n\u00f3s podemos saber o que acontece agora!<\/p>\n<p>&nbsp;&nbsp;&nbsp;&nbsp;&nbsp;&nbsp;&nbsp;&nbsp;&nbsp;&nbsp;&nbsp; N\u00f3s n\u00e3o precisamos saber o que vai acontecer mas entender o que acontece agora. Muitos querem saber o que vir\u00e1 para certamente estragar tudo. N\u00f3s frequentemente tomamos a decis\u00e3o errada e falhamos. Imagine se soubesse o que iria acontecer, ir\u00edamos falhar ainda mais.<\/p>\n<p>&nbsp;&nbsp;&nbsp;&nbsp;&nbsp;&nbsp;&nbsp;&nbsp;&nbsp;&nbsp;&nbsp; Na vida de discernimento ouvimos hist\u00f3rias sobre jovens que s\u00e3o chamados para vida consagrada. Certa vez um jovem universit\u00e1rio ap\u00f3s muitas ora\u00e7\u00f5es, retiros, dire\u00e7\u00f5es e discernimentos entrou para a Vida Consagrada. Algum tempo discerniu atrav\u00e9s de ora\u00e7\u00f5es, dire\u00e7\u00f5es e retiros &nbsp;que ali n\u00e3o era o seu lugar. Voltou a vida anterior e novamente veio uma crise muito s\u00e9ria sobre sua vida com &nbsp;um n\u00e3o religioso. Ao final ele concluiu: &#8211; Senhor, mesmo eu n\u00e3o entendendo nada de qual caminho o Senhor quer para mim, eu vou seguir o caminho que o Senhor est\u00e1 tra\u00e7ando para mim agora, porque um dia eu vou chegar l\u00e1, onde o Senhor preparou para mim aquilo que \u00e9 melhor para a minha vida! O mais importante n\u00e3o \u00e9 o que na verdade eu serei, mas o que eu serei vocacionado e deveria exercer com um homem virtuoso e isso \u00e9 o suficiente.<\/p>\n<p>&nbsp;&nbsp;&nbsp;&nbsp;&nbsp;&nbsp;&nbsp;&nbsp;&nbsp;&nbsp;&nbsp; Concluindo eu e voc\u00ea j\u00e1 sabemos o suficiente para viver bem e sabiamente AQUI E AGORA! Que possamos ser corajosos neste mundo tenebroso e confiantes, neste mundo Inseguro, pois temos um Bom Pastor! Cabe a n\u00f3s n\u00e3o ficarmos longe para sempre podermos ouvir a Sua Voz!<\/p>\n<p>&nbsp;&nbsp;&nbsp;&nbsp;&nbsp;&nbsp;&nbsp;&nbsp;&nbsp;&nbsp;&nbsp;<\/p>\n<p><iframe loading=\"lazy\" title=\"Who You Say I Am - Hillsong Worship\" width=\"600\" height=\"338\" src=\"https:\/\/www.youtube.com\/embed\/lKw6uqtGFfo?feature=oembed&amp;rel=0\" frameborder=\"0\" allow=\"accelerometer; autoplay; clipboard-write; encrypted-media; gyroscope; picture-in-picture; web-share\" referrerpolicy=\"strict-origin-when-cross-origin\" allowfullscreen><\/iframe><\/p>\n<p>Ora\u00e7\u00e3o: Abb\u00e1 Pai. O Senhor \u00e9 o meu Pastor n\u00e3o me falta coisa alguma. Senhor como Pai, um Pai zeloso, sabes muito bem quantas vezes eu te abandono, fico longe passando a n\u00e3o ouvir a Sua voz! Eu sei tamb\u00e9m que o Senhor sempre fala baixo, para que eu possa ouvi-lo sempre em sil\u00eancio. Senhor, pelos bra\u00e7os de Maria que eu seja sempre reconduzido a sua presen\u00e7a como uma ovelha ao Seu Redil. Jesus acalma minha alma, retira de mim toda Ansiedade e todo o desejo de saber todas as coisas, fa\u00e7a-me corajoso e confiante na Sua Palavra que nunca falha e nunca tarda. Batiza-me com Seu Santo Esp\u00edrito, fa\u00e7a-se em mim nova todas as coisas. Derrama sobre n\u00f3s a Sua Infinita Miseric\u00f3rdia! Am\u00e9m.<\/p>\n","protected":false},"excerpt":{"rendered":"<p>\u00a0\u00a0\u00a0\u00a0\u00a0\u00a0\u00a0\u00a0\u00a0\u00a0\u00a0 Uma coisa muito importante para n\u00f3s pais nestes tempos modernos \u00e9: N\u00e3o protegermos nossos filhos do mundo, mas tornarmos nossos filhos corajosos para enfrentarem o mundo! N\u00e3o vamos fazer do mundo um lugar seguro, mas temos que fazer nossos filhos mais fortes e corajosos para enfrentar o mundo, que n\u00e3o \u00e9 um lugar seguro. <a href=\"https:\/\/blog.cancaonova.com\/drnasser\/2020\/05\/03\/inseguro-mas-sei-onde-ponho-minha-esperanca\/\">Continue lendo <span class=\"meta-nav\">&rarr;<\/span><\/a><\/p>\n","protected":false},"author":2501,"featured_media":0,"comment_status":"open","ping_status":"open","sticky":false,"template":"","format":"standard","meta":{"_mi_skip_tracking":false,"_monsterinsights_sitenote_active":false,"_monsterinsights_sitenote_note":"","_monsterinsights_sitenote_category":0,"footnotes":""},"categories":[10601],"tags":[27141,189922,18181,5011,16344,200365,189858,200366,200614],"_links":{"self":[{"href":"https:\/\/blog.cancaonova.com\/drnasser\/wp-json\/wp\/v2\/posts\/1607"}],"collection":[{"href":"https:\/\/blog.cancaonova.com\/drnasser\/wp-json\/wp\/v2\/posts"}],"about":[{"href":"https:\/\/blog.cancaonova.com\/drnasser\/wp-json\/wp\/v2\/types\/post"}],"author":[{"embeddable":true,"href":"https:\/\/blog.cancaonova.com\/drnasser\/wp-json\/wp\/v2\/users\/2501"}],"replies":[{"embeddable":true,"href":"https:\/\/blog.cancaonova.com\/drnasser\/wp-json\/wp\/v2\/comments?post=1607"}],"version-history":[{"count":1,"href":"https:\/\/blog.cancaonova.com\/drnasser\/wp-json\/wp\/v2\/posts\/1607\/revisions"}],"predecessor-version":[{"id":1608,"href":"https:\/\/blog.cancaonova.com\/drnasser\/wp-json\/wp\/v2\/posts\/1607\/revisions\/1608"}],"wp:attachment":[{"href":"https:\/\/blog.cancaonova.com\/drnasser\/wp-json\/wp\/v2\/media?parent=1607"}],"wp:term":[{"taxonomy":"category","embeddable":true,"href":"https:\/\/blog.cancaonova.com\/drnasser\/wp-json\/wp\/v2\/categories?post=1607"},{"taxonomy":"post_tag","embeddable":true,"href":"https:\/\/blog.cancaonova.com\/drnasser\/wp-json\/wp\/v2\/tags?post=1607"}],"curies":[{"name":"wp","href":"https:\/\/api.w.org\/{rel}","templated":true}]}}