{"id":1612,"date":"2020-05-17T14:15:08","date_gmt":"2020-05-17T17:15:08","guid":{"rendered":"http:\/\/blog.cancaonova.com\/drnasser\/?p=1612"},"modified":"2020-05-17T14:15:08","modified_gmt":"2020-05-17T17:15:08","slug":"como-de-um-exilio-queremos-ou-nao-voltar","status":"publish","type":"post","link":"https:\/\/blog.cancaonova.com\/drnasser\/2020\/05\/17\/como-de-um-exilio-queremos-ou-nao-voltar\/","title":{"rendered":"COMO DE UM EX\u00cdLIO- QUEREMOS OU N\u00c3O VOLTAR?"},"content":{"rendered":"<p><a href=\"http:\/\/blog.cancaonova.com\/drnasser\/files\/2017\/03\/drnasseremonsegnior.jpg\"><img loading=\"lazy\" decoding=\"async\" class=\"aligncenter size-medium wp-image-1104\" src=\"http:\/\/blog.cancaonova.com\/drnasser\/files\/2017\/03\/drnasseremonsegnior-300x225.jpg\" alt=\"\" width=\"300\" height=\"225\" srcset=\"https:\/\/blog.cancaonova.com\/drnasser\/files\/2017\/03\/drnasseremonsegnior-300x225.jpg 300w, https:\/\/blog.cancaonova.com\/drnasser\/files\/2017\/03\/drnasseremonsegnior.jpg 450w\" sizes=\"(max-width: 300px) 100vw, 300px\" \/><\/a><\/p>\n<p><strong>&nbsp;<\/strong><\/p>\n<p><strong>&nbsp;&nbsp;&nbsp;&nbsp;&nbsp;&nbsp;&nbsp;&nbsp;&nbsp;&nbsp;&nbsp;&nbsp;&nbsp;&nbsp;&nbsp;&nbsp;&nbsp;&nbsp;&nbsp;&nbsp;&nbsp;&nbsp;&nbsp;&nbsp;&nbsp;&nbsp;&nbsp;&nbsp;&nbsp;&nbsp;&nbsp;&nbsp;&nbsp;&nbsp;&nbsp;&nbsp;&nbsp;&nbsp;&nbsp;&nbsp;&nbsp;&nbsp;&nbsp;&nbsp;&nbsp;&nbsp;&nbsp;&nbsp;&nbsp;&nbsp;&nbsp;&nbsp;&nbsp;&nbsp;&nbsp;&nbsp;&nbsp;&nbsp; &nbsp;&nbsp;&nbsp;&nbsp;&nbsp;&nbsp;&nbsp;&nbsp;&nbsp;&nbsp;&nbsp; &nbsp;&nbsp;&nbsp;&nbsp;&nbsp;&nbsp;&nbsp;&nbsp;&nbsp;&nbsp;&nbsp; <\/strong><\/p>\n<p>&nbsp;&nbsp;&nbsp;&nbsp;&nbsp;&nbsp;&nbsp;&nbsp;&nbsp;&nbsp;&nbsp; Car\u00edssimos, hoje estamos vivendo um tempo semelhante, claro guardando as devidas propor\u00e7\u00f5es, ao Ex\u00edlio na Babil\u00f4nia. A diferen\u00e7a \u00e9 que n\u00e3o fomos transportados para terras long\u00ednquas f\u00edsicas, como os nossos irm\u00e3os judeus &nbsp;foram&nbsp; para a Babil\u00f4nia, mas de certa forma sim, fomos transportados para nossas pris\u00f5es. Babil\u00f4nia era um lugar magn\u00edfico, onde tudo acontecia, sabemos dos Jardins Suspensos da Babil\u00f4nia, considerada entre as sete maravilhas do mundo antigo.&nbsp; Depois de 70 anos, Ciro determina aos Judeus, voc\u00eas agora podem voltar a Jerusal\u00e9m. O que significava voltar para Jerusal\u00e9m! Voltar ao Templo, pois somente em Jerusal\u00e9m havia o Templo e somente no Templo era poss\u00edvel adorar o Senhor dos Senhores, o Rei dos Reis, o Senhor dos Ex\u00e9rcitos, YEAWEH!. Na Babil\u00f4nia n\u00e3o haviam mais sacerdotes ,portanto n\u00e3o havia mais onde Adorar o Senhor, e assim o povo foi ficando sem as dimens\u00f5es do Sagrado em seus cora\u00e7\u00f5es.<\/p>\n<p>&nbsp;&nbsp;&nbsp;&nbsp;&nbsp;&nbsp;&nbsp;&nbsp;&nbsp;&nbsp;&nbsp; Bem, ap\u00f3s umas dez semanas mais ou menos, seremos tamb\u00e9m liberados para sairmos de casa, do ex\u00edlio, para muitos, pela condi\u00e7\u00f5es s\u00f3cio econ\u00f4micas, uma pris\u00e3o, com pouco espa\u00e7o e muita gente aglomerada. Contudo algo que aconteceu com os Judeus e acontece conosco hoje, muitos de n\u00f3s ir\u00e3o se perguntar, para qu\u00ea voltar? Muitos Judeus perderam a f\u00e9 e voltar para Jerusal\u00e9m seria sem prop\u00f3sito, para muitos hoje sair de casa n\u00e3o faz sentido, pois grande parte do povo que sofre hoje, n\u00e3o tem mais para onde ir!<\/p>\n<p>&nbsp;&nbsp;&nbsp;&nbsp;&nbsp;&nbsp;&nbsp;&nbsp;&nbsp;&nbsp;&nbsp; N\u00f3s vivemos num Ex\u00edlio hoje, perdemos a liberdade de viajar, de andar livremente pelas ruas, exceto aqueles ligados aos bens essenciais, ir \u00e0 praia, encontrar os amigos e o mais importante, fomos privados de irmos ao nosso local de profiss\u00e3o de f\u00e9. N\u00f3s Cat\u00f3licos fomos privados de&nbsp; ir \u00e0 Igreja, de Celebrar a Eucaristia fisicamente. Apesar das mais diversas formas de transmiss\u00e3o online, nada substitui estar dentro do Solo SAGRADO!. Fomos separados dos nossos Padres. Ficamos afastados dos nossos Sacramentos.<\/p>\n<p>&nbsp;&nbsp;&nbsp;&nbsp;&nbsp;&nbsp;&nbsp;&nbsp;&nbsp;&nbsp;&nbsp; E a partir de agora muitos lugares est\u00e3o liberando a vida das pessoas. Assim poderemos voltar a nossa Igreja e estar fisicamente na Presen\u00e7a do Sagrado. Na Babil\u00f4nia tamb\u00e9m foi assim, liberados para voltar apenas uma pequena parte da popula\u00e7\u00e3o dos hebreus voltaram para Jerusal\u00e9m, a maioria ficou na Babil\u00f4nia. Eles disseram que n\u00e3o tinham raz\u00e3o para voltar. Imagine voc\u00ea, vivendo na Babil\u00f4nia e de repente se v\u00ea na posi\u00e7\u00e3o de que Adorar a Deus no Templo em Jerusal\u00e9m n\u00e3o era importante, que n\u00e3o valeria a pena voltar. Quantos jovens respondiam: &#8211; Pode haver raz\u00e3o para os&nbsp; meus av\u00f3s, meus pais, mas para mim, eu n\u00e3o tenho raz\u00e3o para voltar.<\/p>\n<p>&nbsp;&nbsp;&nbsp;&nbsp;&nbsp;&nbsp;&nbsp;&nbsp;&nbsp;&nbsp;&nbsp; Estamos aos poucos voltando e em breve voltaremos para as nossas Igrejas, e alguns ir\u00e3o se argumentar: &#8211; Pra que voltar? Eu vou a Missa por h\u00e1bito. Isso porque meus pais me carregam para a Missa.<\/p>\n<p>&nbsp;&nbsp;&nbsp;&nbsp;&nbsp;&nbsp;&nbsp;&nbsp;&nbsp;&nbsp;&nbsp; Um estudo recente falando a respeito dos jovens talvez duas gera\u00e7\u00f5es para esta, respondendo ao question\u00e1rio sobre o porqu\u00ea de terem se afastado das coisas de Deus, especialmente ap\u00f3s terem entrado na faculdade e inicio de vida cheia de trabalho responderam: &#8211; N\u00e3o \u00e9 por algum esc\u00e2ndalo na Igreja que eu me afastei, eu me afastei e esta foi a resposta mais comum disparado, porque eu n\u00e3o encontro raz\u00e3o para isso!<\/p>\n<p>&nbsp;&nbsp;&nbsp;&nbsp;&nbsp;&nbsp;&nbsp;&nbsp;&nbsp;&nbsp;&nbsp; Uma situa\u00e7\u00e3o de exilo como esta, aqueles que j\u00e1 est\u00e3o meio afastados, ficaram muito mais, pois em casa, n\u00e3o acharam mais raz\u00e3o para &nbsp;acompanhar celebra\u00e7\u00f5es online.<\/p>\n<p>&nbsp;&nbsp;&nbsp;&nbsp;&nbsp;&nbsp;&nbsp;&nbsp;&nbsp;&nbsp;&nbsp; Car\u00edssimos, hoje o que precisamos trazer para estas gera\u00e7\u00f5es de descrentes, sem sentido na vida, \u00e9 a RAZ\u00c3O por que n\u00f3s cremos, e como \u00e9 l\u00f3gico crer. Isto n\u00e3o \u00e9 um h\u00e1bito, uma obriga\u00e7\u00e3o mas uma raz\u00e3o. Eu tenho que ser, mas o cora\u00e7\u00e3o \u00e9 a raz\u00e3o. Qual \u00e9 a raz\u00e3o? Por que voltar?&nbsp; A resposta simples \u00e9 : Jesus! Continuando neste racioc\u00ednio vamos ver no in\u00edcio da vida p\u00fablica Dele, quando os galileus levaram um homem paralisado em uma maca, n\u00e3o havia como entrar, fizeram uma manobra fazendo aquele homem e sua maca descerem pelo teto at\u00e9 \u00e0 frente de Jesus. Jesus disse:- Seus pecados est\u00e3o perdoados, e todos ficaram chocados pois somente Deus poderia perdoar os pecados, e bem ali o LOGOS ( o Verbo) se manifesta um com o Pai e o Espirito Santo, portanto, Jesus \u00e9 Deus, o LOGOS. Ele demonstra que Ele \u00e9 o que Ele diz que \u00e9 ( Marcos:2). Jesus cura o paral\u00edtico.&nbsp; Antes da Sua Paix\u00e3o em Jo\u00e3o : 11, Jesus ressuscita L\u00e1zaro dos mortos. Quem poderia fazer isso a n\u00e3o ser Deus?&nbsp; E claro, ainda estamos no tempo Pascal, tempo que celebramos a paix\u00e3o, morte e Ressurrei\u00e7\u00e3o de Jesus, onde tudo passa a fazer sentido na nossa exist\u00eancia ( Santo Agostinho).&nbsp; Jesus prova na Ressurrei\u00e7\u00e3o que Ele \u00e9 quem Ele diz que \u00e9!&nbsp; A marca hist\u00f3rica de sua Presen\u00e7a e a funda\u00e7\u00e3o da Igreja sobre Pedro o Primeiro Ministro do Reino de Deus! Conhecemos como Primado de Pedro! \u2013 Pedro tu \u00e9s Pedra e sobre esta Pedra eu edificarei minha Igreja e as portas do inferno n\u00e3o prevalecer\u00e3o contra ela! A cabe\u00e7a \u00e9 Cristo!<\/p>\n<p>&nbsp;&nbsp;&nbsp;&nbsp;&nbsp;&nbsp;&nbsp;&nbsp;&nbsp;&nbsp;&nbsp; Jesus hoje nas Leituras acalma e d\u00e1 esperan\u00e7a aos Ap\u00f3stolos: &#8211; Eu irei, mas n\u00e3o vos deixarei sozinhos. Eu vos enviarei o Espirito Santo que habitar\u00e1 em todo Batizado para que d\u00ea Testemunho do Reino de Deus.<\/p>\n<p>&nbsp;&nbsp;&nbsp;&nbsp;&nbsp;&nbsp;&nbsp;&nbsp;&nbsp;&nbsp;&nbsp; O Segredo de tudo isso, como S\u00e3o Paulo, \u00e9 dizer: Eu encontrei Jesus e o Amei! (Santo Agostinho), que ainda diz tarde te amei! Jesus \u00e9 fruto de um Encontro, de uma experi\u00eancia e de uma certeza que a vida que vivemos aqui n\u00e3o \u00e9 nem de perto o que nos espera na Vida Eterna.&nbsp; Por que voc\u00ea deve voltar? Porque voc\u00ea O encontrou e O amou.<\/p>\n<p>&nbsp;&nbsp;&nbsp;&nbsp;&nbsp;&nbsp;&nbsp;&nbsp;&nbsp;&nbsp;&nbsp; Amor n\u00e3o \u00e9 um sentimento \u00e9 muito mais que um sentimento. \u00c9 desejar o melhor para o OUTRO!<\/p>\n<p>&nbsp;&nbsp;&nbsp;&nbsp;&nbsp;&nbsp;&nbsp;&nbsp;&nbsp;&nbsp;&nbsp; Amar a Deus \u00e9 obedecer ( dar a Deus o seu cora\u00e7\u00e3o). Siga meus mandamentos. Fa\u00e7a isso em mem\u00f3ria de MIM! Este \u00e9 o meu corpo e meu sangue! N\u00e3o \u00e9 um h\u00e1bito, n\u00e3o \u00e9 uma obriga\u00e7\u00e3o, mas Ele me pediu para fazer isso! Por Amor, eu desejo sempre voltar ao Seu encontro. A melhor maneira de Am\u00e1-lo \u00e9 fazer o que Ele me pediu para fazer!<\/p>\n<p>&nbsp;&nbsp;&nbsp;&nbsp;&nbsp;&nbsp;&nbsp;&nbsp;&nbsp;&nbsp;&nbsp; A GRANDE RAZ\u00c3O PARA VOLTARMOS PARA MISSA DOMINICAL E OS QUE TEM A CHANCE PARA MISSA DI\u00c1RIA \u00c9 : PORQUE A RAZ\u00c3O DO ENCONTRO \u00c9 JESUS!<\/p>\n<p>&nbsp;&nbsp;&nbsp;&nbsp;&nbsp;&nbsp;&nbsp;&nbsp;&nbsp;&nbsp;&nbsp; N\u00f3s precisamos nos alimentar Dele, que se d\u00e1 em corpo e sangue para nos restaurar. Car\u00edssimos, quantos de n\u00f3s neste tempo adoecemos, quanto de n\u00f3s , eu em especial, tivemos que deixar nossas casas e encarar os hospitais a trabalho, quantos de n\u00f3s percorremos ruas e avenidas vazias. Contudo em tudo isso, a M\u00e3o Dele esteve sobre n\u00f3s, e em cada ora\u00e7\u00e3o que fizemos por nossos e por quem n\u00f3s cuidamos ou amamos, foi a Ele que entregamos.<\/p>\n<p>&nbsp;&nbsp;&nbsp;&nbsp;&nbsp;&nbsp;&nbsp;&nbsp;&nbsp;&nbsp;&nbsp; N\u00f3s n\u00e3o somos os primeiros povos a serem separados dos outros, que viveram no Exilio. Crist\u00e3os no Jap\u00e3o por 250 anos ap\u00f3s S\u00e3o Francisco Xavier viveram sem Missa, sem Padres. Veja hoje na China e em tantos lugares no Oriente M\u00e9dio e \u00cdndia, vivendo em ex\u00edlio, sem local para louvar e adorar o Senhor. Contudo quando os localizamos eles professam exatamente porque s\u00e3o Cat\u00f3licos mesmo arriscando suas vidas.<\/p>\n<p>&nbsp;&nbsp;&nbsp;&nbsp;&nbsp;&nbsp;&nbsp;&nbsp;&nbsp;&nbsp;&nbsp; Todos os Crist\u00e3os que sobreviveram nas persegui\u00e7\u00f5es, professando o Amor a Jesus para n\u00f3s hoje, \u00e9 o exemplo de como nossa F\u00e9 precisa desta Raz\u00e3o, que se torna mais importante do que doen\u00e7a, pol\u00edtica ou persegui\u00e7\u00e3o. Quem realmente encontrou Jesus, n\u00e3o tem medo mais da morte, e vive um Amor que ningu\u00e9m no mundo pode dar.<\/p>\n<p>&nbsp;&nbsp;&nbsp;&nbsp;&nbsp;&nbsp;&nbsp;&nbsp;&nbsp;&nbsp;&nbsp; <strong>Finalmente que a li\u00e7\u00e3o do ser obrigado a ficar em isolamento traga a todos o Verdadeiro Sentido da LIBERDADE que deve ser defendida custe o que custar<\/strong>. Jesus sempre nos deu liberdade at\u00e9 para errarmos , mas para termos a certeza de que Ele sempre nos espera em seus bra\u00e7os para o Recome\u00e7o!<\/p>\n<p>&nbsp;&nbsp;&nbsp;&nbsp;&nbsp;&nbsp;&nbsp;&nbsp;&nbsp;&nbsp;&nbsp;<\/p>\n<p><strong><em>&nbsp;&nbsp;&nbsp;&nbsp;&nbsp;&nbsp;&nbsp;&nbsp;&nbsp;&nbsp;&nbsp; <\/em><\/strong>Ora\u00e7\u00e3o: Abb\u00e1 Pai. Preciso de Ti, quero caminhar contigo e n\u00e3o mais andar sozinho, Eu preciso de Ti. Por isso Senhor venha sobre cada um de n\u00f3s, retira-nos desta Babil\u00f4nia da indiferen\u00e7a que temos vivido, desta ignor\u00e2ncia ao Seu Chamado, restaura em cada cora\u00e7\u00e3o o desejo de voltar a Jerusal\u00e9m Celeste que \u00e9 a Igreja Santa a qual ardemos o nosso peito ao entrar, de portas abertas como o Seu Sagrado Cora\u00e7\u00e3o, para nos consolar, para nos Curar e para nos Libertar das falsas idolatrias. &nbsp;&nbsp;Batiza-me com Seu Santo Esp\u00edrito, fa\u00e7a-se em mim nova todas as coisas. Derrama sobre n\u00f3s a Sua Infinita Miseric\u00f3rdia! Am\u00e9m.<\/p>\n<p>&nbsp;&nbsp;&nbsp;&nbsp;&nbsp;&nbsp;&nbsp;&nbsp;&nbsp;&nbsp;&nbsp;<\/p>\n<p>&nbsp;<\/p>\n<p>&nbsp;&nbsp;&nbsp;&nbsp;&nbsp;&nbsp;&nbsp;&nbsp;&nbsp;&nbsp;&nbsp;<\/p>\n<p>&nbsp;<\/p>\n<p>&nbsp;<\/p>\n<p>&nbsp;&nbsp;&nbsp;&nbsp;&nbsp;&nbsp;&nbsp;&nbsp;&nbsp;&nbsp;&nbsp;<\/p>\n<p>&nbsp;<\/p>\n","protected":false},"excerpt":{"rendered":"<p>Como num exilio, queremos ou n\u00e3o voltar da Babilonia <a href=\"https:\/\/blog.cancaonova.com\/drnasser\/2020\/05\/17\/como-de-um-exilio-queremos-ou-nao-voltar\/\">Continue lendo <span class=\"meta-nav\">&rarr;<\/span><\/a><\/p>\n","protected":false},"author":2501,"featured_media":0,"comment_status":"open","ping_status":"open","sticky":false,"template":"","format":"standard","meta":{"_mi_skip_tracking":false,"_monsterinsights_sitenote_active":false,"_monsterinsights_sitenote_note":"","_monsterinsights_sitenote_category":0,"footnotes":""},"categories":[10601],"tags":[112505,189860,5011,201587,2551,80076,200620,184257,201747],"_links":{"self":[{"href":"https:\/\/blog.cancaonova.com\/drnasser\/wp-json\/wp\/v2\/posts\/1612"}],"collection":[{"href":"https:\/\/blog.cancaonova.com\/drnasser\/wp-json\/wp\/v2\/posts"}],"about":[{"href":"https:\/\/blog.cancaonova.com\/drnasser\/wp-json\/wp\/v2\/types\/post"}],"author":[{"embeddable":true,"href":"https:\/\/blog.cancaonova.com\/drnasser\/wp-json\/wp\/v2\/users\/2501"}],"replies":[{"embeddable":true,"href":"https:\/\/blog.cancaonova.com\/drnasser\/wp-json\/wp\/v2\/comments?post=1612"}],"version-history":[{"count":1,"href":"https:\/\/blog.cancaonova.com\/drnasser\/wp-json\/wp\/v2\/posts\/1612\/revisions"}],"predecessor-version":[{"id":1613,"href":"https:\/\/blog.cancaonova.com\/drnasser\/wp-json\/wp\/v2\/posts\/1612\/revisions\/1613"}],"wp:attachment":[{"href":"https:\/\/blog.cancaonova.com\/drnasser\/wp-json\/wp\/v2\/media?parent=1612"}],"wp:term":[{"taxonomy":"category","embeddable":true,"href":"https:\/\/blog.cancaonova.com\/drnasser\/wp-json\/wp\/v2\/categories?post=1612"},{"taxonomy":"post_tag","embeddable":true,"href":"https:\/\/blog.cancaonova.com\/drnasser\/wp-json\/wp\/v2\/tags?post=1612"}],"curies":[{"name":"wp","href":"https:\/\/api.w.org\/{rel}","templated":true}]}}