{"id":545,"date":"2009-05-04T15:28:27","date_gmt":"2009-05-04T17:28:27","guid":{"rendered":"http:\/\/blog.cancaonova.com\/drnasser\/?p=545"},"modified":"2009-05-04T15:28:27","modified_gmt":"2009-05-04T17:28:27","slug":"paulo-e-barnabe","status":"publish","type":"post","link":"https:\/\/blog.cancaonova.com\/drnasser\/2009\/05\/04\/paulo-e-barnabe\/","title":{"rendered":"Paulo e Barnab\u00e9"},"content":{"rendered":"<div><span style=\"font-size: x-small;color: #800000;font-family: Arial\"><strong><a href=\"http:\/\/blog.cancaonova.com\/drnasser\/files\/2009\/05\/dr-nasser-e-guidoblog.jpg\"><img loading=\"lazy\" decoding=\"async\" class=\"alignnone size-medium wp-image-546\" src=\"http:\/\/blog.cancaonova.com\/drnasser\/files\/2009\/05\/dr-nasser-e-guidoblog-225x300.jpg\" alt=\"\" width=\"225\" height=\"300\" \/><\/a><\/strong><\/span><\/div>\n<div><span style=\"font-size: x-small;color: #800000;font-family: Arial\"><strong><\/strong><\/span><\/div>\n<div><span style=\"font-size: x-small;color: #800000;font-family: Arial\"><strong><\/strong><\/span><\/div>\n<div><span style=\"font-size: x-small;color: #800000;font-family: Arial\"><strong><\/strong><\/span><\/div>\n<div><span style=\"font-size: x-small;color: #800000;font-family: Arial\"><strong>Hino das Laudes do Tempo Pascal:<\/strong><\/span><\/div>\n<div><span style=\"font-size: x-small;color: #800000;font-family: Arial\"><strong><\/strong><\/span>\u00a0<\/div>\n<div><span style=\"font-size: x-small;color: #800000;font-family: Arial\"><strong><\/strong><\/span>\u00a0<\/div>\n<div><span style=\"font-size: x-small;color: #800000;font-family: Arial\"><strong>Desdobra-se no c\u00e9u<\/strong><\/span><\/div>\n<div><span style=\"font-size: x-small;color: #800000;font-family: Arial\"><strong>a rutilante aurora.<\/strong><\/span><\/div>\n<div><span style=\"font-size: x-small;color: #800000;font-family: Arial\"><strong>Alegre, exulta o mundo;<\/strong><\/span><\/div>\n<div><span style=\"font-size: x-small;color: #800000;font-family: Arial\"><strong>gemendo, o inferno chora.<\/strong><\/span><\/div>\n<div><span style=\"font-size: x-small;color: #800000;font-family: Arial\"><strong><\/strong><\/span>\u00a0<\/div>\n<div><span style=\"font-size: x-small;color: #800000;font-family: Arial\"><strong>Pois eis que o Rei, descido<\/strong><\/span><\/div>\n<div><span style=\"font-size: x-small;color: #800000;font-family: Arial\"><strong>\u00e0 regi\u00e3o da morte,<\/strong><\/span><\/div>\n<div><span style=\"font-size: x-small;color: #800000;font-family: Arial\"><strong>aqueles que o esperavam<\/strong><\/span><\/div>\n<div><span style=\"font-size: x-small;color: #800000;font-family: Arial\"><strong>conduz \u00e0 nova sorte.<\/strong><\/span><\/div>\n<div><span style=\"font-size: x-small;color: #800000;font-family: Arial\"><strong>Por sob a pedra posto,<\/strong><\/span><\/div>\n<div><span style=\"font-size: x-small;color: #800000;font-family: Arial\"><strong>por guardas vigiado,<\/strong><\/span><\/div>\n<div><span style=\"font-size: x-small;color: #800000;font-family: Arial\"><strong>sepulta a pr\u00f3pria morte<\/strong><\/span><\/div>\n<div><span style=\"font-size: x-small;color: #800000;font-family: Arial\"><strong>Jesus Ressuscitado.<\/strong><\/span><\/div>\n<div><span style=\"font-size: x-small;color: #800000;font-family: Arial\"><strong><\/strong><\/span>\u00a0<\/div>\n<div><span style=\"font-size: x-small;color: #800000;font-family: Arial\"><strong>Da regi\u00e3o da morte<\/strong><\/span><\/div>\n<div><span style=\"font-size: x-small;color: #800000;font-family: Arial\"><strong>cesse o clamor ingente:<\/strong><\/span><\/div>\n<div><span style=\"font-size: x-small;color: #800000;font-family: Arial\"><strong>&#8221; Ressuscitou!&#8221; exclama<\/strong><\/span><\/div>\n<div><span style=\"font-size: x-small;color: #800000;font-family: Arial\"><strong>O Anjo refulgente.<\/strong><\/span><\/div>\n<div><span style=\"font-size: x-small;color: #800000;font-family: Arial\"><strong><\/strong><\/span>\u00a0<\/div>\n<div><span style=\"font-size: x-small;color: #800000;font-family: Arial\"><strong>Jesus perene P\u00e1scoa,<\/strong><\/span><\/div>\n<div><span style=\"font-size: x-small;color: #800000;font-family: Arial\"><strong>a todos alegrai-nos. <\/strong><\/span><\/div>\n<div><span style=\"font-size: x-small;color: #800000;font-family: Arial\"><strong>Nascidos para a vida,<\/strong><\/span><\/div>\n<div><span style=\"font-size: x-small;color: #800000;font-family: Arial\"><strong>da morte libertai-nos.<\/strong><\/span><\/div>\n<div><span style=\"font-size: x-small;color: #800000;font-family: Arial\"><strong><\/strong><\/span>\u00a0<\/div>\n<div><span style=\"font-size: x-small;color: #800000;font-family: Arial\"><strong>Louvor ao que da morte<\/strong><\/span><\/div>\n<div><span style=\"font-size: x-small;color: #800000;font-family: Arial\"><strong>ressuscitado vem,<\/strong><\/span><\/div>\n<div><span style=\"font-size: x-small;color: #800000;font-family: Arial\"><strong>ao Pai e ao Par\u00e1clito<\/strong><\/span><\/div>\n<div><span style=\"font-size: x-small;color: #800000;font-family: Arial\"><strong>eternamente. Am\u00e9m.<\/strong><\/span><\/div>\n<div><strong><\/strong>\u00a0<\/div>\n<div><strong><\/strong>\u00a0<\/div>\n<div><strong><span style=\"font-size: x-small;color: #800000;font-family: Arial\">Ao meu irm\u00e3o Guido ( irm\u00e3o Paulo ) &#8230;Primeiro domingo sem voc\u00ea:<\/span><\/strong><\/div>\n<div><strong><span style=\"font-size: x-small;color: #800000;font-family: Arial\">Sauda\u00e7\u00f5es aqui da terra. Ao iniciar minha Liturgia das Horas hoje senti uma alegria imensa em meu cora\u00e7\u00e3o, lembrei-me da can\u00e7\u00e3o : Eu queria poder dizer, em palavras o que sinto agora&#8230;Quando colocamos palavras sobre o que sentimos muitas vezes vemos o que em Psicologia chamamos de perda de sentido, e eu n\u00e3o queria perder o sentido daquela profunda alegria que brotou do meu cora\u00e7\u00e3o e com o cora\u00e7\u00e3o ardendo rasbiquei estas palavras, para que voc\u00ea saiba que seu sangue n\u00e3o ser\u00e1 em v\u00e3o! Este hino representa o significado da sua Ressurrei\u00e7\u00e3o que eu proclamo em nome de Jesus! E tamb\u00e9m declaro aqui a minha, embora ainda esteja vivo, morri neste fim de semana contigo. Jesus que pregamos nos d\u00e1 autoridade de tomar posse desta palavra Atos 10 40-43. E tamb\u00e9m te homenagear com este salmo: N\u00e3o morrerei , mas, ao contr\u00e1rio viverei para cantar as grandes obras do Senhor, Aleluia!!!! Tamb\u00e9m com a m\u00fasica que me veio ao cora\u00e7\u00e3o&#8230;da \u00faltima Jornada para Juventude em Sidney&#8230;RECEIVE THE POWER OF THE HOLY SPIRIT&#8230;<\/span><\/strong><\/div>\n<div><strong><\/strong>\u00a0<\/div>\n<div><strong><\/strong>\u00a0<\/div>\n<div>\u00a0<\/div>\n<div><span style=\"color: #0000ff;font-family: Arial\"><strong>A Medicina do corpo e da alma nos chamou&#8230; assim fomos chamados por Jesus e capacitados: Paulo ( Guido) e Barnab\u00e9 ( Nasser)&#8230;<\/strong><\/span><\/div>\n<div><span style=\"color: #0000ff;font-family: Arial\"><strong>\u00a0\u00a0\u00a0 Viemos de realidades diferentes, eu m\u00e9dico, \u00a0casado com filhos, Guido m\u00e9dico mas no caminho do Sacerd\u00f3cio. Faz\u00edamos coisas iguais em ambientes diferentes. Conduz\u00edamos grupos de ora\u00e7\u00e3o, or\u00e1vamos pelos doentes, t\u00ednhamos um vida de ora\u00e7\u00e3o, conhec\u00edamos pessoas em comum, \u00e9ramos ligados \u00e0 Can\u00e7\u00e3o Nova.<\/strong><\/span><\/div>\n<div><span style=\"color: #0000ff;font-family: Arial\"><strong>\u00a0\u00a0\u00a0 \u00a0Atrav\u00e9s de uma amiga em comum, nos encontramos a primeira vez em uma Missa na Santa Casa de Miseric\u00f3rdia celebrada pelo Cardeal. A partir deste dia nos tornamos Paulo e Barnab\u00e9&#8230;Segu\u00edamos juntos os caminhos da f\u00e9 e do apostolado, com os irm\u00e3os de rua de Madre Teresa\u00a0 de Calcut\u00e1 e da Toca de Assis. Com os grupos de ora\u00e7\u00e3o da Can\u00e7\u00e3o Nova e outros tantos do Rio at\u00e9 o Ruah, na Igreja de Santa Margarida Maria. Quando a Miss\u00e3o era do Fogo \u00edamos em profundo estado de ora\u00e7\u00e3o&#8230;Viv\u00edamos o Evangelho, Proclam\u00e1vamos a Palavra, expuls\u00e1vamos os dem\u00f4nios, cur\u00e1vamos os enfermos!!! Foram muitas miss\u00f5es, Retiros de Profissionais de S\u00e1ude, Ter\u00e7os meditados, Exerc\u00edcios do Sil\u00eancio. Trabalhando\u00a0pesado nos \u00a0Acampamentos na Can\u00e7\u00e3o Nova com Felipe Madre, Father john Baptist, Padre Manoel Sabino, Padre Jonas,\u00a0 mas o mais radical e trabalhoso Padre Rufus Pereira&#8230;Guido tinha muita pressa com as almas, talvez j\u00e1 soubesse que seu tempo era muito curto&#8230;<\/strong><\/span><\/div>\n<div><span style=\"color: #0000ff;font-family: Arial\"><strong>Testemunhos aos montes,\u00a0 convers\u00f5es maravilhosas, vida austera de ora\u00e7\u00e3o&#8230;N\u00e3o d\u00e1 para encarar as feras do mundo de m\u00e3os vazias. Carreg\u00e1vamos artilharia pesada atrav\u00e9s dos jejuns, penit\u00eancias e muita mas muita ora\u00e7\u00e3o&#8230;Aprendi a viver com a Liturgia das Horas, ter vida de Missa di\u00e1ria, Ros\u00e1rio de S\u00e3o Miguel, Of\u00edcio da Imaculada e o Santo Ros\u00e1rio e\u00a0 recentemente o Ter\u00e7o da Miseric\u00f3rdia\u00a0quando eu me adoeci, que por gra\u00e7a tem\u00a0sido\u00a0\u00a0uma ben\u00e7\u00e3o que caiu do c\u00e9u para mim e os meus&#8230;.<\/strong><\/span><\/div>\n<div><span style=\"color: #0000ff;font-family: Arial\"><strong>\u00a0\u00a0\u00a0 Fui provado na carne, Jesus me olhou enquanto o Guido intercedia, mas escolheu a ele. Jesus me disse: &#8211; \u00a0Eu o quero um pouco mais com as minhas ovelhas&#8230;Desde l\u00e1 para c\u00e1 estivemos nos falando bastante e em algumas miss\u00f5es, onde j\u00e1 n\u00e3o se via mais nada a n\u00e3o ser uma vida Cristificada exercendo milagres e prod\u00edgios&#8230;Quantos religiosos n\u00f3s atendemos, at\u00e9 na Quinta Santa dia do Padre oramos por muitos na Catedral, e sempre eu precisando ir para outro lugar e o Irm\u00e3o Paulo a me solicitar um pouco mais do meu tempo, e com alegria celebr\u00e1vamos as maravilhas do Senhor&#8230;<\/strong><\/span><\/div>\n<div><span style=\"color: #0000ff;font-family: Arial\"><strong>Ao entrar na Missa do Padre Geovane na Mar\u00e9,\u00a0celebrando seu\u00a0anivers\u00e1rio sacerdotal, me deparei com a not\u00edcia de que\u00a0o Guido havia ido para Jesus!!! Arrebatado, do jeito que ele pediu: No mar! Como Elias, sendo arrebatado em carroagens de fogo ao c\u00e9u&#8230;S\u00f3 \u00a0me deu tempo de\u00a0gritar como Eliseu: Me jogue a sua T\u00fanica de Poder&#8230;a dose maior do Esp\u00edrito Santo de Deus para que eu seja ainda mais um servo do Pai&#8230;E ao entrar na Missa na Mar\u00e9, que o nosso atual Arcebispo\u00a0Dom ORIANE celebrou , via o Guido a me\u00a0dizer: Barnab\u00e9 toca mais, toque com Poder, precisamos elevar todas estas almas para Jesus&#8230;e foi assim que o homenagiei, fazendo o que mais ele gostava de fazer comigo, evangelizar e curar os enfermos&#8230;Ser Jesus para suas ovelhas&#8230;o Bom Pastor!<\/strong><\/span><\/div>\n<div><span style=\"color: #0000ff;font-family: Arial\"><strong>Fui ao Louren\u00e7o Jorge e vi o corpo mas antes vi sua alma subindo ao C\u00e9u!!!<\/strong><\/span><\/div>\n<div><span style=\"color: #0000ff;font-family: Arial\"><strong>Em toda a Missa de Corpo Presente n\u00e3o estava ali, mas com Ele junto ao trono do Pai, ouvindo suas instru\u00e7\u00f5es&#8230;e esta noite n\u00e3o dormi um s\u00f3 segundo pois o Guido n\u00e3o parava de falar o que Jesus quer realizar pela sua morte junto aos seus queridos&#8230;Escrevo estas linhas em homenagem ao meu irm\u00e3o menor em idade mas maior em Sabedoria, ao m\u00e9dico de homens e de almas que para sempre ser\u00e1 o meu Irm\u00e3o Paulo, e certamente n\u00e3o sou mais eu que escrevo e sim os anjos pois ap\u00f3s conhecer o Guido eu n\u00e3o viveria mais sem ver o C\u00e9u aqui na Terra e seus Anjos e nossa M\u00e3e Pur\u00edssima a nos conduzir ao Filho Jesus de Nazar\u00e9!!!!\u00a0 E o Guido tamb\u00e9m era de sua m\u00e3e Nazareth!!! seu sobrenome quer dizer Pastor, e para mim e a voc\u00eas todos jamais sejam os mesmos desde este dia, pois o Guido nos ensinou a Amar a Deus sobre todas as coisas, e Amar os menores como aos mais queridos&#8230;O Evangelho de Jesus Cristo vivenciado no meio deste mundo perto de seu fim!!!!<\/strong><\/span><\/div>\n<div><span style=\"color: #0000ff;font-family: Arial\"><strong><\/strong><\/span>\u00a0<\/div>\n<div><span style=\"color: #0000ff;font-family: Arial\"><strong>A minha mensagem para voc\u00ea Guido \u00e9 : O que vamos fazer juntos hoje??? Amo voc\u00ea meu irm\u00e3o pois descobri que com sua ida ao C\u00e9u o C\u00e9u ficou mais perto de mim!!!Aleluiaaa&#8230;..Colosssenses 3 \u00e9 a sua cara!<\/strong><\/span><\/div>\n<div><span style=\"color: #0000ff;font-family: Arial\"><strong><\/strong><\/span>\u00a0<\/div>\n<div><span style=\"color: #0000ff;font-family: Arial\"><strong>\u00a0Do seu Irm\u00e3o Barnab\u00e9 ( o filho da miseric\u00f3rdia )<\/strong><\/span><\/div>\n","protected":false},"excerpt":{"rendered":"<p>Hino das Laudes do Tempo Pascal: \u00a0 \u00a0 Desdobra-se no c\u00e9u a rutilante aurora. Alegre, exulta o mundo; gemendo, o inferno chora. \u00a0 Pois eis que o Rei, descido \u00e0 regi\u00e3o da morte, aqueles que o esperavam conduz \u00e0 nova&#8230;<\/p>\n","protected":false},"author":2501,"featured_media":0,"comment_status":"open","ping_status":"open","sticky":false,"template":"","format":"standard","meta":{"_mi_skip_tracking":false,"_monsterinsights_sitenote_active":false,"_monsterinsights_sitenote_note":"","_monsterinsights_sitenote_category":0,"footnotes":""},"categories":[10601],"tags":[5011,7671,3871,18705,18703,18702,18701,18704],"_links":{"self":[{"href":"https:\/\/blog.cancaonova.com\/drnasser\/wp-json\/wp\/v2\/posts\/545"}],"collection":[{"href":"https:\/\/blog.cancaonova.com\/drnasser\/wp-json\/wp\/v2\/posts"}],"about":[{"href":"https:\/\/blog.cancaonova.com\/drnasser\/wp-json\/wp\/v2\/types\/post"}],"author":[{"embeddable":true,"href":"https:\/\/blog.cancaonova.com\/drnasser\/wp-json\/wp\/v2\/users\/2501"}],"replies":[{"embeddable":true,"href":"https:\/\/blog.cancaonova.com\/drnasser\/wp-json\/wp\/v2\/comments?post=545"}],"version-history":[{"count":2,"href":"https:\/\/blog.cancaonova.com\/drnasser\/wp-json\/wp\/v2\/posts\/545\/revisions"}],"predecessor-version":[{"id":887,"href":"https:\/\/blog.cancaonova.com\/drnasser\/wp-json\/wp\/v2\/posts\/545\/revisions\/887"}],"wp:attachment":[{"href":"https:\/\/blog.cancaonova.com\/drnasser\/wp-json\/wp\/v2\/media?parent=545"}],"wp:term":[{"taxonomy":"category","embeddable":true,"href":"https:\/\/blog.cancaonova.com\/drnasser\/wp-json\/wp\/v2\/categories?post=545"},{"taxonomy":"post_tag","embeddable":true,"href":"https:\/\/blog.cancaonova.com\/drnasser\/wp-json\/wp\/v2\/tags?post=545"}],"curies":[{"name":"wp","href":"https:\/\/api.w.org\/{rel}","templated":true}]}}